{"id":26488,"date":"2021-06-25T10:41:17","date_gmt":"2021-06-25T16:41:17","guid":{"rendered":"http:\/\/bambapolitica.com.mx\/?p=26488"},"modified":"2021-06-25T10:41:19","modified_gmt":"2021-06-25T16:41:19","slug":"sale-mas-caro-sacar-tu-auto-del-corralon-que-comprar-otro-vehiculo-ofecco","status":"publish","type":"post","link":"https:\/\/bambapolitica.com.mx\/index.php\/2021\/06\/25\/sale-mas-caro-sacar-tu-auto-del-corralon-que-comprar-otro-vehiculo-ofecco\/","title":{"rendered":"Sale m\u00e1s caro sacar tu auto del corral\u00f3n que comprar otro veh\u00edculo: Ofecco"},"content":{"rendered":"\n<p class=\"has-medium-font-size\">Debido a la pandemia los tr\u00e1mites de liberaci\u00f3n fueron retrasados y ahora -tras un a\u00f1o en resguardo- el costo aument\u00f3 excesivamente: Mauro Juan Granja.<\/p>\n\n\n\n<p class=\"has-medium-font-size\">El Observatorio Federal Ciudadano Contra la Corrupci\u00f3n AC (Ofecco), hizo un llamado a la Fiscal\u00eda de Justicia estatal para que se practiquen las diligencias de autos accidentados que fueron llevados a corralones, donde han permanecido m\u00e1s de un a\u00f1o y pierden sus veh\u00edculos porque los cobros por el \u201cresguardo\u201d son m\u00e1s altos que el costo de los autos. Mauro Juan Granja Jim\u00e9nez, presidente del Ofecco, explic\u00f3 que cuando hay un accidente vial grave los veh\u00edculos involucrados se retienen y son enviados al corral\u00f3n, en tanto que las autoridades de justicia realizan los peritajes para determinar responsabilidades. <\/p>\n\n\n\n<p class=\"has-medium-font-size\">Indic\u00f3 que debido a la pandemia hubo retraso y dilaci\u00f3n de tr\u00e1mites para la liberaci\u00f3n, sin embargo \u201cla problem\u00e1tica fundamental es que al transcurrir m\u00e1s de un a\u00f1o en los corralones se acumula una cantidad por pagar, que en algunos casos supera el valor de los autom\u00f3viles retenidos y los propietarios, al no poder cubrir ese dinero, los pierden\u201d.<\/p>\n\n\n\n<p class=\"has-medium-font-size\">Para ejemplificar\u2026<\/p>\n\n\n\n<p class=\"has-medium-font-size\">Expuso el caso de un taquero, que su autom\u00f3vil estaba estacionado y lo chocaron, \u201cse lo llevaron al corral\u00f3n\u2026 el accidente fue el 23 de marzo del a\u00f1o 2020, el auto lleva m\u00e1s de un a\u00f1o y ahora le quieren cobrar 95 mil pesos por liberarlo, es un autom\u00f3vil modesto, le era \u00fatil para el traslado de su materia prima y pr\u00e1cticamente ya perdi\u00f3 su coche, no puede pagar y tampoco comprar otro veh\u00edculo\u201d.<\/p>\n\n\n\n<p class=\"has-medium-font-size\">Granja Jim\u00e9nez hizo un respetuoso exhorto al fiscal, Alejandro G\u00f3mez S\u00e1nchez, para que gire instrucci\u00f3n a quienes corresponda a fin de agilizar los tr\u00e1mites y que se respete el derecho ciudadano a una atenci\u00f3n pronta, gratuita y expedita.<\/p>\n","protected":false},"excerpt":{"rendered":"<p>Debido a la pandemia los tr\u00e1mites de liberaci\u00f3n fueron retrasados y ahora -tras un a\u00f1o&#8230;<\/p>\n","protected":false},"author":4,"featured_media":0,"comment_status":"closed","ping_status":"closed","sticky":false,"template":"","format":"standard","meta":{"footnotes":""},"categories":[4],"tags":[],"class_list":["post-26488","post","type-post","status-publish","format-standard","hentry","category-noticias-del-dia"],"_links":{"self":[{"href":"https:\/\/bambapolitica.com.mx\/index.php\/wp-json\/wp\/v2\/posts\/26488","targetHints":{"allow":["GET"]}}],"collection":[{"href":"https:\/\/bambapolitica.com.mx\/index.php\/wp-json\/wp\/v2\/posts"}],"about":[{"href":"https:\/\/bambapolitica.com.mx\/index.php\/wp-json\/wp\/v2\/types\/post"}],"author":[{"embeddable":true,"href":"https:\/\/bambapolitica.com.mx\/index.php\/wp-json\/wp\/v2\/users\/4"}],"replies":[{"embeddable":true,"href":"https:\/\/bambapolitica.com.mx\/index.php\/wp-json\/wp\/v2\/comments?post=26488"}],"version-history":[{"count":1,"href":"https:\/\/bambapolitica.com.mx\/index.php\/wp-json\/wp\/v2\/posts\/26488\/revisions"}],"predecessor-version":[{"id":26494,"href":"https:\/\/bambapolitica.com.mx\/index.php\/wp-json\/wp\/v2\/posts\/26488\/revisions\/26494"}],"wp:attachment":[{"href":"https:\/\/bambapolitica.com.mx\/index.php\/wp-json\/wp\/v2\/media?parent=26488"}],"wp:term":[{"taxonomy":"category","embeddable":true,"href":"https:\/\/bambapolitica.com.mx\/index.php\/wp-json\/wp\/v2\/categories?post=26488"},{"taxonomy":"post_tag","embeddable":true,"href":"https:\/\/bambapolitica.com.mx\/index.php\/wp-json\/wp\/v2\/tags?post=26488"}],"curies":[{"name":"wp","href":"https:\/\/api.w.org\/{rel}","templated":true}]}}