{"id":26495,"date":"2021-06-25T12:04:34","date_gmt":"2021-06-25T18:04:34","guid":{"rendered":"http:\/\/bambapolitica.com.mx\/?p=26495"},"modified":"2021-06-25T12:04:36","modified_gmt":"2021-06-25T18:04:36","slug":"exhibe-museo-de-arte-moderno-obras-de-rufino-tamayo","status":"publish","type":"post","link":"https:\/\/bambapolitica.com.mx\/index.php\/2021\/06\/25\/exhibe-museo-de-arte-moderno-obras-de-rufino-tamayo\/","title":{"rendered":"Exhibe museo de arte moderno obras de &#8220;Rufino tamayo&#8221;"},"content":{"rendered":"\n<p class=\"has-medium-font-size\">\u2022 Corresponden a las primeras etapas del pintor mexicano y se encuentran ubicadas en la Sala Resurgimiento de la Modernidad.<br>\u2022 Pueden visitar el museo y conocer estas piezas, bajo las m\u00e1s estrictas medidas de seguridad e higiene.<\/p>\n\n\n\n<p class=\"has-medium-font-size\">TOLUCA, #EDOMEX, a 25 de junio de 2021.<\/p>\n\n\n\n<p class=\"has-medium-font-size\">En el marco de la conmemoraci\u00f3n del fallecimiento del pintor oaxaque\u00f1o Rufino Tamayo, el pasado 24 de junio, la Secretar\u00eda de Cultura y Turismo invita al p\u00fablico a conocer algunas de sus obras que son resguardadas por el Museo de Arte Moderno (MAM) de la entidad.<\/p>\n\n\n\n<p class=\"has-medium-font-size\">Ubicado en el Centro Cultural Mexiquense, este Museo ofrece \u201cNuevos Di\u00e1logos\u201d, concepto que invita a apreciar la pl\u00e1stica, ya sea mediante el acervo de las salas permanentes o a trav\u00e9s de la exposici\u00f3n temporal en turno.<\/p>\n\n\n\n<p class=\"has-medium-font-size\">Para recordar a este gran pintor mexicano, Thelma Morales, Directora del recinto, refiri\u00f3 que en la Sala Resurgimiento de la Modernidad, que muestra el arte de la primera mitad del siglo XX en M\u00e9xico, se exhiben dos piezas de este pintor oaxaque\u00f1o.<\/p>\n\n\n\n<blockquote class=\"twitter-tweet\"><p lang=\"es\" dir=\"ltr\">.<a href=\"https:\/\/twitter.com\/ModernoEdomex?ref_src=twsrc%5Etfw\">@ModernoEdomex<\/a> exhibe obras de Rufino Tamayo.<br><br>?Corresponden a las primeras etapas del pintor mexicano y se encuentran ubicadas en la Sala Resurgimiento de la Modernidad.<br><br>M\u00e1s detalles: <a href=\"https:\/\/t.co\/8GJpBqoc5B\">https:\/\/t.co\/8GJpBqoc5B<\/a> <a href=\"https:\/\/t.co\/aJcWc3AHNh\">pic.twitter.com\/aJcWc3AHNh<\/a><\/p>&mdash; Edom\u00e9x Informa (@edomexinforma_) <a href=\"https:\/\/twitter.com\/edomexinforma_\/status\/1408460358663147520?ref_src=twsrc%5Etfw\">June 25, 2021<\/a><\/blockquote> <script async src=\"https:\/\/platform.twitter.com\/widgets.js\" charset=\"utf-8\"><\/script>\n\n\n\n<p class=\"has-medium-font-size\">\u201cLos artistas aqu\u00ed congregados, impusieron una forma muy distinta a la que se ven\u00eda realizando en la Academia y, entre ellos, est\u00e1 Rufino Tamayo\u201d, record\u00f3.<\/p>\n\n\n\n<p class=\"has-medium-font-size\">Thelma Morales detall\u00f3 que junto con los tres grandes muralistas que conocemos, Diego Rivera, David Alfaro Siqueiros y Jos\u00e9 Clemente Orozco, Tamayo tambi\u00e9n destac\u00f3 dentro del muralismo, pero con distintos tintes a los de este grupo.<\/p>\n\n\n\n<p class=\"has-medium-font-size\">\u201cRufino tambi\u00e9n fue grande, aunque tuvo mucha influencia europea y de ah\u00ed la forma de abordar sus murales; no resaltaba tanto lo mexicano como s\u00ed lo hicieron los tres anteriores, sino que \u00e9l absorbe muchas de sus t\u00e9cnicas de lo que fue el arte precolombino\u201d.<\/p>\n\n\n\n<p class=\"has-medium-font-size\">Accesibles para las y los mexiquenses, dentro de la colecci\u00f3n del MAM del Estado de M\u00e9xico hay dos piezas tempranas de su quehacer art\u00edstico, del a\u00f1o 1924.<\/p>\n\n\n\n<p class=\"has-medium-font-size\">\u201cLa primera llamada \u201cEl baile\u201d, realizada en temple sobre cart\u00f3n, nos hace referencia al m\u00e9todo que impuls\u00f3 en su momento, el artista Adolfo Best Maugard, quien ense\u00f1\u00f3 a sus contempor\u00e1neos, el dibujo naif.<\/p>\n\n\n\n<p class=\"has-medium-font-size\">\u201cVemos claramente una forma escenogr\u00e1fica porque hay que recordar que los artistas de esa \u00e9poca tambi\u00e9n hac\u00edan escenograf\u00edas para teatro y cine; \u00e9sta es una muestra de la pintura realizada bajo la t\u00e9cnica de Maugard.<\/p>\n\n\n\n<p class=\"has-medium-font-size\">\u201cEn el otro cuadro, que no tiene t\u00edtulo, tambi\u00e9n se muestra una escenograf\u00eda con elementos muy barrocos en la arquitectura y se encuentra elaborada bajo la t\u00e9cnica de temple sobre papel\u201d, platic\u00f3 Morales.<\/p>\n\n\n\n<blockquote class=\"twitter-tweet\"><p lang=\"es\" dir=\"ltr\">Rufino Tamayo <a href=\"https:\/\/t.co\/lkpGtOlYsY\">pic.twitter.com\/lkpGtOlYsY<\/a><\/p>&mdash; Arte y m\u00e1s (@Arteymas_) <a href=\"https:\/\/twitter.com\/Arteymas_\/status\/1408048384993280003?ref_src=twsrc%5Etfw\">June 24, 2021<\/a><\/blockquote> <script async src=\"https:\/\/platform.twitter.com\/widgets.js\" charset=\"utf-8\"><\/script>\n\n\n\n<p class=\"has-medium-font-size\">Destac\u00f3 la importancia que tienen estos cuadros como parte de grandes exposiciones nacionales como la del Museo de Arte Moderno Nacional y el Rufino Tamayo, que llev\u00f3 como t\u00edtulo Reconstruyendo a Tamayo.<\/p>\n\n\n\n<p class=\"has-medium-font-size\">Considerado uno de los m\u00e1s renombrados y cotizados artistas en el mundo, \u201cdesde la Secretar\u00eda de Cultura y Turismo del Gobierno del Estado de M\u00e9xico, nos sentimos muy orgullosos de que estas dos piezas formen parte del patrimonio estatal, para el disfrute de las y los mexiquenses\u201d, finaliz\u00f3 Thelma Morales.<\/p>\n\n\n\n<p class=\"has-medium-font-size\">Para la seguridad de las y los visitantes, el Museo de Arte Moderno, ubicado dentro del Centro Cultural Mexiquense, en Toluca, cuenta con todas las medidas de seguridad e higiene, garantizando as\u00ed una estancia y recorrido seguros.<\/p>\n\n\n\n<p class=\"has-medium-font-size\">El MAM abre sus puertas de martes a s\u00e1bado de 10:00 a 18:00 horas, y domingos de 10:00 a 15:00 horas. La entrada es gratuita.<\/p>\n","protected":false},"excerpt":{"rendered":"<p>\u2022 Corresponden a las primeras etapas del pintor mexicano y se encuentran ubicadas en la&#8230;<\/p>\n","protected":false},"author":4,"featured_media":0,"comment_status":"closed","ping_status":"closed","sticky":false,"template":"","format":"standard","meta":{"footnotes":""},"categories":[4],"tags":[],"class_list":["post-26495","post","type-post","status-publish","format-standard","hentry","category-noticias-del-dia"],"_links":{"self":[{"href":"https:\/\/bambapolitica.com.mx\/index.php\/wp-json\/wp\/v2\/posts\/26495","targetHints":{"allow":["GET"]}}],"collection":[{"href":"https:\/\/bambapolitica.com.mx\/index.php\/wp-json\/wp\/v2\/posts"}],"about":[{"href":"https:\/\/bambapolitica.com.mx\/index.php\/wp-json\/wp\/v2\/types\/post"}],"author":[{"embeddable":true,"href":"https:\/\/bambapolitica.com.mx\/index.php\/wp-json\/wp\/v2\/users\/4"}],"replies":[{"embeddable":true,"href":"https:\/\/bambapolitica.com.mx\/index.php\/wp-json\/wp\/v2\/comments?post=26495"}],"version-history":[{"count":1,"href":"https:\/\/bambapolitica.com.mx\/index.php\/wp-json\/wp\/v2\/posts\/26495\/revisions"}],"predecessor-version":[{"id":26497,"href":"https:\/\/bambapolitica.com.mx\/index.php\/wp-json\/wp\/v2\/posts\/26495\/revisions\/26497"}],"wp:attachment":[{"href":"https:\/\/bambapolitica.com.mx\/index.php\/wp-json\/wp\/v2\/media?parent=26495"}],"wp:term":[{"taxonomy":"category","embeddable":true,"href":"https:\/\/bambapolitica.com.mx\/index.php\/wp-json\/wp\/v2\/categories?post=26495"},{"taxonomy":"post_tag","embeddable":true,"href":"https:\/\/bambapolitica.com.mx\/index.php\/wp-json\/wp\/v2\/tags?post=26495"}],"curies":[{"name":"wp","href":"https:\/\/api.w.org\/{rel}","templated":true}]}}