{"id":26498,"date":"2021-06-25T13:55:43","date_gmt":"2021-06-25T19:55:43","guid":{"rendered":"http:\/\/bambapolitica.com.mx\/?p=26498"},"modified":"2021-06-25T13:55:44","modified_gmt":"2021-06-25T19:55:44","slug":"mas-de-300-armas-aseguradas-son-destruidas-en-la-22-zona-militar","status":"publish","type":"post","link":"https:\/\/bambapolitica.com.mx\/index.php\/2021\/06\/25\/mas-de-300-armas-aseguradas-son-destruidas-en-la-22-zona-militar\/","title":{"rendered":"M\u00e1s de 300 armas aseguradas son destruidas en la 22 Zona Militar"},"content":{"rendered":"\n<p class=\"has-medium-font-size\">En total 106 fueron armas largas y 211 cortas, mismas que fueron destruidas por el m\u00e9todo de corte.<\/p>\n\n\n\n<div class=\"wp-block-image\"><figure class=\"aligncenter size-large\"><img decoding=\"async\" src=\"https:\/\/bambapolitica.com.mx\/wp-content\/uploads\/2021\/06\/zona-militar-en-edomex-1024x683.jpeg\" alt=\"\" class=\"wp-image-26500\"\/><\/figure><\/div>\n\n\n\n<p class=\"has-medium-font-size\">Esta ma\u00f1ana autoridades destruyeron m\u00e1s de 300 armas en las instalaciones de la 22 Zona Militar, con sede en el municipio de Santa Mar\u00eda Ray\u00f3n, con el fin de disminuir el uso no legal y trasiego de armamento.<\/p>\n\n\n\n<p class=\"has-medium-font-size\">Del armamento asegurado en los \u00faltimos meses y entregado a la Secretar\u00eda de la Defensa Nacional, 106 fueron armas largas y 211 cortas, mismas que fueron destruidas por el m\u00e9todo de corte, explic\u00f3 el capit\u00e1n seguro de Materiales de Guerra Antonio Parrroqu\u00edn Hern\u00e1ndez. <\/p>\n\n\n\n<p class=\"has-medium-font-size\">&#8220;Tenemos muchos revolvers, pistolas de diversos calibres, rifles, escopetas de todos los calibres, los famosos cuernos de chivo, fusiles AR15&#8221;.<\/p>\n\n\n\n<p class=\"has-medium-font-size\">Explicaron que estas armas fueron aseguradas en decomisos por portaci\u00f3n ilegal o por la comisi\u00f3n de alg\u00fan delito. &#8220;Son decomisados ya sea porque lo portan ilegalmente o porque andan con el arma sin su permiso de portaci\u00f3n, o porque se llev\u00f3 a cabo alg\u00fan delito&#8221;. <\/p>\n\n\n\n<p class=\"has-medium-font-size\">El armamento destruido ser\u00e1 sepultado bajo una base de concreto, o bien, utilizado por artistas para realizar alg\u00fan tipo de pieza.<\/p>\n\n\n\n<p class=\"has-large-font-size\">Estuvieron presentes\u2026<\/p>\n\n\n\n<p class=\"has-medium-font-size\">En este evento estuvieron presentes Jorge Osornio Vel\u00e1zquez, comandante de la 22 Zona Militar; Rodrigo Mart\u00ednez Celis, titular de la Secretar\u00eda de Seguridad del Estado de M\u00e9xico, y Juan Gabriel God\u00ednez Olvera, Inspector de la Guardia Nacional.<\/p>\n","protected":false},"excerpt":{"rendered":"<p>En total 106 fueron armas largas y 211 cortas, mismas que fueron destruidas por el&#8230;<\/p>\n","protected":false},"author":4,"featured_media":0,"comment_status":"closed","ping_status":"closed","sticky":false,"template":"","format":"standard","meta":{"footnotes":""},"categories":[4],"tags":[],"class_list":["post-26498","post","type-post","status-publish","format-standard","hentry","category-noticias-del-dia"],"_links":{"self":[{"href":"https:\/\/bambapolitica.com.mx\/index.php\/wp-json\/wp\/v2\/posts\/26498","targetHints":{"allow":["GET"]}}],"collection":[{"href":"https:\/\/bambapolitica.com.mx\/index.php\/wp-json\/wp\/v2\/posts"}],"about":[{"href":"https:\/\/bambapolitica.com.mx\/index.php\/wp-json\/wp\/v2\/types\/post"}],"author":[{"embeddable":true,"href":"https:\/\/bambapolitica.com.mx\/index.php\/wp-json\/wp\/v2\/users\/4"}],"replies":[{"embeddable":true,"href":"https:\/\/bambapolitica.com.mx\/index.php\/wp-json\/wp\/v2\/comments?post=26498"}],"version-history":[{"count":1,"href":"https:\/\/bambapolitica.com.mx\/index.php\/wp-json\/wp\/v2\/posts\/26498\/revisions"}],"predecessor-version":[{"id":26501,"href":"https:\/\/bambapolitica.com.mx\/index.php\/wp-json\/wp\/v2\/posts\/26498\/revisions\/26501"}],"wp:attachment":[{"href":"https:\/\/bambapolitica.com.mx\/index.php\/wp-json\/wp\/v2\/media?parent=26498"}],"wp:term":[{"taxonomy":"category","embeddable":true,"href":"https:\/\/bambapolitica.com.mx\/index.php\/wp-json\/wp\/v2\/categories?post=26498"},{"taxonomy":"post_tag","embeddable":true,"href":"https:\/\/bambapolitica.com.mx\/index.php\/wp-json\/wp\/v2\/tags?post=26498"}],"curies":[{"name":"wp","href":"https:\/\/api.w.org\/{rel}","templated":true}]}}