{"id":26713,"date":"2021-06-29T09:08:02","date_gmt":"2021-06-29T15:08:02","guid":{"rendered":"http:\/\/bambapolitica.com.mx\/?p=26713"},"modified":"2021-06-29T09:08:03","modified_gmt":"2021-06-29T15:08:03","slug":"detiene-policia-municipal-a-sujeto-que-se-dedicaba-a-robar-vehiculos-con-grua-en-nezahualcoyotl","status":"publish","type":"post","link":"https:\/\/bambapolitica.com.mx\/index.php\/2021\/06\/29\/detiene-policia-municipal-a-sujeto-que-se-dedicaba-a-robar-vehiculos-con-grua-en-nezahualcoyotl\/","title":{"rendered":"Detiene polic\u00eda municipal a sujeto que se dedicaba a robar veh\u00edculos con gr\u00faa en Nezahualc\u00f3yotl"},"content":{"rendered":"\n<p class=\"has-medium-font-size\">Derivado de los constantes patrullajes de elementos de la Polic\u00eda Municipal en calles de Nezahualc\u00f3yotl, fue posible la detenci\u00f3n de un sujeto quien presuntamente se dedicaba al robo de veh\u00edculos en la localidad utilizando una gr\u00faa para cometer el il\u00edcito, as\u00ed lo inform\u00f3 Jorge Amador Amador, titular de la Direcci\u00f3n General de Seguridad Ciudadana.<\/p>\n\n\n\n<p class=\"has-medium-font-size\">El funcionario se\u00f1al\u00f3 que elementos de la Polic\u00eda Vecinal de Proximidad realizaban su patrullaje en calles de la colonia Vicente Villada cuando se percataron de que un autom\u00f3vil Ford Mustang colorrojo era remolcado por una gr\u00faa de color azul, por lo que a fin de verificar la situaci\u00f3n, le marcaron el alto al individuo que la conduc\u00eda.<\/p>\n\n\n\n<p class=\"has-medium-font-size\">Refiri\u00f3 que los oficiales al preguntarle al sujeto por la procedencia del veh\u00edculo que remolcaba, actu\u00f3 con nerviosismo y empez\u00f3 a caer en contradicciones, en ese mismo momento los agentes recibieron un alertamiento de un robo de veh\u00edculo con las caracter\u00edsticas del auto que era remolcado por lo que le efectuaron una revisi\u00f3n preventiva donde le localizaron un cuchillo de 20 cent\u00edmetros de largo.<\/p>\n\n\n\n<p class=\"has-medium-font-size\">Amador Amador asegur\u00f3 que los agentes del orden lograron contactar al propietario del Ford Mustang, quien arrib\u00f3 al lugar donde ten\u00edan retenido al individuo en Avenida Texcoco esquina con calle San Rafael, y el ciudadano confirm\u00f3 que el autom\u00f3vil era de su propiedad y que \u00e9l no hab\u00eda solicitado el servicio de la gr\u00faa.<\/p>\n\n\n\n<p class=\"has-medium-font-size\">Afirm\u00f3 que, ante los hechos, se concret\u00f3 la detenci\u00f3n de quien dijo responder al nombre de Jes\u00fas Antonio \u201cN\u201d y fue trasladado junto con los veh\u00edculos a la Agencia del Ministerio P\u00fablico donde se determinar\u00e1 su situaci\u00f3n jur\u00eddica.<\/p>\n\n\n\n<p class=\"has-medium-font-size\">Finalmente, el titular de la Direcci\u00f3n General de Seguridad Ciudadana Jorge Amador Amador, resalt\u00f3 la pericia de los elementos de la Polic\u00eda Municipal de Nezahualc\u00f3yotl para detectar anomal\u00edas ante situaciones que podr\u00edan parecer cotidianas, gracias a sus constantes capacitaciones y su vocaci\u00f3n de servicio para apoyar la poblaci\u00f3n ante cualquier il\u00edcito.<\/p>\n","protected":false},"excerpt":{"rendered":"<p>Derivado de los constantes patrullajes de elementos de la Polic\u00eda Municipal en calles de Nezahualc\u00f3yotl,&#8230;<\/p>\n","protected":false},"author":4,"featured_media":0,"comment_status":"closed","ping_status":"closed","sticky":false,"template":"","format":"standard","meta":{"footnotes":""},"categories":[4],"tags":[],"class_list":["post-26713","post","type-post","status-publish","format-standard","hentry","category-noticias-del-dia"],"_links":{"self":[{"href":"https:\/\/bambapolitica.com.mx\/index.php\/wp-json\/wp\/v2\/posts\/26713","targetHints":{"allow":["GET"]}}],"collection":[{"href":"https:\/\/bambapolitica.com.mx\/index.php\/wp-json\/wp\/v2\/posts"}],"about":[{"href":"https:\/\/bambapolitica.com.mx\/index.php\/wp-json\/wp\/v2\/types\/post"}],"author":[{"embeddable":true,"href":"https:\/\/bambapolitica.com.mx\/index.php\/wp-json\/wp\/v2\/users\/4"}],"replies":[{"embeddable":true,"href":"https:\/\/bambapolitica.com.mx\/index.php\/wp-json\/wp\/v2\/comments?post=26713"}],"version-history":[{"count":1,"href":"https:\/\/bambapolitica.com.mx\/index.php\/wp-json\/wp\/v2\/posts\/26713\/revisions"}],"predecessor-version":[{"id":26715,"href":"https:\/\/bambapolitica.com.mx\/index.php\/wp-json\/wp\/v2\/posts\/26713\/revisions\/26715"}],"wp:attachment":[{"href":"https:\/\/bambapolitica.com.mx\/index.php\/wp-json\/wp\/v2\/media?parent=26713"}],"wp:term":[{"taxonomy":"category","embeddable":true,"href":"https:\/\/bambapolitica.com.mx\/index.php\/wp-json\/wp\/v2\/categories?post=26713"},{"taxonomy":"post_tag","embeddable":true,"href":"https:\/\/bambapolitica.com.mx\/index.php\/wp-json\/wp\/v2\/tags?post=26713"}],"curies":[{"name":"wp","href":"https:\/\/api.w.org\/{rel}","templated":true}]}}