{"id":26943,"date":"2021-07-02T09:00:42","date_gmt":"2021-07-02T15:00:42","guid":{"rendered":"http:\/\/bambapolitica.com.mx\/?p=26943"},"modified":"2021-07-02T09:00:56","modified_gmt":"2021-07-02T15:00:56","slug":"las-vacunas-cubanas-anticovid-una-esperanza-para-america-latina","status":"publish","type":"post","link":"https:\/\/bambapolitica.com.mx\/index.php\/2021\/07\/02\/las-vacunas-cubanas-anticovid-una-esperanza-para-america-latina\/","title":{"rendered":"Las vacunas cubanas anticovid, una esperanza para Am\u00e9rica Latina"},"content":{"rendered":"\n<p class=\"has-medium-font-size\">Cuba&nbsp;se prepara para dar luz verde en pocos d\u00edas a&nbsp;una de sus vacunas contra el coronavirus, la primera creada en Am\u00e9rica Latina y una esperanza para la regi\u00f3n que enfrenta una nueva ola de la pandemia.<\/p>\n\n\n\n<p class=\"has-medium-font-size\">Abdala, su candidato m\u00e1s avanzado, tiene una eficacia del 92,28%&nbsp;contra el riesgo de contraer covid, seg\u00fan anunciaron con orgullo la semana pasada los cient\u00edficos cubanos.<\/p>\n\n\n\n<p class=\"has-medium-font-size\">Ahora s\u00f3lo falta la autorizaci\u00f3n del uso de emergencia por parte del Centro para el Control Estatal de Medicamentos (Cecmed), que se espera sea inminente.<\/p>\n\n\n\n<p class=\"has-medium-font-size\">Adem\u00e1s de Abdala,&nbsp;Cuba cuenta con otros cuatro candidatos vacunales, entre ellos Soberana 2, cuyos resultados de eficacia parcial son de 62% con dos de las tres dosis, lo que hace que los investigadores conf\u00eden en que la autorizaci\u00f3n ocurra pronto.<\/p>\n\n\n\n<p class=\"has-medium-font-size\">Para un pa\u00eds pobre y con escasez de comida y medicamentos,&nbsp;puede parecer sorprendente ese despliegue de vacunas.<\/p>\n\n\n\n<p class=\"has-medium-font-size\">Pero &#8220;es la confirmaci\u00f3n de esa experiencia que tienen las instituciones cient\u00edficas desarrollando sus vacunas, y esta es una historia de hace 30 a\u00f1os atr\u00e1s&#8221;, dice Jos\u00e9 Moya, representante de la Organizaci\u00f3n Mundial de la Salud (OMS) en Cuba.<\/p>\n\n\n\n<p class=\"has-medium-font-size\">Limitada por el embargo estadounidense, la isla cubre el 80% de su programa de inmunizaci\u00f3n con sus propias vacunas.<\/p>\n\n\n\n<p class=\"has-medium-font-size\">Y &#8220;est\u00e1n siendo utilizadas en 35 pa\u00edses en el mundo&#8221;, dijo Eduardo Mart\u00ednez, presidente del grupo farmac\u00e9utico estatal BioCubaFarma.<\/p>\n\n\n\n<h3 class=\"wp-block-heading\"><strong>&#8211; Casos al alza &#8211;<\/strong><\/h3>\n\n\n\n<p class=\"has-medium-font-size\">Con la luz verde del Cecmed, &#8220;las autoridades cubanas podr\u00e1n disponer ya de una campa\u00f1a de vacunaci\u00f3n contra la covid en todo el territorio nacional&#8221;, explica Jos\u00e9 Moya.<\/p>\n\n\n\n<p class=\"has-medium-font-size\">En realidad, Cuba empez\u00f3 a vacunar a la poblaci\u00f3n desde mayo, en el marco de una intervenci\u00f3n de salud p\u00fablica reservada para las zonas m\u00e1s afectadas, especialmente La Habana.<\/p>\n\n\n\n<p class=\"has-medium-font-size\">Pero, si la cifra de contagios ha bajado en la capital, se ha registrado un aumento alarmante en el resto del pa\u00eds de 11,2 millones de habitantes, con un total de 193.945 casos, sobre todo desde que llegaron las nuevas variantes del virus a la isla.<\/p>\n\n\n\n<p class=\"has-medium-font-size\">La aprobaci\u00f3n de una primera vacuna cubana es tambi\u00e9n bienvenida en la regi\u00f3n, que enfrenta el incremento de casos y una escasez de inmunizantes.<\/p>\n\n\n\n<p class=\"has-medium-font-size\">Brasil alcanz\u00f3 la semana pasada un nuevo r\u00e9cord de contagios (115.228 en 24 horas), luego de que Colombia cruz\u00f3 la barrera de los 100.000 muertos.<\/p>\n\n\n\n<p class=\"has-medium-font-size\">Per\u00fa es el pa\u00eds con la cifra de m\u00e1s muertos en el mundo en relaci\u00f3n a su poblaci\u00f3n.<\/p>\n\n\n\n<p class=\"has-medium-font-size\">&#8220;El problema serio que tenemos y que seguimos teniendo en nuestra regi\u00f3n es precisamente la disponibilidad de vacunas&#8221;, se\u00f1ala Moya. &#8220;Todos nuestros pa\u00edses han empezado a vacunar pero vamos lento&#8221;.<\/p>\n\n\n\n<p class=\"has-medium-font-size\">&#8220;Ha habido dificultades para la distribuci\u00f3n equitativa de las vacunas, que desafortunadamente va a continuar&#8221;, afirma Amilcar P\u00e9rez-Riverol, investigador postdoctoral cubano de la Fundaci\u00f3n Fapesp, de la Universidad Estatal de Sao Paulo (Brasil).<\/p>\n\n\n\n<p class=\"has-medium-font-size\">&#8220;Entonces tenemos pa\u00edses en los cuales cerca del 60% de la poblaci\u00f3n ya tiene el esquema completo de vacunaci\u00f3n, o el 80% tiene al menos una dosis, mientras que tenemos pa\u00edses que menos del 5% ha recibido siquiera una dosis&#8221;.<\/p>\n\n\n\n<h3 class=\"wp-block-heading\"><strong>&#8211; Apetito internacional &#8211;<\/strong><\/h3>\n\n\n\n<p class=\"has-medium-font-size\">Lo importante de las vacunas cubanas, que se basan en una prote\u00edna recombinante, es que &#8220;pueden ser almacenadas de 2 a 8 grados y eso da una ventaja para las condiciones de Am\u00e9rica Latina, que desafortunadamente no tiene las condiciones de alta refrigeraci\u00f3n&#8221; necesarias para otros inmunizantes, subraya el cient\u00edfico, que espera que pronto se publiquen &#8220;la mayor cantidad de datos posibles&#8221; para respaldar las cifras de eficacia anunciadas.<\/p>\n\n\n\n<p class=\"has-medium-font-size\">Incluso antes de su aprobaci\u00f3n est\u00e1n atrayendo el inter\u00e9s internacional:&nbsp;Cuba dice que ya est\u00e1 en contacto con &#8220;m\u00e1s de 30 pa\u00edses&#8221;.<\/p>\n\n\n\n<p class=\"has-medium-font-size\">Los m\u00e1s interesados parecen ser los aliados pol\u00edticos. Ir\u00e1n acaba de aprobar el uso de emergencia de Soberana 2 como vacuna, tras probarla en su territorio. La ministra de salud argentina vino en mayo a la isla; Vietnam y M\u00e9xico han expresado su inter\u00e9s, y Venezuela firm\u00f3 un acuerdo para comprar 12 millones de dosis de Abdala.<\/p>\n\n\n\n<p class=\"has-medium-font-size\">Para estos acuerdos bilaterales no es necesaria la aprobaci\u00f3n de la OMS.<\/p>\n\n\n\n<p class=\"has-medium-font-size\">&#8220;Como siempre, nosotros los cubanos ayudando al pr\u00f3jimo&#8221;, asegura Idalmis del R\u00edo en La Habana, una ama de casa de 52 a\u00f1os que acompa\u00f1a a su madre a vacunarse. &#8220;Cosas que no hacen otros pa\u00edses del mundo que tienen m\u00e1s posibilidades que nosotros&#8221;.<\/p>\n\n\n\n<p class=\"has-medium-font-size\">Ayudar s\u00ed, pero tambi\u00e9n reforzar un poco las arcas del pa\u00eds, que enfrenta su peor crisis econ\u00f3mica en 30 a\u00f1os.<\/p>\n\n\n\n<p class=\"has-medium-font-size\">&#8220;Yo creo que (la venta de vacunas al exterior) es una fuente de ingresos para el pa\u00eds&#8221;, dijo el economista Omar Everleny P\u00e9rez, del centro cristianos de Reflexi\u00f3n y Di\u00e1logo.<\/p>\n\n\n\n<p class=\"has-medium-font-size\">Pero &#8220;la importancia de si es alta o es baja depende de la rapidez con que Cuba logr\u00e9 primero vacunar a toda su gente&#8221;, un objetivo establecido para finales de 2021, antes de empezar la exportaci\u00f3n de dosis.<\/p>\n","protected":false},"excerpt":{"rendered":"<p>Cuba&nbsp;se prepara para dar luz verde en pocos d\u00edas a&nbsp;una de sus vacunas contra el&#8230;<\/p>\n","protected":false},"author":4,"featured_media":26945,"comment_status":"closed","ping_status":"closed","sticky":false,"template":"","format":"standard","meta":{"footnotes":""},"categories":[5],"tags":[],"class_list":["post-26943","post","type-post","status-publish","format-standard","has-post-thumbnail","hentry","category-internacional"],"_links":{"self":[{"href":"https:\/\/bambapolitica.com.mx\/index.php\/wp-json\/wp\/v2\/posts\/26943","targetHints":{"allow":["GET"]}}],"collection":[{"href":"https:\/\/bambapolitica.com.mx\/index.php\/wp-json\/wp\/v2\/posts"}],"about":[{"href":"https:\/\/bambapolitica.com.mx\/index.php\/wp-json\/wp\/v2\/types\/post"}],"author":[{"embeddable":true,"href":"https:\/\/bambapolitica.com.mx\/index.php\/wp-json\/wp\/v2\/users\/4"}],"replies":[{"embeddable":true,"href":"https:\/\/bambapolitica.com.mx\/index.php\/wp-json\/wp\/v2\/comments?post=26943"}],"version-history":[{"count":2,"href":"https:\/\/bambapolitica.com.mx\/index.php\/wp-json\/wp\/v2\/posts\/26943\/revisions"}],"predecessor-version":[{"id":26985,"href":"https:\/\/bambapolitica.com.mx\/index.php\/wp-json\/wp\/v2\/posts\/26943\/revisions\/26985"}],"wp:featuredmedia":[{"embeddable":true,"href":"https:\/\/bambapolitica.com.mx\/index.php\/wp-json\/wp\/v2\/media\/26945"}],"wp:attachment":[{"href":"https:\/\/bambapolitica.com.mx\/index.php\/wp-json\/wp\/v2\/media?parent=26943"}],"wp:term":[{"taxonomy":"category","embeddable":true,"href":"https:\/\/bambapolitica.com.mx\/index.php\/wp-json\/wp\/v2\/categories?post=26943"},{"taxonomy":"post_tag","embeddable":true,"href":"https:\/\/bambapolitica.com.mx\/index.php\/wp-json\/wp\/v2\/tags?post=26943"}],"curies":[{"name":"wp","href":"https:\/\/api.w.org\/{rel}","templated":true}]}}