{"id":26944,"date":"2021-07-02T08:25:49","date_gmt":"2021-07-02T14:25:49","guid":{"rendered":"http:\/\/bambapolitica.com.mx\/?p=26944"},"modified":"2021-07-02T11:47:09","modified_gmt":"2021-07-02T17:47:09","slug":"denuncia-ante-la-cidh-estigmatizacion-contra-la-prensa-defensoras-y-osc-en-administracion-de-amlo","status":"publish","type":"post","link":"https:\/\/bambapolitica.com.mx\/index.php\/2021\/07\/02\/denuncia-ante-la-cidh-estigmatizacion-contra-la-prensa-defensoras-y-osc-en-administracion-de-amlo\/","title":{"rendered":"Denuncia ante la CIDH estigmatizaci\u00f3n contra la prensa, defensoras y OSC en administraci\u00f3n de AMLO"},"content":{"rendered":"\n<p class=\"has-medium-font-size\">CIMACFoto: Gabriela Mendoza V\u00e1zquez.<\/p>\n\n\n\n<p class=\"has-medium-font-size\">Por. Anayeli Garc\u00eda Mart\u00ednez.<\/p>\n\n\n\n<p class=\"has-medium-font-size\">Organizaciones defensoras de la libertad de expresi\u00f3n, personas defensoras de Derechos Humanos y periodistas, denunciaron ante la Comisi\u00f3n Interamericana de Derechos Humanos (CIDH) la constante y creciente estigmatizaci\u00f3n ejercida en su contra por altos funcionarios p\u00fablicos, entre ellos, el presidente de la Rep\u00fablica, Andr\u00e9s Manuel L\u00f3pez Obrador.<\/p>\n\n\n\n<p class=\"has-medium-font-size\">Durante una audiencia virtual que se realiz\u00f3 este 1 de julio, 20 organizaciones nacionales e internacionales expusieron que estigmatizar y atacar a periodistas, defensores y medios de comunicaci\u00f3n, incrementa el riesgo y la vulnerabilidad en la que trabajan, por ello pidieron a la CIDH que exhorte al Ejecutivo Federal a reconocer p\u00fablicamente la importancia de la labor de esta poblaci\u00f3n en el fortalecimiento de la democracia.<\/p>\n\n\n\n<p class=\"has-medium-font-size\">Las organizaciones acusaron que las autoridades han callado ante los ya 20 asesinatos contra periodistas y 4 desapariciones de periodistas ocurridos durante el actual sexenio y ante los 45 asesinatos de personas defensoras, registrados de 2019 a 2020.<\/p>\n\n\n\n<p class=\"has-medium-font-size\">\u201cEstos asesinatos y la violencia contra personas defensoras se agudiza y ocurre dentro de un contexto caracterizado por la inacci\u00f3n del gobierno mexicano\u201d, expuso el representante en M\u00e9xico del Comit\u00e9 para la Protecci\u00f3n de Periodistas (CPJ por sus siglas en ingl\u00e9s), Jan-Albert Hootsen.<\/p>\n\n\n\n<p class=\"has-medium-font-size\">En la audiencia virtual se present\u00f3 un video con declaraciones de Andr\u00e9s Manuel L\u00f3pez Obrador; el gobernador de Puebla, Miguel Barbosa; el secretario de Seguridad P\u00fablica de Guanajuato, \u00c1lvar Cabeza de Vaca; el subsecretario de Salud, Hugo L\u00d3pez Gatell; el gobernador de Nuevo Le\u00f3n, Jaime Rodr\u00edguez Calder\u00f3n, entre otros, quienes han descalificado y criminalizado a periodistas, medios y personas defensoras.<\/p>\n\n\n\n<p class=\"has-medium-font-size\">La directora de Comunicaci\u00f3n e Informaci\u00f3n de la Mujer (CIMAC) la periodista, Luc\u00eda Lagunes Huerta, expuso que en lo que va del gobierno del presidente L\u00f3pez Obrador se han documentado 558 agresiones contra mujeres periodistas, las cuales incluyen actos de estigmatizaci\u00f3n, descr\u00e9dito de su labor y campa\u00f1as de desprestigio implementadas por personas servidoras p\u00fablicas.<\/p>\n\n\n\n<p class=\"has-medium-font-size\">Como ejemplos mencion\u00f3 los casos de Alma Delia Murillo, Maite Azuela, Denisse Dresser y Pamela Cerdeira, quienes tras publicar columnas de opini\u00f3n cr\u00edticas sobre el actuar del gobierno federal, abusos de autoridad, impunidad en el actual proceso electoral, violaciones a Derechos Humanos por parte de la Marina y r\u00e9plicas a personajes p\u00fablicos, recibieron mensajes en sus celulares y en sus perfiles de redes sociales con amenazas de muerte y de violencia sexual.<\/p>\n\n\n\n<p class=\"has-medium-font-size\">Lagunes Huerta destac\u00f3 que la violencia contra las periodistas, sin importar si se se ejerce en l\u00ednea, si se trata de campa\u00f1as de desprestigio o de actos de descr\u00e9dito y criminalizaci\u00f3n, tiene impactos en la vida de las comunicadoras y agudiza los costos laborales, familiares y emocionales y condiciona el ejercicio de su derecho a la libertad de expresi\u00f3n.<\/p>\n\n\n\n<p class=\"has-medium-font-size\">Agreg\u00f3 que en el resto del pa\u00eds funcionarios estatales y municipales replican el discurso presidencial en contra de la prensa. \u201cLos funcionarios hacen uso de la intimidaci\u00f3n al interrumpir de forma abrupta a las periodistas, alzan la voz en tono de rega\u00f1o y cuestionan su capacidad de entendimiento, ridiculizando su labor para colocarlas en el ojo p\u00fablico, poner en duda su credibilidada bas\u00e1ndose en estereotipos de g\u00e9nero para desviar la atenci\u00f3n de la cr\u00edtica que ellas realizan\u201d, abund\u00f3.<\/p>\n\n\n\n<p class=\"has-medium-font-size\">Ante esta situaci\u00f3n, las organizaciones solicitaron a la CIDH que pida al Estado mexicano dise\u00f1ar una pol\u00edtica integral, con enfoque de g\u00e9nero e interseccional para combatir la violencia contra periodistas y personas defensoras de Derechos Humanos, la cual deber\u00e1 adoptar medidas de prevenci\u00f3n.<\/p>\n\n\n\n<p class=\"has-medium-font-size\">En la audiencia, el director de la organizaci\u00f3n Art\u00edculo 19, Leopoldo Maldonado, explic\u00f3 que en M\u00e9xico se agrede a un periodista cada 13 horas. El a\u00f1o pasado esta organizaci\u00f3n registr\u00f3 692 agresiones contra periodistas y medios de comunicaci\u00f3n, casi 14 por ciento m\u00e1s que en 2019. De \u00e9stas, 50 por ciento fueron cometidas por autoridades p\u00fablicas.<\/p>\n\n\n\n<p class=\"has-medium-font-size\">\u201cLa estrategia de divisi\u00f3n y de estigmatizaci\u00f3n pretende desviar la atenci\u00f3n p\u00fablica de temas apremiantes para la sociedad como lo son la violencia, la impunidad, la corrupci\u00f3n y la falta de efectividad para solucionarlas. Es decir, se anula el mensaje atacando al mensajero\u201d, destac\u00f3 Maldonado.<\/p>\n\n\n\n<p class=\"has-medium-font-size\">En su recuento de la situaci\u00f3n de la prensa, el tambi\u00e9n abogado destac\u00f3 que este 30 de junio el presidente L\u00f3pez Obrador present\u00f3 una nueva secci\u00f3n dentro de sus conferencias matutinas, titulada \u201cQui\u00e9n es qui\u00e9n en las mentiras\u201d. En esta secci\u00f3n se exhiben supuestas mentiras que difunden los medios de comunicaci\u00f3n, pero \u2014dijo\u2014 \u201cen realidad parece constituir un Tribunal de la Verdad para exhibir, atacar y estigmatizar a la prensa cr\u00edtica o cualquier persona comunicadora que no se alinea al gobierno federal\u201d.<\/p>\n\n\n\n<p class=\"has-medium-font-size\">En su participaci\u00f3n, el director del Centro Mexicano de Derecho Ambiental, A.C. (CEMDA), Gustavo Alan\u00eds, agreg\u00f3 que en 2020 se registraron 90 agresiones contra personas defensoras, en 65 ataques distintos, entre amenazas, intimidaci\u00f3n y estigmatizaci\u00f3n, de los cuales 18 fueron asesinatos. De \u00e9stos, en 40 por ciento de los casos los agresores son presuntamente agentes del Estado. Adem\u00e1s, en lo que va de este a\u00f1o, de enero a junio de 2021, al menos 13 personas defensoras han sido asesinadas.<\/p>\n\n\n\n<p class=\"has-medium-font-size\">En respuesta a los se\u00f1alamientos de la sociedad civil, el coordinador General de Comunicaci\u00f3n Social y vocero del Gobierno de la Rep\u00fablica, Jes\u00fas Ram\u00edrez Cuevas, destac\u00f3 que las conferencias de prensa que cada d\u00eda ofrece el presidente L\u00f3pez Obrador son un ejercicio democr\u00e1tico, de di\u00e1logo y un ejercicio informativo que no viola la libertad de expresi\u00f3n.<\/p>\n\n\n\n<p class=\"has-medium-font-size\">\u201cLos juicios del presidente sobre medios de comunicaci\u00f3n, periodistas e intelectuales no han recurrido ni remotamente a la censura o en ataques a la libertad de expresi\u00f3n, ni se trata de elementos de estigmatizaci\u00f3n. El presidente expone sus argumentos, con informaci\u00f3n, ante sesgos editoriales o encabezados que muestran la defensa de intereses econ\u00f3micos o pol\u00edticos expresados a trav\u00e9s de los medios de comunicaci\u00f3n\u201d, argument\u00f3.<\/p>\n\n\n\n<p class=\"has-medium-font-size\">Ram\u00edrez Cuevas recalc\u00f3 que las m\u00e1s de 652 conferencias matutinas ofrecidas por el Presidente de la Rep\u00fablica\u201cson una muestra del ambiente de libertad de expresi\u00f3n. \u201cNunca antes un presidente de M\u00e9xico hab\u00eda encarado de manera abierta, y todos los d\u00edas, a la prensa y los cuestionamientos de todos los comunicadores\u201d. Adem\u00e1s, se\u00f1al\u00f3 que en estas conferencias todos los periodistas pueden preguntar y obtener respuestas puntuales y profundas.<\/p>\n\n\n\n<p class=\"has-medium-font-size\">Por su parte, la comisionada de la CIDH, Esmeralda Arosemena Troiti\u00f1o apunt\u00f3 que aunque M\u00e9xico tiene un mecanismo para proteger a periodistas y defensoras, el Estado y la sociedad civil se encuentran confrontados. \u201cLos defensores no pueden ser vistos como enemigos del Estado, tienen que ser vistos como aliados del Estado y los periodistas tienen la labor de colocar en la opini\u00f3n p\u00fablica la diversidad de opiniones\u201d.<\/p>\n\n\n\n<p class=\"has-medium-font-size\">En la audiencia tambi\u00e9n estuvo el relator especial para la libertad de Expresi\u00f3n de la CIDH, Pedro Vaca, quien asegur\u00f3 que todas las autoridades pueden defenderse de la cr\u00edtica, pero recalc\u00f3 que hay que diferenciar entre la defensa de una posici\u00f3n p\u00fablica y un discurso que estigmatiza. Tambi\u00e9n destac\u00f3 que no hace falta que asesine a un periodista o a una persona defensora para no estigmatizar a estos grupos de la sociedad en los debates p\u00fablicos.<\/p>\n\n\n\n<p class=\"has-medium-font-size\">Sobre las conferencias ma\u00f1aneras, el relator consider\u00f3 que el Gobierno mexicano debe preguntarse c\u00f3mo se puede afectar el ejercicio de la libertad de expresi\u00f3n de las personas se\u00f1aladas con nombre y apellido en este espacio de comunicaci\u00f3n oficial. En este sentido, sugiri\u00f3 replantear el espacio de \u201cQui\u00e9n es qui\u00e9n..\u201d en las conferencias ma\u00f1aneras.<\/p>\n\n\n\n<p class=\"has-medium-font-size\">En la audiencia, las organizaciones insistieron en la necesidad de que la CIDH pida al Estado mexicano que, en sus tres niveles de gobierno, cesen las narrativas, declaraciones estigmatizantes y el acoso judicial hacia periodistas y personas defensoras de Derechos Humanos.<\/p>\n","protected":false},"excerpt":{"rendered":"<p>CIMACFoto: Gabriela Mendoza V\u00e1zquez. Por. Anayeli Garc\u00eda Mart\u00ednez. Organizaciones defensoras de la libertad de expresi\u00f3n,&#8230;<\/p>\n","protected":false},"author":4,"featured_media":26948,"comment_status":"closed","ping_status":"closed","sticky":false,"template":"","format":"standard","meta":{"footnotes":""},"categories":[4],"tags":[],"class_list":["post-26944","post","type-post","status-publish","format-standard","has-post-thumbnail","hentry","category-noticias-del-dia"],"_links":{"self":[{"href":"https:\/\/bambapolitica.com.mx\/index.php\/wp-json\/wp\/v2\/posts\/26944","targetHints":{"allow":["GET"]}}],"collection":[{"href":"https:\/\/bambapolitica.com.mx\/index.php\/wp-json\/wp\/v2\/posts"}],"about":[{"href":"https:\/\/bambapolitica.com.mx\/index.php\/wp-json\/wp\/v2\/types\/post"}],"author":[{"embeddable":true,"href":"https:\/\/bambapolitica.com.mx\/index.php\/wp-json\/wp\/v2\/users\/4"}],"replies":[{"embeddable":true,"href":"https:\/\/bambapolitica.com.mx\/index.php\/wp-json\/wp\/v2\/comments?post=26944"}],"version-history":[{"count":3,"href":"https:\/\/bambapolitica.com.mx\/index.php\/wp-json\/wp\/v2\/posts\/26944\/revisions"}],"predecessor-version":[{"id":27024,"href":"https:\/\/bambapolitica.com.mx\/index.php\/wp-json\/wp\/v2\/posts\/26944\/revisions\/27024"}],"wp:featuredmedia":[{"embeddable":true,"href":"https:\/\/bambapolitica.com.mx\/index.php\/wp-json\/wp\/v2\/media\/26948"}],"wp:attachment":[{"href":"https:\/\/bambapolitica.com.mx\/index.php\/wp-json\/wp\/v2\/media?parent=26944"}],"wp:term":[{"taxonomy":"category","embeddable":true,"href":"https:\/\/bambapolitica.com.mx\/index.php\/wp-json\/wp\/v2\/categories?post=26944"},{"taxonomy":"post_tag","embeddable":true,"href":"https:\/\/bambapolitica.com.mx\/index.php\/wp-json\/wp\/v2\/tags?post=26944"}],"curies":[{"name":"wp","href":"https:\/\/api.w.org\/{rel}","templated":true}]}}