{"id":26960,"date":"2021-07-02T09:01:30","date_gmt":"2021-07-02T15:01:30","guid":{"rendered":"http:\/\/bambapolitica.com.mx\/?p=26960"},"modified":"2021-07-02T09:01:31","modified_gmt":"2021-07-02T15:01:31","slug":"familia-pierde-a-abuelita-y-tio-en-choque-responsable-huye","status":"publish","type":"post","link":"https:\/\/bambapolitica.com.mx\/index.php\/2021\/07\/02\/familia-pierde-a-abuelita-y-tio-en-choque-responsable-huye\/","title":{"rendered":"Familia pierde a abuelita y t\u00edo en choque; responsable huye"},"content":{"rendered":"\n<p class=\"has-medium-font-size\">La&nbsp;familia Jim\u00e9nez&nbsp;perdi\u00f3 a dos de sus integrantes en un accidente vial en la&nbsp;carretera de Toluca.&nbsp;Las v\u00edctimas viajaban de regreso de Valle de Bravo hacia la Ciudad de M\u00e9xico.&nbsp;<\/p>\n\n\n\n<p class=\"has-medium-font-size\">El veh\u00edculo abordo del que circulaban fue impactado de frente por un&nbsp;autom\u00f3vil marcha Chevrolet en color blanco&nbsp;que invadi\u00f3 su carril provocando que volcaran.&nbsp;<\/p>\n\n\n\n<p class=\"has-medium-font-size\">La abuela y el t\u00edo de Jessica Jim\u00e9nez fallecieron, de los tres sobrevivientes del accidente, su t\u00eda y la hija de \u00e9sta quedaron gravemente heridas.&nbsp;<\/p>\n\n\n\n<p class=\"has-medium-font-size\">&#8220;Mi sobrina tiene un pulm\u00f3n perforado, la operaron de su pelvis, su cadera porque tiene unas lesiones muy fuertes. Mi hermana la acaban de operar apenas ayer.. todos sus huesos est\u00e1n rotos, piernas, brazos, su cuello y lo m\u00e1s cr\u00edtico que creen es que tenga una trombosis y le cause la muerte\u201d, comparti\u00f3 Alejandra Jim\u00e9nez, familiar de las v\u00edctimas.&nbsp;<\/p>\n\n\n\n<p class=\"has-medium-font-size\">El conductor responsable huy\u00f3 junto con sus acompa\u00f1antes a bordo de una camioneta gris que pas\u00f3 a recogerlos el d\u00eda del accidente. abandonando el veh\u00edculo siniestrado.&nbsp;<\/p>\n\n\n\n<p class=\"has-medium-font-size\">Los hechos ocurrieron el domingo 12 de junio.&nbsp;<\/p>\n\n\n\n<p class=\"has-medium-font-size\">A 18 d\u00edas del accidente, los responsables contin\u00faan a la fuga y las autoridades a\u00fan no los hayan detenido.&nbsp;<\/p>\n\n\n\n<p class=\"has-medium-font-size\">&#8220;Hay una persona que dice que vio c\u00f3mo se llevaron al otro conductor del veh\u00edculo que provoc\u00f3 esta gran tragedia, se lo llevan en una camioneta, entonces pues no es posible que haya una responsabilidad y te vayas del lugar\u201d, comparti\u00f3 Jessica.&nbsp;<\/p>\n\n\n\n<p class=\"has-medium-font-size\">Los familiares piden que se identifique al veh\u00edculo marca Sonic, con placa de circulaci\u00f3n W86-AHP.<\/p>\n\n\n\n<p class=\"has-medium-font-size\">Acusan que la respuesta del su seguro de auto ha sido muy lenta, por lo que piden apoyo a las autoridades mexiquenses para dar con el paradero del responsable de la muerte de su seres queridos.&nbsp;<\/p>\n","protected":false},"excerpt":{"rendered":"<p>La&nbsp;familia Jim\u00e9nez&nbsp;perdi\u00f3 a dos de sus integrantes en un accidente vial en la&nbsp;carretera de Toluca.&nbsp;Las&#8230;<\/p>\n","protected":false},"author":4,"featured_media":26963,"comment_status":"closed","ping_status":"closed","sticky":false,"template":"","format":"standard","meta":{"footnotes":""},"categories":[2],"tags":[],"class_list":["post-26960","post","type-post","status-publish","format-standard","has-post-thumbnail","hentry","category-policiaca"],"_links":{"self":[{"href":"https:\/\/bambapolitica.com.mx\/index.php\/wp-json\/wp\/v2\/posts\/26960","targetHints":{"allow":["GET"]}}],"collection":[{"href":"https:\/\/bambapolitica.com.mx\/index.php\/wp-json\/wp\/v2\/posts"}],"about":[{"href":"https:\/\/bambapolitica.com.mx\/index.php\/wp-json\/wp\/v2\/types\/post"}],"author":[{"embeddable":true,"href":"https:\/\/bambapolitica.com.mx\/index.php\/wp-json\/wp\/v2\/users\/4"}],"replies":[{"embeddable":true,"href":"https:\/\/bambapolitica.com.mx\/index.php\/wp-json\/wp\/v2\/comments?post=26960"}],"version-history":[{"count":2,"href":"https:\/\/bambapolitica.com.mx\/index.php\/wp-json\/wp\/v2\/posts\/26960\/revisions"}],"predecessor-version":[{"id":26987,"href":"https:\/\/bambapolitica.com.mx\/index.php\/wp-json\/wp\/v2\/posts\/26960\/revisions\/26987"}],"wp:featuredmedia":[{"embeddable":true,"href":"https:\/\/bambapolitica.com.mx\/index.php\/wp-json\/wp\/v2\/media\/26963"}],"wp:attachment":[{"href":"https:\/\/bambapolitica.com.mx\/index.php\/wp-json\/wp\/v2\/media?parent=26960"}],"wp:term":[{"taxonomy":"category","embeddable":true,"href":"https:\/\/bambapolitica.com.mx\/index.php\/wp-json\/wp\/v2\/categories?post=26960"},{"taxonomy":"post_tag","embeddable":true,"href":"https:\/\/bambapolitica.com.mx\/index.php\/wp-json\/wp\/v2\/tags?post=26960"}],"curies":[{"name":"wp","href":"https:\/\/api.w.org\/{rel}","templated":true}]}}