{"id":26981,"date":"2021-07-02T08:58:02","date_gmt":"2021-07-02T14:58:02","guid":{"rendered":"http:\/\/bambapolitica.com.mx\/?p=26981"},"modified":"2021-07-02T08:59:13","modified_gmt":"2021-07-02T14:59:13","slug":"diabetes-covid-19-muerte","status":"publish","type":"post","link":"https:\/\/bambapolitica.com.mx\/index.php\/2021\/07\/02\/diabetes-covid-19-muerte\/","title":{"rendered":"Diabetes + Covid-19 = Muerte"},"content":{"rendered":"\n<p class=\"has-medium-font-size\">PLUMA NEGRA<\/p>\n\n\n\n<p class=\"has-medium-font-size\">Ignacio Alvarez<\/p>\n\n\n\n<p class=\"has-medium-font-size\">Regalo a Cuitl\u00e1huac<\/p>\n\n\n\n<p class=\"has-medium-font-size\">Salpica Tren Maya a Veracruz<\/p>\n\n\n\n<p class=\"has-medium-font-size\">Durante m\u00e1s de un a\u00f1o se han tomado medidas para la prevenci\u00f3n del Covid-19, pandemia que ha dejado m\u00e1s de 200 mil muertos en M\u00e9xico, unos 10 mil en Veracruz. Las medidas fueron primero para los adultos mayores, sin embargo, ahora se sabe que Veracruz es uno de los estados con mayor poblaci\u00f3n propensa y saldo rojo debido a que ocupa el primer lugar en casos de diabetes, un factor determinante en los desenlaces fatales para los contagiados de Covid-19.<\/p>\n\n\n\n<p class=\"has-medium-font-size\">Tan solo de enero a junio, el registro del Sector Salud es de m\u00e1s de 18 mil casos nuevos de Diabetes Mellitus con un mayor porcentaje en mujeres. Lo que significa que son las mujeres las de mayor riesgo en caso de ser contagiadas por el Covid-19, en este sector no importa la edad.<\/p>\n\n\n\n<p class=\"has-medium-font-size\">De acuerdo a las estad\u00edsticas del gobierno federal, el mayor n\u00famero de muertes por el Covid se relacionan con complicaciones por Diabetes, sobrepeso y bajas defensas en el caso de los adultos mayores.<\/p>\n\n\n\n<p class=\"has-medium-font-size\">Por ahora, solo el sector educativo es el de mayor protecci\u00f3n contra la pandemia y los intentos por regreso parcial a clases presenciales.<\/p>\n\n\n\n<p class=\"has-large-font-size\">Regalo a Cuitl\u00e1hauc<\/p>\n\n\n\n<p class=\"has-medium-font-size\">Al cumplir tres a\u00f1os del triunfo electoral en el que Cuitl\u00e1huac Garc\u00eda Jim\u00e9nez obtuvo en un segundo intento la gubernatura de Veracruz, la Auditoria Superior de la Federaci\u00f3n (ASF) se comporta condescendiente con su administraci\u00f3n y son m\u00ednimas las observaciones a los entes auditables que manejan recursos de la Hacienda Federal.<\/p>\n\n\n\n<p class=\"has-medium-font-size\">Pero tambi\u00e9n, en t\u00e9rminos pol\u00edticos, Garc\u00eda Jim\u00e9nez obtuvo buenas notas en la calificaci\u00f3n de su gobierno en el pasado proceso electoral local donde se llev\u00f3 \u201ccarro completo\u201d como se dec\u00eda en la \u00e9poca dorada del PRI.<\/p>\n\n\n\n<p class=\"has-medium-font-size\">En su \u00faltimo reporte respecto al ejercicio fiscal del 2020, para el estado de Veracruz, la ASF solo present\u00f3 algunas recomendaciones administrativas.<\/p>\n\n\n\n<p class=\"has-medium-font-size\">Es as\u00ed como el gobernador obtiene buena calificaci\u00f3n del gobierno federal, de los que votaron a favor de su partido el pasado 6 de junio y de las calificadoras financieras que le han permitido m\u00e1s pr\u00e9stamos que generan deuda p\u00fablica para Veracruz.<\/p>\n\n\n\n<p class=\"has-large-font-size\">Aumenta el Cabotaje<\/p>\n\n\n\n<p class=\"has-medium-font-size\">El proyecto de construcci\u00f3n del Tren Maya, aument\u00f3 el cabotaje entre Veracruz y los estados del Sureste para el traslado mar\u00edtimo de unas siete mil toneladas de roca bas\u00e1ltica explotada en Balzapote en la regi\u00f3n de Los Tuxtlas, por lo pronto el pol\u00e9mico plan ferroviario tur\u00edstico ya gener\u00f3 recursos para Veracruz.<\/p>\n\n\n\n<p class=\"has-medium-font-size\">La APIVER dio a conocer de manera oficial el plan de trasladar bajo todas las reglas normas federales, las rocas. Primero v\u00eda terrestre de Balzapote al puerto de Veracruz y luego su traslado en buques de carga a Tabasco, Campeche y Yucat\u00e1n.<\/p>\n\n\n\n<p class=\"has-medium-font-size\">As\u00ed el ambicioso plan del Tren Maya ya salpic\u00f3 con un granito de arena a la econom\u00eda de los comuneros de Balzapote y a los transportistas de materiales de la regi\u00f3n.<\/p>\n","protected":false},"excerpt":{"rendered":"<p>PLUMA NEGRA Ignacio Alvarez Regalo a Cuitl\u00e1huac Salpica Tren Maya a Veracruz Durante m\u00e1s de&#8230;<\/p>\n","protected":false},"author":4,"featured_media":26982,"comment_status":"closed","ping_status":"closed","sticky":false,"template":"","format":"standard","meta":{"footnotes":""},"categories":[4],"tags":[],"class_list":["post-26981","post","type-post","status-publish","format-standard","has-post-thumbnail","hentry","category-noticias-del-dia"],"_links":{"self":[{"href":"https:\/\/bambapolitica.com.mx\/index.php\/wp-json\/wp\/v2\/posts\/26981","targetHints":{"allow":["GET"]}}],"collection":[{"href":"https:\/\/bambapolitica.com.mx\/index.php\/wp-json\/wp\/v2\/posts"}],"about":[{"href":"https:\/\/bambapolitica.com.mx\/index.php\/wp-json\/wp\/v2\/types\/post"}],"author":[{"embeddable":true,"href":"https:\/\/bambapolitica.com.mx\/index.php\/wp-json\/wp\/v2\/users\/4"}],"replies":[{"embeddable":true,"href":"https:\/\/bambapolitica.com.mx\/index.php\/wp-json\/wp\/v2\/comments?post=26981"}],"version-history":[{"count":1,"href":"https:\/\/bambapolitica.com.mx\/index.php\/wp-json\/wp\/v2\/posts\/26981\/revisions"}],"predecessor-version":[{"id":26984,"href":"https:\/\/bambapolitica.com.mx\/index.php\/wp-json\/wp\/v2\/posts\/26981\/revisions\/26984"}],"wp:featuredmedia":[{"embeddable":true,"href":"https:\/\/bambapolitica.com.mx\/index.php\/wp-json\/wp\/v2\/media\/26982"}],"wp:attachment":[{"href":"https:\/\/bambapolitica.com.mx\/index.php\/wp-json\/wp\/v2\/media?parent=26981"}],"wp:term":[{"taxonomy":"category","embeddable":true,"href":"https:\/\/bambapolitica.com.mx\/index.php\/wp-json\/wp\/v2\/categories?post=26981"},{"taxonomy":"post_tag","embeddable":true,"href":"https:\/\/bambapolitica.com.mx\/index.php\/wp-json\/wp\/v2\/tags?post=26981"}],"curies":[{"name":"wp","href":"https:\/\/api.w.org\/{rel}","templated":true}]}}