{"id":26983,"date":"2021-07-02T09:28:03","date_gmt":"2021-07-02T15:28:03","guid":{"rendered":"http:\/\/bambapolitica.com.mx\/?p=26983"},"modified":"2021-07-02T09:28:08","modified_gmt":"2021-07-02T15:28:08","slug":"ana-torroja-vuelve-al-futuro-con-nuevo-album","status":"publish","type":"post","link":"https:\/\/bambapolitica.com.mx\/index.php\/2021\/07\/02\/ana-torroja-vuelve-al-futuro-con-nuevo-album\/","title":{"rendered":"Ana Torroja &#8216;vuelve al futuro&#8217; con nuevo \u00e1lbum"},"content":{"rendered":"\n<p class=\"has-medium-font-size\">Para&nbsp;Ana Torroja, su \u00e1lbum &#8216;Mil razones&#8217;&nbsp;es una especie de regreso al origen, aunque con m\u00fasicos de la nueva generaci\u00f3n.<\/p>\n\n\n\n<p class=\"has-medium-font-size\">&#8220;Es un &#8216;back to the future&#8217; (volver al futuro)&#8221;, dijo la cantante espa\u00f1ola en una entrevista reciente por videollamada desde la Ciudad de M\u00e9xico sobre su sexto \u00e1lbum de estudio, lanzado el viernes. Es un reencuentro con la m\u00fasica electr\u00f3nica, el lugar donde yo nac\u00ed, musicalmente hablando, pero de la mano de gente muy joven. Es como muy renovado&#8217;.<\/p>\n\n\n\n<p class=\"has-medium-font-size\">Para este disco, Torroja recurri\u00f3 a DJs y productores espa\u00f1oles como El Guincho (Rosal\u00eda, Bj\u00f6rk), Alizzz, Maxthor, Henry Saiz, \u00c1tica y Pional.<\/p>\n\n\n\n<p class=\"has-medium-font-size\">&#8220;Mi experiencia de tantos a\u00f1os con la osad\u00eda y el talento musical y la energ\u00eda y las ganas de hacer cosas de estos productores tan j\u00f3venes realmente ha hecho una mancuerna de la que estoy muy orgullosa y creo que es un camino por el que voy a seguir, porque lo he disfrutado much\u00edsimo&#8221;, dijo.<\/p>\n\n\n\n<p class=\"has-medium-font-size\">Grabado entre M\u00e9xico y Espa\u00f1a, el \u00e1lbum incluye su m\u00e1s reciente sencillo, &#8216;Hora y cuarto&#8217; con Alaska. Ambas son estrellas de la m\u00fasica pop espa\u00f1ola desde la d\u00e9cada de 1980, pero esta es su primera colaboraci\u00f3n y el \u00fanico dueto que incluy\u00f3 en el \u00e1lbum.<\/p>\n\n\n\n<h3 class=\"wp-block-heading\"><strong>\u00bfQu\u00e9 se necesitaba para que conjuntaran su poder?<\/strong><\/h3>\n\n\n\n<p>Una pandemia&#8221;, respondi\u00f3 Torroja risue\u00f1a.<\/p>\n\n\n\n<p class=\"has-medium-font-size\">&#8220;Las cosas llegan cuando llegan, no se planean. Cuando aparecen las ves y eso es lo que ha ocurrido&#8221;.<\/p>\n\n\n\n<p class=\"has-medium-font-size\">El video del tema, que culmina con un beso de ambas, fue filmado en el famoso club nocturno La Via L\u00e1ctea, uno de los locales donde se gest\u00f3 la famosa Movida Madrile\u00f1a, el movimiento de subcultura urbana que aliment\u00f3 la creatividad y la vida nocturna de la capital espa\u00f1ola en los a\u00f1os 80.<\/p>\n\n\n\n<p class=\"has-medium-font-size\">En el video, Torroja es una especie de detective gal\u00e1ctico, mientras que Alaska es una ladrona espacial que intenta escapar de ella.<\/p>\n\n\n\n<p class=\"has-medium-font-size\">Como la canci\u00f3n es juguetona y nosotras tambi\u00e9n lo somos, me apetec\u00eda hacer algo que tuviera un juego y tambi\u00e9n jugar con el espacio-tiempo&#8221;, explic\u00f3.<\/p>\n\n\n\n<p class=\"has-medium-font-size\">&#8220;Esta canci\u00f3n habla de dos personas que no quieren admitir que se est\u00e1n enamorando, ese coqueteo y ese estira y afloja&#8221;.<\/p>\n\n\n\n<p class=\"has-medium-font-size\">Torroja calific\u00f3 a La V\u00eda L\u00e1ctea como un sitio de culto.<\/p>\n\n\n\n<p class=\"has-medium-font-size\">&#8220;Cuando entras es como si se hubiera parado el tiempo realmente. No ha cambiado tanto desde entonces y me pareci\u00f3 que era perfecto para la ocasi\u00f3n&#8221;, se\u00f1al\u00f3.<\/p>\n\n\n\n<p class=\"has-medium-font-size\">&#8220;Es un lugar por el que pasamos las dos cuando \u00e9ramos muy jovencitas, cuando est\u00e1bamos empezando&#8221;.<\/p>\n\n\n\n<p class=\"has-medium-font-size\">La pandemia tambi\u00e9n le dio tiempo para renovar las canciones del \u00e1lbum, que incluye los temas &#8216;Llama&#8217;, &#8216;Ya fue&#8217;&nbsp;y &#8216;Cuando t\u00fa me bailas&#8217;, y hacer nuevas versiones de algunos temas que estaban listos desde hace dos a\u00f1os.<\/p>\n\n\n\n<p class=\"has-medium-font-size\">Torroja, quien se dijo con &#8216;un mill\u00f3n de ganas&#8217;&nbsp;de seguir haciendo m\u00fasica, renovarse y aprender, est\u00e1 esperanzada con que, eventualmente, se pueda volver a tener m\u00e1s actividad musical y encuentros m\u00e1s cercanos con el p\u00fablico.<\/p>\n\n\n\n<p class=\"has-medium-font-size\">Hemos tenido que readaptarnos&#8221;, dijo.<\/p>\n\n\n\n<p class=\"has-medium-font-size\">&#8220;Todo este momento tan raro que nos ha tocado vivir nos ha ense\u00f1ado a ser pacientes y creo que hay que respirar hondo. Todo llega, pero tiene que llegar de una forma segura para todos&#8221;.<\/p>\n\n\n\n<p class=\"has-medium-font-size\">En Espa\u00f1a, donde ya han comenzado a reactivarse los conciertos, tiene programada una gira que comienza el 25 de julio en Barcelona e incluye paradas en Madrid y Jerez.<\/p>\n\n\n\n<p class=\"has-medium-font-size\">&#8220;Es una gira que se dej\u00f3 en pausa el a\u00f1o pasado y este a\u00f1o se puede hacer con protocolos de sanidad, con aforos reducidos, pero ya empezamos a poder volver a disfrutar y a vivir la energ\u00eda de los conciertos en vivo&#8221;, dijo.<\/p>\n","protected":false},"excerpt":{"rendered":"<p>Para&nbsp;Ana Torroja, su \u00e1lbum &#8216;Mil razones&#8217;&nbsp;es una especie de regreso al origen, aunque con m\u00fasicos&#8230;<\/p>\n","protected":false},"author":4,"featured_media":26990,"comment_status":"closed","ping_status":"closed","sticky":false,"template":"","format":"standard","meta":{"footnotes":""},"categories":[3],"tags":[],"class_list":["post-26983","post","type-post","status-publish","format-standard","has-post-thumbnail","hentry","category-espectaculos"],"_links":{"self":[{"href":"https:\/\/bambapolitica.com.mx\/index.php\/wp-json\/wp\/v2\/posts\/26983","targetHints":{"allow":["GET"]}}],"collection":[{"href":"https:\/\/bambapolitica.com.mx\/index.php\/wp-json\/wp\/v2\/posts"}],"about":[{"href":"https:\/\/bambapolitica.com.mx\/index.php\/wp-json\/wp\/v2\/types\/post"}],"author":[{"embeddable":true,"href":"https:\/\/bambapolitica.com.mx\/index.php\/wp-json\/wp\/v2\/users\/4"}],"replies":[{"embeddable":true,"href":"https:\/\/bambapolitica.com.mx\/index.php\/wp-json\/wp\/v2\/comments?post=26983"}],"version-history":[{"count":2,"href":"https:\/\/bambapolitica.com.mx\/index.php\/wp-json\/wp\/v2\/posts\/26983\/revisions"}],"predecessor-version":[{"id":27013,"href":"https:\/\/bambapolitica.com.mx\/index.php\/wp-json\/wp\/v2\/posts\/26983\/revisions\/27013"}],"wp:featuredmedia":[{"embeddable":true,"href":"https:\/\/bambapolitica.com.mx\/index.php\/wp-json\/wp\/v2\/media\/26990"}],"wp:attachment":[{"href":"https:\/\/bambapolitica.com.mx\/index.php\/wp-json\/wp\/v2\/media?parent=26983"}],"wp:term":[{"taxonomy":"category","embeddable":true,"href":"https:\/\/bambapolitica.com.mx\/index.php\/wp-json\/wp\/v2\/categories?post=26983"},{"taxonomy":"post_tag","embeddable":true,"href":"https:\/\/bambapolitica.com.mx\/index.php\/wp-json\/wp\/v2\/tags?post=26983"}],"curies":[{"name":"wp","href":"https:\/\/api.w.org\/{rel}","templated":true}]}}