{"id":26992,"date":"2021-07-02T09:28:09","date_gmt":"2021-07-02T15:28:09","guid":{"rendered":"http:\/\/bambapolitica.com.mx\/?p=26992"},"modified":"2021-07-02T09:28:12","modified_gmt":"2021-07-02T15:28:12","slug":"la-actriz-amber-heard-revela-que-tuvo-una-hija-en-abril","status":"publish","type":"post","link":"https:\/\/bambapolitica.com.mx\/index.php\/2021\/07\/02\/la-actriz-amber-heard-revela-que-tuvo-una-hija-en-abril\/","title":{"rendered":"La actriz Amber Heard revela que tuvo una hija en abril"},"content":{"rendered":"\n<p class=\"has-medium-font-size\">La actriz de &#8220;Aquaman&#8221;&nbsp;Amber Heard&nbsp;revel\u00f3 que tuvo una hija en abril y comparti\u00f3 una foto suya con la beb\u00e9 de tres meses en las redes sociales.<\/p>\n\n\n\n<p class=\"has-medium-font-size\">En una publicaci\u00f3n en Instagram a \u00faltima hora del jueves, la actriz de 35 a\u00f1os, quien estuvo previamente casada con la estrella de Hollywood Johnny Depp, dijo que la beb\u00e9&nbsp;Oonagh Paige Heard naci\u00f3 el 8 de abril.<\/p>\n\n\n\n<p class=\"has-medium-font-size\">&#8220;Hace cuatro a\u00f1os, decid\u00ed que quer\u00eda tener un hijo. Quer\u00eda hacerlo en mis propios t\u00e9rminos. Ahora aprecio lo radical que es para nosotras las mujeres pensar en una de las partes de nuestro destino de esta manera&#8221;, escribi\u00f3 Heard.<\/p>\n\n\n\n<p class=\"has-medium-font-size\">&#8220;Espero que lleguemos a un punto en el que se normalice no querer un anillo para tener una cuna. Una parte m\u00eda quiere sostener que mi vida privada no es asunto de nadie. Tambi\u00e9n entiendo que la naturaleza de mi trabajo me obliga a tomar control de esto&#8221;, agreg\u00f3.<\/p>\n\n\n\n<p class=\"has-medium-font-size\">No dio m\u00e1s detalles sobre el nacimiento.<\/p>\n\n\n\n<p class=\"has-medium-font-size\">&#8220;Ella es el comienzo del resto de mi vida&#8221;, afirm\u00f3.<\/p>\n\n\n\n<p class=\"has-medium-font-size\">Heard tambi\u00e9n es conocida por sus papeles en &#8220;Justice League&#8221; y &#8220;The Rum Diary&#8221;, donde conoci\u00f3 a Depp en el set. Se casaron en 2015 pero Heard solicit\u00f3 el divorcio 15 meses despu\u00e9s.<\/p>\n\n\n\n<p class=\"has-medium-font-size\">El a\u00f1o pasado, Depp perdi\u00f3 una batalla por difamaci\u00f3n con un tabloide brit\u00e1nico que lo calific\u00f3 como un &#8220;golpeador de esposas&#8221;, despu\u00e9s de que un juez de la Corte Suprema de Londres dictaminara que la estrella de &#8220;Piratas del Caribe&#8221; hab\u00eda agredido repetidamente a Heard durante su relaci\u00f3n y la hab\u00eda hecho temer por su vida.<\/p>\n\n\n\n<p class=\"has-medium-font-size\">El Tribunal de Apelaci\u00f3n de Londres le neg\u00f3 el permiso para impugnar el veredicto en marzo.<\/p>\n\n\n\n<p class=\"has-medium-font-size\">Por otra parte, en Estados Unidos, Depp present\u00f3 una demanda por difamaci\u00f3n por 50 millones de d\u00f3lares contra Heard en untribunal de Virginia por un art\u00edculo de opini\u00f3n que escribi\u00f3 en The Washington Post.<\/p>\n\n\n\n<figure class=\"wp-block-embed-instagram wp-block-embed is-type-rich is-provider-instagram\"><div class=\"wp-block-embed__wrapper\">\nhttps:\/\/www.instagram.com\/p\/CQzFr70hoQd\/?utm_source=ig_embed&#038;ig_rid=5b17a496-27b4-45b3-aafc-7b82954ce9bf\n<\/div><\/figure>\n","protected":false},"excerpt":{"rendered":"<p>La actriz de &#8220;Aquaman&#8221;&nbsp;Amber Heard&nbsp;revel\u00f3 que tuvo una hija en abril y comparti\u00f3 una foto&#8230;<\/p>\n","protected":false},"author":4,"featured_media":26993,"comment_status":"closed","ping_status":"closed","sticky":false,"template":"","format":"standard","meta":{"footnotes":""},"categories":[3],"tags":[],"class_list":["post-26992","post","type-post","status-publish","format-standard","has-post-thumbnail","hentry","category-espectaculos"],"_links":{"self":[{"href":"https:\/\/bambapolitica.com.mx\/index.php\/wp-json\/wp\/v2\/posts\/26992","targetHints":{"allow":["GET"]}}],"collection":[{"href":"https:\/\/bambapolitica.com.mx\/index.php\/wp-json\/wp\/v2\/posts"}],"about":[{"href":"https:\/\/bambapolitica.com.mx\/index.php\/wp-json\/wp\/v2\/types\/post"}],"author":[{"embeddable":true,"href":"https:\/\/bambapolitica.com.mx\/index.php\/wp-json\/wp\/v2\/users\/4"}],"replies":[{"embeddable":true,"href":"https:\/\/bambapolitica.com.mx\/index.php\/wp-json\/wp\/v2\/comments?post=26992"}],"version-history":[{"count":2,"href":"https:\/\/bambapolitica.com.mx\/index.php\/wp-json\/wp\/v2\/posts\/26992\/revisions"}],"predecessor-version":[{"id":27014,"href":"https:\/\/bambapolitica.com.mx\/index.php\/wp-json\/wp\/v2\/posts\/26992\/revisions\/27014"}],"wp:featuredmedia":[{"embeddable":true,"href":"https:\/\/bambapolitica.com.mx\/index.php\/wp-json\/wp\/v2\/media\/26993"}],"wp:attachment":[{"href":"https:\/\/bambapolitica.com.mx\/index.php\/wp-json\/wp\/v2\/media?parent=26992"}],"wp:term":[{"taxonomy":"category","embeddable":true,"href":"https:\/\/bambapolitica.com.mx\/index.php\/wp-json\/wp\/v2\/categories?post=26992"},{"taxonomy":"post_tag","embeddable":true,"href":"https:\/\/bambapolitica.com.mx\/index.php\/wp-json\/wp\/v2\/tags?post=26992"}],"curies":[{"name":"wp","href":"https:\/\/api.w.org\/{rel}","templated":true}]}}