{"id":27000,"date":"2021-07-02T09:21:02","date_gmt":"2021-07-02T15:21:02","guid":{"rendered":"http:\/\/bambapolitica.com.mx\/?p=27000"},"modified":"2021-07-02T09:21:06","modified_gmt":"2021-07-02T15:21:06","slug":"calendario-de-verificacion-correspondiente-al-segundo-semestre-del-2021-edomex","status":"publish","type":"post","link":"https:\/\/bambapolitica.com.mx\/index.php\/2021\/07\/02\/calendario-de-verificacion-correspondiente-al-segundo-semestre-del-2021-edomex\/","title":{"rendered":"Calendario de verificaci\u00f3n correspondiente al segundo semestre del 2021 Edom\u00e9x"},"content":{"rendered":"\n<p class=\"has-medium-font-size\">Recuerda que el segundo semestre de esta obligaci\u00f3n entr\u00f3 en vigor el 1 de julio y aqu\u00ed te decimos las fechas por terminaci\u00f3n de placa.<\/p>\n\n\n\n<p class=\"has-medium-font-size\">La Secretar\u00eda del Medio Ambiente del Estado de M\u00e9xico dio a conocer el calendario del Programa de Verificaci\u00f3n Vehicular Obligatoria (PVVO), correspondiente al segundo semestre de este a\u00f1o, el cual entr\u00f3 en vigor a partir de este 1 de julio.<\/p>\n\n\n\n<p class=\"has-large-font-size\">Terminaci\u00f3n de placa y fecha<\/p>\n\n\n\n<p class=\"has-medium-font-size\">Este programa se\u00f1ala que de manera obligatoria todos deber\u00e1n realizar el procedimiento.<\/p>\n\n\n\n<p class=\"has-medium-font-size\">Autom\u00f3viles con terminaci\u00f3n de placas 5 o 6 deber\u00e1n realizar la verificaci\u00f3n vehicular durante los meses de julio y agosto, teniendo como fecha l\u00edmite el 31 de agosto de 2021. Las terminaciones 7 y 8 deber\u00e1n realizar este tr\u00e1mite durante agosto y septiembre, teniendo como fecha l\u00edmite al 30 de septiembre de 2021. <\/p>\n\n\n\n<p class=\"has-medium-font-size\">En el caso de placas que terminan en 3 o 4, podr\u00e1n realizar la verificaci\u00f3n del 1 de septiembre al 31 de octubre de 2021. Para las terminaciones 1 y 2 podr\u00e1n verificar desde el 1 de octubre y hasta el 30 de noviembre de este mismo a\u00f1o. <\/p>\n\n\n\n<p class=\"has-medium-font-size\">Finalmente, placas que terminen en 9 o 0 podr\u00e1n verificar del 1 de noviembre al 31 de diciembre de 2021.<\/p>\n\n\n\n<p class=\"has-medium-font-size\">Para el caso de la Constancia Tipo \u201cE\u201d Exento, los usuarios podr\u00e1n realizar dicho tr\u00e1mite a partir del 1 de agosto de 2021 en los Centros de Verificaci\u00f3n Vehicular del Estado de M\u00e9xico y a trav\u00e9s de personas f\u00edsicas o jur\u00eddicas colectivas autorizadas.<\/p>\n\n\n\n<div class=\"wp-block-image\"><figure class=\"aligncenter size-large\"><img loading=\"lazy\" decoding=\"async\" width=\"1024\" height=\"536\" src=\"https:\/\/bambapolitica.com.mx\/wp-content\/uploads\/2021\/07\/verificacion-en-edomex-1-1024x536.jpeg\" alt=\"\" class=\"wp-image-27004\" srcset=\"https:\/\/bambapolitica.com.mx\/wp-content\/uploads\/2021\/07\/verificacion-en-edomex-1-1024x536.jpeg 1024w, https:\/\/bambapolitica.com.mx\/wp-content\/uploads\/2021\/07\/verificacion-en-edomex-1-300x157.jpeg 300w, https:\/\/bambapolitica.com.mx\/wp-content\/uploads\/2021\/07\/verificacion-en-edomex-1-768x402.jpeg 768w, https:\/\/bambapolitica.com.mx\/wp-content\/uploads\/2021\/07\/verificacion-en-edomex-1-260x136.jpeg 260w, https:\/\/bambapolitica.com.mx\/wp-content\/uploads\/2021\/07\/verificacion-en-edomex-1-50x26.jpeg 50w, https:\/\/bambapolitica.com.mx\/wp-content\/uploads\/2021\/07\/verificacion-en-edomex-1-143x75.jpeg 143w, https:\/\/bambapolitica.com.mx\/wp-content\/uploads\/2021\/07\/verificacion-en-edomex-1.jpeg 1200w\" sizes=\"auto, (max-width: 1024px) 100vw, 1024px\" \/><\/figure><\/div>\n\n\n\n<p class=\"has-large-font-size\">\u00bfC\u00f3mo puedo agendar una cita?<\/p>\n\n\n\n<p class=\"has-medium-font-size\">Para realizar la verificaci\u00f3n vehicular los usuarios deber\u00e1n programar la cita respectiva a trav\u00e9s de la p\u00e1gina electr\u00f3nica <a href=\"https:\/\/citaverificacion.edomex.gob.mx\">https:\/\/citaverificacion.edomex.gob.mx<\/a> o si lo prefieren tambi\u00e9n puede solicitarla v\u00eda telef\u00f3nica al establecimiento de su preferencia, el cual es posible ubicar en la liga <a href=\"https:\/\/sma.edomex.gob.mx\/directorio-verificentros-talleres-pirec\">https:\/\/sma.edomex.gob.mx\/directorio-verificentros-talleres-pirec<\/a>.<\/p>\n\n\n\n<p class=\"has-large-font-size\">\u00bfDe cu\u00e1nto es la multa por incumplir?<\/p>\n\n\n\n<p class=\"has-medium-font-size\">En el caso de que los usuarios no realicen la verificaci\u00f3n en el tiempo que se establece deber\u00e1n realizar el pago de multa por verificaci\u00f3n extempor\u00e1nea y contar\u00e1n con un plazo de 30 d\u00edas naturales a partir del pago de dicha multa para poder programar cita y aprobar la verificaci\u00f3n vehicular. <\/p>\n\n\n\n<div class=\"wp-block-image\"><figure class=\"aligncenter size-large\"><img loading=\"lazy\" decoding=\"async\" width=\"958\" height=\"596\" src=\"https:\/\/bambapolitica.com.mx\/wp-content\/uploads\/2021\/07\/verificacion-vehicular-en-edomex-1.jpeg\" alt=\"\" class=\"wp-image-27006\" srcset=\"https:\/\/bambapolitica.com.mx\/wp-content\/uploads\/2021\/07\/verificacion-vehicular-en-edomex-1.jpeg 958w, https:\/\/bambapolitica.com.mx\/wp-content\/uploads\/2021\/07\/verificacion-vehicular-en-edomex-1-300x187.jpeg 300w, https:\/\/bambapolitica.com.mx\/wp-content\/uploads\/2021\/07\/verificacion-vehicular-en-edomex-1-768x478.jpeg 768w, https:\/\/bambapolitica.com.mx\/wp-content\/uploads\/2021\/07\/verificacion-vehicular-en-edomex-1-235x146.jpeg 235w, https:\/\/bambapolitica.com.mx\/wp-content\/uploads\/2021\/07\/verificacion-vehicular-en-edomex-1-50x31.jpeg 50w, https:\/\/bambapolitica.com.mx\/wp-content\/uploads\/2021\/07\/verificacion-vehicular-en-edomex-1-121x75.jpeg 121w\" sizes=\"auto, (max-width: 958px) 100vw, 958px\" \/><\/figure><\/div>\n\n\n\n<p class=\"has-medium-font-size\">El costo de la multa es de mil 792 pesos y la l\u00ednea de captura se puede descargar en el sitio web <\/p>\n\n\n\n<p><a href=\"https:\/\/sfpya.edomexico.gob.mx\/recaudacion\/index.jsp?opcion=61\">https:\/\/sfpya.edomexico.gob.mx\/recaudacion\/index.jsp?opcion=61 <\/a><\/p>\n\n\n\n<p class=\"has-medium-font-size\">Para m\u00e1s informaci\u00f3n, la Secretar\u00eda del Medio Ambiente pone a disposici\u00f3n de la ciudadan\u00eda el correo electr\u00f3nico atnpublico@smagem.net , los tel\u00e9fonos 55-5366-8267 y 722-238-2268, as\u00ed como las redes sociales en Twitter @DGPCCA_Edomex y en Facebook @DGPCCA.Edomex, de la Direcci\u00f3n General de Prevenci\u00f3n y Control de la Contaminaci\u00f3n Atmosf\u00e9rica.<\/p>\n\n\n\n<div class=\"wp-block-image\"><figure class=\"aligncenter size-large\"><img loading=\"lazy\" decoding=\"async\" width=\"1024\" height=\"710\" src=\"https:\/\/bambapolitica.com.mx\/wp-content\/uploads\/2021\/07\/verificacion-en-edomex-1-1-1024x710.jpeg\" alt=\"\" class=\"wp-image-27007\" srcset=\"https:\/\/bambapolitica.com.mx\/wp-content\/uploads\/2021\/07\/verificacion-en-edomex-1-1-1024x710.jpeg 1024w, https:\/\/bambapolitica.com.mx\/wp-content\/uploads\/2021\/07\/verificacion-en-edomex-1-1-300x208.jpeg 300w, https:\/\/bambapolitica.com.mx\/wp-content\/uploads\/2021\/07\/verificacion-en-edomex-1-1-768x532.jpeg 768w, https:\/\/bambapolitica.com.mx\/wp-content\/uploads\/2021\/07\/verificacion-en-edomex-1-1-211x146.jpeg 211w, https:\/\/bambapolitica.com.mx\/wp-content\/uploads\/2021\/07\/verificacion-en-edomex-1-1-50x35.jpeg 50w, https:\/\/bambapolitica.com.mx\/wp-content\/uploads\/2021\/07\/verificacion-en-edomex-1-1-108x75.jpeg 108w, https:\/\/bambapolitica.com.mx\/wp-content\/uploads\/2021\/07\/verificacion-en-edomex-1-1.jpeg 1200w\" sizes=\"auto, (max-width: 1024px) 100vw, 1024px\" \/><\/figure><\/div>\n","protected":false},"excerpt":{"rendered":"<p>Recuerda que el segundo semestre de esta obligaci\u00f3n entr\u00f3 en vigor el 1 de julio&#8230;<\/p>\n","protected":false},"author":4,"featured_media":27002,"comment_status":"closed","ping_status":"closed","sticky":false,"template":"","format":"standard","meta":{"footnotes":""},"categories":[4],"tags":[],"class_list":["post-27000","post","type-post","status-publish","format-standard","has-post-thumbnail","hentry","category-noticias-del-dia"],"_links":{"self":[{"href":"https:\/\/bambapolitica.com.mx\/index.php\/wp-json\/wp\/v2\/posts\/27000","targetHints":{"allow":["GET"]}}],"collection":[{"href":"https:\/\/bambapolitica.com.mx\/index.php\/wp-json\/wp\/v2\/posts"}],"about":[{"href":"https:\/\/bambapolitica.com.mx\/index.php\/wp-json\/wp\/v2\/types\/post"}],"author":[{"embeddable":true,"href":"https:\/\/bambapolitica.com.mx\/index.php\/wp-json\/wp\/v2\/users\/4"}],"replies":[{"embeddable":true,"href":"https:\/\/bambapolitica.com.mx\/index.php\/wp-json\/wp\/v2\/comments?post=27000"}],"version-history":[{"count":1,"href":"https:\/\/bambapolitica.com.mx\/index.php\/wp-json\/wp\/v2\/posts\/27000\/revisions"}],"predecessor-version":[{"id":27009,"href":"https:\/\/bambapolitica.com.mx\/index.php\/wp-json\/wp\/v2\/posts\/27000\/revisions\/27009"}],"wp:featuredmedia":[{"embeddable":true,"href":"https:\/\/bambapolitica.com.mx\/index.php\/wp-json\/wp\/v2\/media\/27002"}],"wp:attachment":[{"href":"https:\/\/bambapolitica.com.mx\/index.php\/wp-json\/wp\/v2\/media?parent=27000"}],"wp:term":[{"taxonomy":"category","embeddable":true,"href":"https:\/\/bambapolitica.com.mx\/index.php\/wp-json\/wp\/v2\/categories?post=27000"},{"taxonomy":"post_tag","embeddable":true,"href":"https:\/\/bambapolitica.com.mx\/index.php\/wp-json\/wp\/v2\/tags?post=27000"}],"curies":[{"name":"wp","href":"https:\/\/api.w.org\/{rel}","templated":true}]}}