{"id":27235,"date":"2021-07-07T08:37:05","date_gmt":"2021-07-07T14:37:05","guid":{"rendered":"http:\/\/bambapolitica.com.mx\/?p=27235"},"modified":"2021-07-07T08:37:07","modified_gmt":"2021-07-07T14:37:07","slug":"yunes-linares-no-recupero-nada-todos-los-bienes-del-duartismo-estan-en-litigio-lima-franco","status":"publish","type":"post","link":"https:\/\/bambapolitica.com.mx\/index.php\/2021\/07\/07\/yunes-linares-no-recupero-nada-todos-los-bienes-del-duartismo-estan-en-litigio-lima-franco\/","title":{"rendered":"Yunes Linares no \u201crecuper\u00f3\u201d nada, todos los bienes del Duartismo est\u00e1n en litigio: Lima Franco"},"content":{"rendered":"\n<p class=\"has-medium-font-size\">Nada es del Gobierno de Veracruz, exhibe secretario de Finanzas, Jos\u00e9 Luis Lima Franco.<\/p>\n\n\n\n<p class=\"has-medium-font-size\">Inmuebles en el extranjero, as\u00ed como ranchos, lotes, departamentos y casas est\u00e1n en proceso judicial.<\/p>\n\n\n\n<p class=\"has-medium-font-size\">El Gobierno de Veracruz no es due\u00f1o de ninguno de los bienes inmuebles en el extranjero que presumi\u00f3 el exgobernador Miguel \u00c1ngel Yunes Linares haber recuperado. Al contrario, todos se encuentran en proceso judicial, mencion\u00f3 el secretario de Finanzas y Planeaci\u00f3n (SEFIPLAN), Jos\u00e9 Luis Lima Franco.<\/p>\n\n\n\n<figure class=\"wp-block-gallery columns-2 is-cropped wp-block-gallery-1 is-layout-flex wp-block-gallery-is-layout-flex\"><ul class=\"blocks-gallery-grid\"><li class=\"blocks-gallery-item\"><figure><img loading=\"lazy\" decoding=\"async\" width=\"600\" height=\"339\" src=\"https:\/\/bambapolitica.com.mx\/wp-content\/uploads\/2021\/07\/mail.jpg\" alt=\"\" data-id=\"27226\" data-full-url=\"https:\/\/bambapolitica.com.mx\/wp-content\/uploads\/2021\/07\/mail.jpg\" data-link=\"https:\/\/bambapolitica.com.mx\/index.php\/2021\/07\/07\/odapas-chimalhuacan-rehabilita-bocas-de-tormenta\/mail-11\/\" class=\"wp-image-27226\" srcset=\"https:\/\/bambapolitica.com.mx\/wp-content\/uploads\/2021\/07\/mail.jpg 600w, https:\/\/bambapolitica.com.mx\/wp-content\/uploads\/2021\/07\/mail-300x170.jpg 300w, https:\/\/bambapolitica.com.mx\/wp-content\/uploads\/2021\/07\/mail-258x146.jpg 258w, https:\/\/bambapolitica.com.mx\/wp-content\/uploads\/2021\/07\/mail-50x28.jpg 50w, https:\/\/bambapolitica.com.mx\/wp-content\/uploads\/2021\/07\/mail-133x75.jpg 133w\" sizes=\"auto, (max-width: 600px) 100vw, 600px\" \/><\/figure><\/li><li class=\"blocks-gallery-item\"><figure><img loading=\"lazy\" decoding=\"async\" width=\"640\" height=\"480\" src=\"https:\/\/bambapolitica.com.mx\/wp-content\/uploads\/2021\/07\/mail-1.jpg\" alt=\"\" data-id=\"27225\" data-full-url=\"https:\/\/bambapolitica.com.mx\/wp-content\/uploads\/2021\/07\/mail-1.jpg\" data-link=\"https:\/\/bambapolitica.com.mx\/index.php\/2021\/07\/07\/odapas-chimalhuacan-rehabilita-bocas-de-tormenta\/mail-1-4\/\" class=\"wp-image-27225\" srcset=\"https:\/\/bambapolitica.com.mx\/wp-content\/uploads\/2021\/07\/mail-1.jpg 640w, https:\/\/bambapolitica.com.mx\/wp-content\/uploads\/2021\/07\/mail-1-300x225.jpg 300w, https:\/\/bambapolitica.com.mx\/wp-content\/uploads\/2021\/07\/mail-1-195x146.jpg 195w, https:\/\/bambapolitica.com.mx\/wp-content\/uploads\/2021\/07\/mail-1-50x38.jpg 50w, https:\/\/bambapolitica.com.mx\/wp-content\/uploads\/2021\/07\/mail-1-100x75.jpg 100w\" sizes=\"auto, (max-width: 640px) 100vw, 640px\" \/><\/figure><\/li><\/ul><\/figure>\n\n\n\n<p class=\"has-medium-font-size\">Dijo que la misma situaci\u00f3n se repite con los ranchos, lotes, departamentos y casas en M\u00e9xico y particularmente en Veracruz, pues todos se encuentran en litigio, lo mismo que un avi\u00f3n y un helic\u00f3ptero, que supuestamente recuper\u00f3 el gobierno del panista.<\/p>\n\n\n\n<p class=\"has-medium-font-size\">Se\u00f1al\u00f3 que su llegada a la SEFIPLAN busc\u00f3 las escrituras y dem\u00e1s documentaci\u00f3n que acreditara la propiedad del Gobierno de Veracruz de esos bienes y no exist\u00edan tales, \u00fanicamente notificaciones de procesos judiciales por su disputa.<\/p>\n\n\n\n<p class=\"has-medium-font-size\">Por ello cuestion\u00f3 la legalidad y veracidad de la supuesta recuperaci\u00f3n de bienes, que al d\u00eda de hoy se sigue peleando en los tribunales y que le cuesta mucho dinero al erario p\u00fablico de Veracruz.<\/p>\n\n\n\n<p class=\"has-medium-font-size\">Jos\u00e9 Luis Lima Franco coment\u00f3 que la intenci\u00f3n del gobernador Cuitl\u00e1huac Garc\u00eda Jim\u00e9nez es la de poner a la venta o subastar esos bienes, una vez que sean propiedad del Gobierno de Veracruz y esos recursos orientarlos a las necesidades m\u00e1s prioritarias como el tema de salud, educaci\u00f3n o la inversi\u00f3n p\u00fablica.<\/p>\n\n\n\n<p class=\"has-medium-font-size\">Confirm\u00f3 que a trav\u00e9s de la Direcci\u00f3n General de Patrimonio del Estado, se inici\u00f3 la desincorporaci\u00f3n del rancho Las Mesas, incautado al exgobernador Javier Duarte de Ochoa, para ser donado a la Secretar\u00eda de la Defensa Nacional (SEDENA).<\/p>\n","protected":false},"excerpt":{"rendered":"<p>Nada es del Gobierno de Veracruz, exhibe secretario de Finanzas, Jos\u00e9 Luis Lima Franco. Inmuebles&#8230;<\/p>\n","protected":false},"author":4,"featured_media":27226,"comment_status":"closed","ping_status":"closed","sticky":false,"template":"","format":"standard","meta":{"footnotes":""},"categories":[4],"tags":[],"class_list":["post-27235","post","type-post","status-publish","format-standard","has-post-thumbnail","hentry","category-noticias-del-dia"],"_links":{"self":[{"href":"https:\/\/bambapolitica.com.mx\/index.php\/wp-json\/wp\/v2\/posts\/27235","targetHints":{"allow":["GET"]}}],"collection":[{"href":"https:\/\/bambapolitica.com.mx\/index.php\/wp-json\/wp\/v2\/posts"}],"about":[{"href":"https:\/\/bambapolitica.com.mx\/index.php\/wp-json\/wp\/v2\/types\/post"}],"author":[{"embeddable":true,"href":"https:\/\/bambapolitica.com.mx\/index.php\/wp-json\/wp\/v2\/users\/4"}],"replies":[{"embeddable":true,"href":"https:\/\/bambapolitica.com.mx\/index.php\/wp-json\/wp\/v2\/comments?post=27235"}],"version-history":[{"count":2,"href":"https:\/\/bambapolitica.com.mx\/index.php\/wp-json\/wp\/v2\/posts\/27235\/revisions"}],"predecessor-version":[{"id":27289,"href":"https:\/\/bambapolitica.com.mx\/index.php\/wp-json\/wp\/v2\/posts\/27235\/revisions\/27289"}],"wp:featuredmedia":[{"embeddable":true,"href":"https:\/\/bambapolitica.com.mx\/index.php\/wp-json\/wp\/v2\/media\/27226"}],"wp:attachment":[{"href":"https:\/\/bambapolitica.com.mx\/index.php\/wp-json\/wp\/v2\/media?parent=27235"}],"wp:term":[{"taxonomy":"category","embeddable":true,"href":"https:\/\/bambapolitica.com.mx\/index.php\/wp-json\/wp\/v2\/categories?post=27235"},{"taxonomy":"post_tag","embeddable":true,"href":"https:\/\/bambapolitica.com.mx\/index.php\/wp-json\/wp\/v2\/tags?post=27235"}],"curies":[{"name":"wp","href":"https:\/\/api.w.org\/{rel}","templated":true}]}}