{"id":27237,"date":"2021-07-07T08:40:35","date_gmt":"2021-07-07T14:40:35","guid":{"rendered":"http:\/\/bambapolitica.com.mx\/?p=27237"},"modified":"2021-07-07T08:40:39","modified_gmt":"2021-07-07T14:40:39","slug":"ine-emite-acuerdo-de-remocion-de-consejera-del-ople-veracruz","status":"publish","type":"post","link":"https:\/\/bambapolitica.com.mx\/index.php\/2021\/07\/07\/ine-emite-acuerdo-de-remocion-de-consejera-del-ople-veracruz\/","title":{"rendered":"INE emite acuerdo de remoci\u00f3n de consejera del OPLE Veracruz"},"content":{"rendered":"\n<p class=\"has-medium-font-size\">La elecci\u00f3n municipal de Veracruz tiene cada vez m\u00e1s argumentos legales para su anulaci\u00f3n.<\/p>\n\n\n\n<p class=\"has-medium-font-size\">Permiti\u00f3 la actuaci\u00f3n parcial al interior de los consejos municipales del OPLE en Veracruz y Paso de Ovejas.<\/p>\n\n\n\n<p class=\"has-medium-font-size\">Los 7 partidos pol\u00edticos que impugnaron la elecci\u00f3n municipal de Veracruz celebraron la medida tomada por el INE.<\/p>\n\n\n\n<p class=\"has-medium-font-size\">Tras la determinaci\u00f3n del Instituto Nacional Electoral (INE) de admitir el proceso de remoci\u00f3n en contra de la consejera del OPLEV Mar\u00eda de Lourdes Fern\u00e1ndez Mart\u00ednez por la realizaci\u00f3n de conductas que atentan contra la independencia y la imparcialidad de la funci\u00f3n electoral, negligencia e ineptitud o descuido en el desempe\u00f1o de sus funciones, toma m\u00e1s fuerza la anulaci\u00f3n de la elecci\u00f3n a la presidencia municipal de Veracruz, la cu\u00e1l esta impugnada por 7 partidos pol\u00edticos.<\/p>\n\n\n\n<p class=\"has-medium-font-size\">Por su parte la representaci\u00f3n de MORENA ante los organismos electorales celebraron el acuerdo del INE con fecha 2 de julio de 2021.<\/p>\n\n\n\n<p class=\"has-medium-font-size\">La consejera Mar\u00eda de Lourdes Fern\u00e1ndez Mart\u00ednez (destituida por el INE) fungi\u00f3 como presidenta de la comisi\u00f3n de capacitaci\u00f3n y organizaci\u00f3n electoral, coordinadora y supervisora de los trabajos realizados al interior de los consejos municipales del OPLE en los municipios de Veracruz y Paso de Ovejas.<\/p>\n\n\n\n<p class=\"has-medium-font-size\">En ambos consejos se permiti\u00f3 la actuaci\u00f3n parcial de dichos \u00f3rganos desconcentrados durante sus respectivas sesiones de computo celebradas en fecha 9 de junio de 2021, violentando as\u00ed los principios rectores de la materia electoral.<\/p>\n\n\n\n<p class=\"has-medium-font-size\">David Agust\u00edn Jim\u00e9nez Rojas y Gabriel On\u00e9simo Z\u00fa\u00f1iga Obando, representantes de Morena ante el OPLEV y el INE respectivamente, consideran que el inicio del proceso de remoci\u00f3n de Fern\u00e1ndez Mart\u00ednez es un paso m\u00e1s para la consolidaci\u00f3n de la democracia en Veracruz y la anulaci\u00f3n del proceso electoral municipal que actualmente se encuentra impugnado en tribunales electorales por 7 partidos pol\u00edticos.<\/p>\n","protected":false},"excerpt":{"rendered":"<p>La elecci\u00f3n municipal de Veracruz tiene cada vez m\u00e1s argumentos legales para su anulaci\u00f3n. Permiti\u00f3&#8230;<\/p>\n","protected":false},"author":4,"featured_media":27224,"comment_status":"closed","ping_status":"closed","sticky":false,"template":"","format":"standard","meta":{"footnotes":""},"categories":[4],"tags":[],"class_list":["post-27237","post","type-post","status-publish","format-standard","has-post-thumbnail","hentry","category-noticias-del-dia"],"_links":{"self":[{"href":"https:\/\/bambapolitica.com.mx\/index.php\/wp-json\/wp\/v2\/posts\/27237","targetHints":{"allow":["GET"]}}],"collection":[{"href":"https:\/\/bambapolitica.com.mx\/index.php\/wp-json\/wp\/v2\/posts"}],"about":[{"href":"https:\/\/bambapolitica.com.mx\/index.php\/wp-json\/wp\/v2\/types\/post"}],"author":[{"embeddable":true,"href":"https:\/\/bambapolitica.com.mx\/index.php\/wp-json\/wp\/v2\/users\/4"}],"replies":[{"embeddable":true,"href":"https:\/\/bambapolitica.com.mx\/index.php\/wp-json\/wp\/v2\/comments?post=27237"}],"version-history":[{"count":1,"href":"https:\/\/bambapolitica.com.mx\/index.php\/wp-json\/wp\/v2\/posts\/27237\/revisions"}],"predecessor-version":[{"id":27238,"href":"https:\/\/bambapolitica.com.mx\/index.php\/wp-json\/wp\/v2\/posts\/27237\/revisions\/27238"}],"wp:featuredmedia":[{"embeddable":true,"href":"https:\/\/bambapolitica.com.mx\/index.php\/wp-json\/wp\/v2\/media\/27224"}],"wp:attachment":[{"href":"https:\/\/bambapolitica.com.mx\/index.php\/wp-json\/wp\/v2\/media?parent=27237"}],"wp:term":[{"taxonomy":"category","embeddable":true,"href":"https:\/\/bambapolitica.com.mx\/index.php\/wp-json\/wp\/v2\/categories?post=27237"},{"taxonomy":"post_tag","embeddable":true,"href":"https:\/\/bambapolitica.com.mx\/index.php\/wp-json\/wp\/v2\/tags?post=27237"}],"curies":[{"name":"wp","href":"https:\/\/api.w.org\/{rel}","templated":true}]}}