{"id":27313,"date":"2021-07-08T08:44:25","date_gmt":"2021-07-08T14:44:25","guid":{"rendered":"http:\/\/bambapolitica.com.mx\/?p=27313"},"modified":"2021-07-08T08:44:28","modified_gmt":"2021-07-08T14:44:28","slug":"una-promesa-mas-de-amlo-sin-cumplir-y-continua-la-injusticia-para-octagenario-jalisciense","status":"publish","type":"post","link":"https:\/\/bambapolitica.com.mx\/index.php\/2021\/07\/08\/una-promesa-mas-de-amlo-sin-cumplir-y-continua-la-injusticia-para-octagenario-jalisciense\/","title":{"rendered":"Una promesa m\u00e1s de AMLO sin cumplir y contin\u00faa la injusticia para octagenario jalisciense"},"content":{"rendered":"\n<p class=\"has-medium-font-size\">Pese a que personalmente el presidente de M\u00e9xico, Andr\u00e9s Manuel L\u00f3pez Obrador orden\u00f3 a qu\u00e9 de le atendiera al se\u00f1or Jos\u00e9 Prisciliano Jarero Alatorre con 85 a\u00f1os han pasado un a\u00f1o y la justicia nunca ha llegado.<\/p>\n\n\n\n<p class=\"has-medium-font-size\">Era el mes de febrero del 2020 cuando el mandatario federal, Andr\u00e9s Manuel L\u00f3pez Obrador, visit\u00f3 territorio jalisciense, en esa ocasi\u00f3n fueron tierras alte\u00f1as en donde se inauguraron las instalaciones de la Guardia Nacional.<\/p>\n\n\n\n<p class=\"has-medium-font-size\">Fue en ese evento, que un ciudadano, el se\u00f1or Jos\u00e9 Prisciliano Jarero Alatorre con 85 a\u00f1os a cuestas, golpeado por el tiempo, diezmado en su salud y vapuleado por la injusticia que una delincuencia bien organizada ha desatado en contra del ciudadano que pese a su defensa realizada por m\u00e1s de medio siglo, parece no escuchar la raz\u00f3n que le rodea.<\/p>\n\n\n\n<p class=\"has-medium-font-size\">En Tepatitl\u00e1n, Jalisco (una valla de por medio) el se\u00f1or Jarero Alatorre pudo colarse de entre los curiosos, que pretend\u00edan ver al primer mandatario; pero fue un letrero que se\u00f1alaba las injusticias de que ha sido objeto, lo que llam\u00f3 la atenci\u00f3n de L\u00f3pez Obrador. De esa manifestaci\u00f3n se desprendi\u00f3 el compromiso de palabra que el presidente de la rep\u00fablica le hizo al se\u00f1or Jarero, dando indicaciones directas a los colaboradores para dar soluci\u00f3n y atenci\u00f3n inmediata al octogenario.<\/p>\n\n\n\n<p class=\"has-medium-font-size\">Una vez asignada la indicaci\u00f3n, por escrito tomaron participaci\u00f3n en la Secretar\u00eda de Comunicaciones y Transportes (SCT), con el entonces titular, Javier Jim\u00e9nez Espri\u00fa, quien ni siquiera tuvo a bien dar la atenci\u00f3n de recibir al octogenario.<\/p>\n\n\n\n<p class=\"has-medium-font-size\">El tiempo ha pasado y hasta el momento, el tambi\u00e9n representante legal de la empresa Urbanizaciones Campestres de Occidente S.A., Jos\u00e9 Prisciliano Jarero Alatorre, contin\u00faa en total estado de indefensi\u00f3n ante la voracidad de las autoridades que no solamente se han ensa\u00f1ado con la persona; pues en el municipio de Tlajomulco de Z\u00fa\u00f1iga (en donde se desarrolla esta problem\u00e1tica), el gobierno municipal, el Grupo Aeroportuario del Pac\u00edfico GAP, la empresa denominada Gr\u00faas Asturias, el Instituto de Pensiones del Estado IPEJAL, han dispuesto invadiendo las propiedades del Se\u00f1or Jarero Alatorre, vali\u00e9ndose de argucias legaloides y en complicidad con notarios de triste recuerdo, como el de Tala, Heleno Vega y apoyados por determinaciones del entonces presidente municipal de ese municipio (actual Gobernador) y el que fuera su Sindico, Alberto Uribe.<\/p>\n\n\n\n<p class=\"has-medium-font-size\">Ante estos despojos aplicados; asegura el representante legal y administrador general de UCOSA, Jarero Alatorre, existen documentos en el departamento jur\u00eddico de este municipio conurbado, que evidencian las irregularidades, como la de otorgar terrenos a 600 metros de distancia de los que argumenta uno de los invasores, Salvador Alcal\u00e1 Aceves, propietario de Gr\u00faas Asturias, quien en complicidad con el gobierno municipal de Tlajomulco, ha invadido predios que utiliza como dep\u00f3sitos de chatarra, impactando en el Medio Ambiente de la regi\u00f3n.<\/p>\n\n\n\n<p class=\"has-medium-font-size\">Algunas medidas derivadas de las inconformidades vertidas por el particular, v\u00edctima de despojo, conllevaron a que el Grupo Aeroportuario del Pac\u00edfico y la Secretar\u00eda de Comunicaciones y Transportes se reunieran, casi en secreto, acordando entre ellos cubrir e indemnizar al afectado y propietario de 132 mil Mt2 que se encuentran utilizados por la plataforma del aeropuerto; indemnizaci\u00f3n no lleg\u00f3 al afectado.<\/p>\n\n\n\n<p class=\"has-medium-font-size\">Otro de los involucrados en este abuso es el IPEJAL, quien se ha adue\u00f1ado de m\u00e1s de 265 mil Mt2, argumentando sin fundamento, ser propietario, contando adem\u00e1s con el VoBo del ejecutivo estatal.<\/p>\n\n\n\n<p class=\"has-medium-font-size\">As\u00ed es la aplicaci\u00f3n de la justicia en M\u00e9xico, lo que no solamente se pone en duda, sino que adem\u00e1s deja en entredicho la personalidad y la palabra empe\u00f1ada del mandatario federal, Andr\u00e9s Manuel L\u00f3pez Obrador, quien utiliz\u00f3 el momento medi\u00e1tico para ofrecer un compromiso, que ha omitido cumplir.<\/p>\n\n\n\n<p class=\"has-medium-font-size\">Esta problem\u00e1tica ha sido del conocimiento de personajes como Olga S\u00e1nchez Cordero, titular en la Secretar\u00eda de Gobernaci\u00f3n, del Gobernador de Jalisco, Enrique Alfaro Ram\u00edrez, quien incluso ofreci\u00f3 resolverlo conforme a derecho, pero para beneficio de \u00e9l.<\/p>\n\n\n\n<p class=\"has-medium-font-size\">Y qu\u00e9 decir de la autoridad municipal quien ha sido indolente ante esta injusticia, al presidente municipal (hoy reelecto) Salvador Zamora Zamora, poco o nada de voluntad para escuchar y mucho menos para resolver, es lo que ha demostrado durante sus primeros tres a\u00f1os al frente de este municipio.<\/p>\n\n\n\n<p class=\"has-medium-font-size\">A casi a\u00f1o y medio de ese encuentro esperanzador con el presidente de la rep\u00fablica, lo que fuera un destello de esperanza para esta v\u00edctima de la voracidad sistem\u00e1tica, confabulados particulares y personajes del sistema gubernamental, demuestran que no basta tener la raz\u00f3n en M\u00e9xico, cuando existen intereses turbios revestidos de corrupci\u00f3n.<\/p>\n","protected":false},"excerpt":{"rendered":"<p>Pese a que personalmente el presidente de M\u00e9xico, Andr\u00e9s Manuel L\u00f3pez Obrador orden\u00f3 a qu\u00e9&#8230;<\/p>\n","protected":false},"author":4,"featured_media":27299,"comment_status":"closed","ping_status":"closed","sticky":false,"template":"","format":"standard","meta":{"footnotes":""},"categories":[4],"tags":[],"class_list":["post-27313","post","type-post","status-publish","format-standard","has-post-thumbnail","hentry","category-noticias-del-dia"],"_links":{"self":[{"href":"https:\/\/bambapolitica.com.mx\/index.php\/wp-json\/wp\/v2\/posts\/27313","targetHints":{"allow":["GET"]}}],"collection":[{"href":"https:\/\/bambapolitica.com.mx\/index.php\/wp-json\/wp\/v2\/posts"}],"about":[{"href":"https:\/\/bambapolitica.com.mx\/index.php\/wp-json\/wp\/v2\/types\/post"}],"author":[{"embeddable":true,"href":"https:\/\/bambapolitica.com.mx\/index.php\/wp-json\/wp\/v2\/users\/4"}],"replies":[{"embeddable":true,"href":"https:\/\/bambapolitica.com.mx\/index.php\/wp-json\/wp\/v2\/comments?post=27313"}],"version-history":[{"count":1,"href":"https:\/\/bambapolitica.com.mx\/index.php\/wp-json\/wp\/v2\/posts\/27313\/revisions"}],"predecessor-version":[{"id":27316,"href":"https:\/\/bambapolitica.com.mx\/index.php\/wp-json\/wp\/v2\/posts\/27313\/revisions\/27316"}],"wp:featuredmedia":[{"embeddable":true,"href":"https:\/\/bambapolitica.com.mx\/index.php\/wp-json\/wp\/v2\/media\/27299"}],"wp:attachment":[{"href":"https:\/\/bambapolitica.com.mx\/index.php\/wp-json\/wp\/v2\/media?parent=27313"}],"wp:term":[{"taxonomy":"category","embeddable":true,"href":"https:\/\/bambapolitica.com.mx\/index.php\/wp-json\/wp\/v2\/categories?post=27313"},{"taxonomy":"post_tag","embeddable":true,"href":"https:\/\/bambapolitica.com.mx\/index.php\/wp-json\/wp\/v2\/tags?post=27313"}],"curies":[{"name":"wp","href":"https:\/\/api.w.org\/{rel}","templated":true}]}}