{"id":27319,"date":"2021-07-08T08:51:02","date_gmt":"2021-07-08T14:51:02","guid":{"rendered":"http:\/\/bambapolitica.com.mx\/?p=27319"},"modified":"2021-07-08T08:51:04","modified_gmt":"2021-07-08T14:51:04","slug":"continua-el-gobierno-de-valle-de-chalco-recorriendo-las-delegaciones-y-acercando-el-programa-el-ayuntamiento-de-la-mano-con-el-ciudadano","status":"publish","type":"post","link":"https:\/\/bambapolitica.com.mx\/index.php\/2021\/07\/08\/continua-el-gobierno-de-valle-de-chalco-recorriendo-las-delegaciones-y-acercando-el-programa-el-ayuntamiento-de-la-mano-con-el-ciudadano\/","title":{"rendered":"Contin\u00faa el gobierno de Valle de Chalco, recorriendo las delegaciones y acercando el programa \u201cEl Ayuntamiento de la mano con el ciudadano\u201d"},"content":{"rendered":"\n<p class=\"has-medium-font-size\">La alcaldesa recorri\u00f3 el m\u00f3dulo m\u00f3vil, donde constat\u00f3 los servicios de car\u00e1cter informativo, ofrecidos a la ciudadan\u00eda con el objetivo de mitigar dudas en materia de industria y comercio, catastro, traslado de dominio, impuesto predial, ventanilla \u00fanica, registro civil y ODAPAS.<\/p>\n\n\n\n<p class=\"has-medium-font-size\">Para acercar la labor del gobierno a la ciudadan\u00eda, la licenciada\u00a0Joahana Arlette Cruz Escamilla, Presidenta Municipal por Ministerio de Ley, en coordinaci\u00f3n con las Direcciones participantes, puso en marcha el programa\u00a0\u201dEl Ayuntamiento de la mano con el ciudadano\u201d,donde, a trav\u00e9s de m\u00f3dulos m\u00f3viles y mediante una calendarizaci\u00f3n, se ofrece informaci\u00f3n sobre diversos tr\u00e1mites administrativos. Estos stands, se instalar\u00e1n por fechas en las delegaciones, y funcionar\u00e1n de las 10 de la ma\u00f1ana a las 4 de la tarde, de lunes a jueves.<\/p>\n\n\n\n<figure class=\"wp-block-image\"><img decoding=\"async\" src=\"https:\/\/i1.wp.com\/reporterosenmovimiento.com\/wp-content\/uploads\/2021\/07\/IMG-20210707-WA0326.jpg?resize=567%2C413&amp;ssl=1\" alt=\"IMG-20210707-WA0326\" class=\"wp-image-355470\"\/><\/figure>\n\n\n\n<p class=\"has-medium-font-size\">En ese sentido, la alcaldesa realiz\u00f3 un recorrido por el m\u00f3dulo m\u00f3vil que estuvo instalado en la colonia San Isidro, donde verific\u00f3 los servicios ofrecidos durante el segundo d\u00eda de operaciones del programa.\u00a0\u201dVengan a informarse, y aprovechen los apoyos y facilidades\u201d, se\u00f1al\u00f3, y anunci\u00f3 que\u00a0\u201den estos m\u00f3dulos no se reciben pagos, s\u00f3lo se da informaci\u00f3n\u201d.<br>Adem\u00e1s, agradeci\u00f3 el apoyo del gobierno del Estado de M\u00e9xico, a trav\u00e9s de la unidad m\u00f3vil del registro civil.\u00a0\u201dSe da informaci\u00f3n, y tambi\u00e9n se expiden copias certificadas de acta nacimiento, matrimonio, defunci\u00f3n; pueden conocer los requisitos para registrar a un reci\u00e9n nacido, reconocimiento de los hijos, y sobre matrimonio, entre otros\u201d.<br>Este ejercicio democr\u00e1tico, ha permitido brindar orientaci\u00f3n en materia de Impuesto Predial, Traslado de Dominio, Industria y Comercio, Registro Civil, Catastro, Ventanilla \u00danica, y servicios ante ODAPAS.<\/p>\n\n\n\n<figure class=\"wp-block-image\"><img decoding=\"async\" src=\"https:\/\/i2.wp.com\/reporterosenmovimiento.com\/wp-content\/uploads\/2021\/07\/IMG-20210707-WA0325.jpg?resize=640%2C426&amp;ssl=1\" alt=\"IMG-20210707-WA0325\" class=\"wp-image-355471\"\/><\/figure>\n\n\n\n<p class=\"has-medium-font-size\">Lo que en su conjunto ha servido para garantizar una participaci\u00f3n efectiva, adem\u00e1s de mejorar la atenci\u00f3n a la ciudadan\u00eda, mediante el di\u00e1logo y la transparencia.<br>El 7 de julio, el m\u00f3dulo se instal\u00f3 en la delegaci\u00f3n de la colonia Guadalupana II, que se ubica sobre la calle Oriente 30, y en las fechas posteriores, tocar\u00e1 el turno a las delegaciones de las colonias: San Miguel Xico I (8 de julio), San Miguel Xico II (12 de julio), Am\u00e9ricas I (13 de julio), Am\u00e9ricas II (14 julio), y Ni\u00f1os H\u00e9roes II (15 de julio).<\/p>\n","protected":false},"excerpt":{"rendered":"<p>La alcaldesa recorri\u00f3 el m\u00f3dulo m\u00f3vil, donde constat\u00f3 los servicios de car\u00e1cter informativo, ofrecidos a&#8230;<\/p>\n","protected":false},"author":4,"featured_media":27297,"comment_status":"closed","ping_status":"open","sticky":false,"template":"","format":"standard","meta":{"footnotes":""},"categories":[4],"tags":[],"class_list":["post-27319","post","type-post","status-publish","format-standard","has-post-thumbnail","hentry","category-noticias-del-dia"],"_links":{"self":[{"href":"https:\/\/bambapolitica.com.mx\/index.php\/wp-json\/wp\/v2\/posts\/27319","targetHints":{"allow":["GET"]}}],"collection":[{"href":"https:\/\/bambapolitica.com.mx\/index.php\/wp-json\/wp\/v2\/posts"}],"about":[{"href":"https:\/\/bambapolitica.com.mx\/index.php\/wp-json\/wp\/v2\/types\/post"}],"author":[{"embeddable":true,"href":"https:\/\/bambapolitica.com.mx\/index.php\/wp-json\/wp\/v2\/users\/4"}],"replies":[{"embeddable":true,"href":"https:\/\/bambapolitica.com.mx\/index.php\/wp-json\/wp\/v2\/comments?post=27319"}],"version-history":[{"count":1,"href":"https:\/\/bambapolitica.com.mx\/index.php\/wp-json\/wp\/v2\/posts\/27319\/revisions"}],"predecessor-version":[{"id":27323,"href":"https:\/\/bambapolitica.com.mx\/index.php\/wp-json\/wp\/v2\/posts\/27319\/revisions\/27323"}],"wp:featuredmedia":[{"embeddable":true,"href":"https:\/\/bambapolitica.com.mx\/index.php\/wp-json\/wp\/v2\/media\/27297"}],"wp:attachment":[{"href":"https:\/\/bambapolitica.com.mx\/index.php\/wp-json\/wp\/v2\/media?parent=27319"}],"wp:term":[{"taxonomy":"category","embeddable":true,"href":"https:\/\/bambapolitica.com.mx\/index.php\/wp-json\/wp\/v2\/categories?post=27319"},{"taxonomy":"post_tag","embeddable":true,"href":"https:\/\/bambapolitica.com.mx\/index.php\/wp-json\/wp\/v2\/tags?post=27319"}],"curies":[{"name":"wp","href":"https:\/\/api.w.org\/{rel}","templated":true}]}}