{"id":27491,"date":"2021-07-10T11:15:30","date_gmt":"2021-07-10T17:15:30","guid":{"rendered":"http:\/\/bambapolitica.com.mx\/?p=27491"},"modified":"2021-07-10T11:15:31","modified_gmt":"2021-07-10T17:15:31","slug":"celebra-reserva-de-la-mariposa-monarca-un-ano-mas-como-patrimonio-de-la-humanidad","status":"publish","type":"post","link":"https:\/\/bambapolitica.com.mx\/index.php\/2021\/07\/10\/celebra-reserva-de-la-mariposa-monarca-un-ano-mas-como-patrimonio-de-la-humanidad\/","title":{"rendered":"Celebra reserva de la mariposa monarca un a\u00f1o m\u00e1s como patrimonio de la humanidad"},"content":{"rendered":"\n<p class=\"has-medium-font-size\">Cumple 13 a\u00f1os de la declaratoria respectiva hecha por la UNESCO.<br>Realizan c\u00e1psula de Turismo en un Click 3.0 para conmemorar dicho acontecimiento.<br>Existen tres santuarios de la Mariposa Monarca en el Estado de M\u00e9xico: El Capul\u00edn, Piedra Herrada y La Mesa.<\/p>\n\n\n\n<p class=\"has-medium-font-size\">Con el fin de reconocer los principales atractivos tur\u00edsticos y culturales de la entidad mexiquense, la Subsecretar\u00eda de Turismo prepar\u00f3 una c\u00e1psula de Turismo en un Click 3.0 para celebrar un a\u00f1o m\u00e1s de la declaratoria de la Reserva de la Mariposa Monarca, como Patrimonio de la Humanidad.<\/p>\n\n\n\n<p class=\"has-medium-font-size\">Ubicada en los municipios de Temascaltepec, San Jos\u00e9 del Rinc\u00f3n, Valle de Bravo y Donato Guerra, dicha Reserva tiene como finalidad proteger y preservar el entorno y h\u00e1bitat natural de la mariposa, y fue inscrita como patrimonio de la humanidad por parte de la UNESCO el 8 de julio de 2008.<\/p>\n\n\n\n<figure class=\"wp-block-image\"><img decoding=\"async\" src=\"https:\/\/i0.wp.com\/reporterosenmovimiento.com\/wp-content\/uploads\/2021\/07\/IMG-20210710-WA0037.jpg?resize=640%2C427&amp;ssl=1\" alt=\"IMG-20210710-WA0037\" class=\"wp-image-355772\"\/><\/figure>\n\n\n\n<p class=\"has-medium-font-size\">Las mariposas Monarca viven la mayor parte de su existencia en Estados Unidos y Canad\u00e1, y en \u00e9poca invernal migra a tierras mexicanas; para poder hibernar recorre alrededor de 4 mil 200 kil\u00f3metros en esta traves\u00eda y descansa en los c\u00e1lidos bosques de oyamel, pino, encino y cedro llegando a esta entidad.<\/p>\n\n\n\n<p class=\"has-medium-font-size\"><em>Danaus plexippus<\/em>&nbsp;es el nombre cient\u00edfico de este insecto y en griego significa \u00abtransformaci\u00f3n somnolienta\u00bb. Este nombre hace referencia a la capacidad que tiene la especie de hibernar y transformarse de oruga a una bella mariposa color naranja vibrante.<\/p>\n\n\n\n<p class=\"has-medium-font-size\">Las mariposas nacidas durante este periodo de migraci\u00f3n son conocidas por vivir m\u00e1s tiempo que una mariposa normal y son llamadas generaci\u00f3n \u201cMatusal\u00e9n\u201d. Estos hermosos insectos son un s\u00edmbolo de inmortalidad, renacimiento y resurrecci\u00f3n, pero tambi\u00e9n de ligereza y lo ef\u00edmero de la alegr\u00eda y la belleza.<\/p>\n\n\n\n<p class=\"has-medium-font-size\">Se dice que son las almas de los difuntos, debido a que su aparici\u00f3n en los bosques del pa\u00eds se da los primeros d\u00edas de noviembre, en D\u00eda de Muertos, una de las fechas m\u00e1s importantes para los mexicanos.<\/p>\n\n\n\n<figure class=\"wp-block-image\"><img decoding=\"async\" src=\"https:\/\/i1.wp.com\/reporterosenmovimiento.com\/wp-content\/uploads\/2021\/07\/IMG-20210710-WA0038.jpg?resize=640%2C427&amp;ssl=1\" alt=\"IMG-20210710-WA0038\" class=\"wp-image-355770\"\/><\/figure>\n\n\n\n<p class=\"has-medium-font-size\">Por estas fechas en la regi\u00f3n de Valle de Bravo se lleva a cabo el Festival de las Almas que, en honor a esta bella especie visitante, lleva en su logotipo unas hermosas mariposas Monarca.<\/p>\n\n\n\n<p class=\"has-medium-font-size\">Actualmente existen tres santuarios para visitar en el Estado de M\u00e9xico, El Capul\u00edn, Piedra Herrada y La Mesa, que abren sus puertas a partir de noviembre y hasta finales de marzo.<\/p>\n\n\n\n<p class=\"has-medium-font-size\">En cada visita es responsabilidad de todos procurar la conservaci\u00f3n de esta especie y generar el menor impacto posible en el medio ambiente.<\/p>\n","protected":false},"excerpt":{"rendered":"<p>Cumple 13 a\u00f1os de la declaratoria respectiva hecha por la UNESCO.Realizan c\u00e1psula de Turismo en&#8230;<\/p>\n","protected":false},"author":4,"featured_media":27488,"comment_status":"closed","ping_status":"closed","sticky":false,"template":"","format":"standard","meta":{"footnotes":""},"categories":[4],"tags":[],"class_list":["post-27491","post","type-post","status-publish","format-standard","has-post-thumbnail","hentry","category-noticias-del-dia"],"_links":{"self":[{"href":"https:\/\/bambapolitica.com.mx\/index.php\/wp-json\/wp\/v2\/posts\/27491","targetHints":{"allow":["GET"]}}],"collection":[{"href":"https:\/\/bambapolitica.com.mx\/index.php\/wp-json\/wp\/v2\/posts"}],"about":[{"href":"https:\/\/bambapolitica.com.mx\/index.php\/wp-json\/wp\/v2\/types\/post"}],"author":[{"embeddable":true,"href":"https:\/\/bambapolitica.com.mx\/index.php\/wp-json\/wp\/v2\/users\/4"}],"replies":[{"embeddable":true,"href":"https:\/\/bambapolitica.com.mx\/index.php\/wp-json\/wp\/v2\/comments?post=27491"}],"version-history":[{"count":1,"href":"https:\/\/bambapolitica.com.mx\/index.php\/wp-json\/wp\/v2\/posts\/27491\/revisions"}],"predecessor-version":[{"id":27492,"href":"https:\/\/bambapolitica.com.mx\/index.php\/wp-json\/wp\/v2\/posts\/27491\/revisions\/27492"}],"wp:featuredmedia":[{"embeddable":true,"href":"https:\/\/bambapolitica.com.mx\/index.php\/wp-json\/wp\/v2\/media\/27488"}],"wp:attachment":[{"href":"https:\/\/bambapolitica.com.mx\/index.php\/wp-json\/wp\/v2\/media?parent=27491"}],"wp:term":[{"taxonomy":"category","embeddable":true,"href":"https:\/\/bambapolitica.com.mx\/index.php\/wp-json\/wp\/v2\/categories?post=27491"},{"taxonomy":"post_tag","embeddable":true,"href":"https:\/\/bambapolitica.com.mx\/index.php\/wp-json\/wp\/v2\/tags?post=27491"}],"curies":[{"name":"wp","href":"https:\/\/api.w.org\/{rel}","templated":true}]}}