{"id":27493,"date":"2021-07-10T11:19:01","date_gmt":"2021-07-10T17:19:01","guid":{"rendered":"http:\/\/bambapolitica.com.mx\/?p=27493"},"modified":"2021-07-10T11:19:02","modified_gmt":"2021-07-10T17:19:02","slug":"anuncian-vacunacion-a-personas-de-30-a-39-anos-en-naucalpan-ecatepec-neza-y-san-simon","status":"publish","type":"post","link":"https:\/\/bambapolitica.com.mx\/index.php\/2021\/07\/10\/anuncian-vacunacion-a-personas-de-30-a-39-anos-en-naucalpan-ecatepec-neza-y-san-simon\/","title":{"rendered":"Anuncian vacunaci\u00f3n a personas de 30 a 39 a\u00f1os en Naucalpan, Ecatepec, Neza y San Sim\u00f3n"},"content":{"rendered":"\n<p class=\"has-medium-font-size\">\u00a0Informan que, a partir del lunes 12 de julio, tambi\u00e9n se aplicar\u00e1 segunda dosis a las personas de 50 a 59 a\u00f1os en 35 municipios.<\/p>\n\n\n\n<p class=\"has-medium-font-size\">Como parte de la estrategia conjunta de vacunaci\u00f3n contra COVID-19 que llevan a cabo los gobiernos de M\u00e9xico y del Estado de M\u00e9xico, en coordinaci\u00f3n con los ayuntamientos de Naucalpan, Ecatepec, Nezahualc\u00f3yotl y San Sim\u00f3n de Guerrero, se dio a conocer el inicio de la vacunaci\u00f3n en primera dosis para la poblaci\u00f3n de 30 a 39 a\u00f1os de dichas demarcaciones.<\/p>\n\n\n\n<p class=\"has-medium-font-size\">Asimismo, a partir del lunes 12 de julio se aplicar\u00e1 segunda dosis a las personas de 50 a 59 a\u00f1os en 35 municipios: Almoloya del R\u00edo, Atizap\u00e1n Santa Cruz, Calimaya, Capulhuac, Chapultepec, Joquicingo, Mexicaltzingo, Ray\u00f3n, San Antonio la Isla, Tenango del Valle, Texcaltitl\u00e1n, Tianguistenco, Xalatlaco, Ocoyoacac, Otzolotepec.<\/p>\n\n\n\n<figure class=\"wp-block-image\"><img decoding=\"async\" src=\"https:\/\/i1.wp.com\/reporterosenmovimiento.com\/wp-content\/uploads\/2021\/07\/wp-16258801577001092266217692228027.jpg?resize=640%2C426&amp;ssl=1\" alt=\"\" class=\"wp-image-355740\"\/><\/figure>\n\n\n\n<p class=\"has-medium-font-size\">Adem\u00e1s de Xonacatl\u00e1n, Amatepec, Luvianos, San Sim\u00f3n de Guerrero, Tejupilco, Temascaltepec, Tlatlaya, Almoloya de Alquisiras, Coatepec Harinas, Ixtapan de la Sal, Malinalco, Ocuilan, Sultepec, Tenancingo, Texcalyacac, Tonatico, Villa Guerrero, Zacualpan, Zumpahuac\u00e1n y Valle de Bravo.<br>Autoridades de los tres niveles de gobierno explicaron que tanto en los municipios donde se vacune al grupo de 30 a 39 como a los de 50 a 59 a\u00f1os, se estar\u00e1 inmunizando a mujeres embarazadas mayores de edad con m\u00e1s de nueve semanas de gestaci\u00f3n, en un horario de 9:00 a 17:00 horas, con base en el siguiente calendario:<\/p>\n\n\n\n<figure class=\"wp-block-image\"><img decoding=\"async\" src=\"https:\/\/i2.wp.com\/reporterosenmovimiento.com\/wp-content\/uploads\/2021\/07\/wp-16258802140806115466869061962500.jpg?resize=640%2C424&amp;ssl=1\" alt=\"\" class=\"wp-image-355742\"\/><\/figure>\n\n\n\n<p class=\"has-medium-font-size\"><br>PRIMERA DOSIS 30 A 39 A\u00d1OS<br>Municipio Letra inicial del primer apellido Fecha para recibir primera dosis Nezahualc\u00f3yotl &#8211; Naucalpan<br>A, B, C, D, E 12 de julio<br>F, G, H, I, J 13 de julio<br>K, L, M, N, \u00d1 14 de julio<br>O, P, Q, R, S, T 15 de julio<br>U, V, W, X, Y, Z 16 de julio<br>*Las personas que no puedan asistir el d\u00eda que les<br>corresponda podr\u00e1n acudir a vacunarse los d\u00edas.<\/p>\n\n\n\n<p class=\"has-medium-font-size\">ECATEPEC<\/p>\n\n\n\n<p class=\"has-medium-font-size\">El pr\u00f3ximo mi\u00e9rcoles 14 de julio iniciar\u00e1 en Ecatepec la jornada de vacunaci\u00f3n contra el Covid-19 para la poblaci\u00f3n de entre 30 y 39 a\u00f1os de edad, que recibir\u00e1 la primera dosis del biol\u00f3gico, para lo cual se habilitar\u00e1n nuevamente los 10 m\u00f3dulos que ya se han establecido anteriormente; el procedimiento ser\u00e1 conforme a la letra del primer apellido.<\/p>\n\n\n\n<p class=\"has-medium-font-size\">El alcalde de Ecatepec, Fernando Vilchis Contreras, dio a conocer que del 14 al 21 de julio se aplicar\u00e1 la primera dosis a todos los habitantes del&nbsp; municipio que pertenezcan a ese grupo, en jornada a cargo del gobierno federal, en coordinaci\u00f3n con autoridades de salud y municipales.<\/p>\n\n\n\n<p class=\"has-medium-font-size\">Ecatepec<br>A, B, C 14 de julio<br>D, E, F 15 de julio<br>G, H, I 16 de julio<br>J, K, L 17 de julio<br>M, N, \u00d1, O 18 de julio<br>P, Q, R 19 de julio<br>S, T, U 20 de julio<br>V, W, X, Y, Z 21 de julio .<\/p>\n\n\n\n<p class=\"has-medium-font-size\">Los requisitos a cubrir son los mismos que se han solicitado antes; en este caso tener entre 30 y 39 a\u00f1os de edad, ser residente de Ecatepec, no haberse aplicado ninguna dosis, presentar identificaci\u00f3n oficial con domicilio de este municipio y el registro impreso con c\u00f3digo QR que se descarga de la p\u00e1gina&nbsp;<a href=\"http:\/\/www.mivacuna.salud.gob.mx\/\">http:\/\/www.mivacuna.salud.gob.mx<\/a>.<\/p>\n\n\n\n<p class=\"has-medium-font-size\">Los m\u00f3dulos estar\u00e1n dispuestos en las instalaciones del Centro Cultural y Deportivo Las Am\u00e9ricas, el Deportivo Las Am\u00e9ricas (albercas), el Centro C\u00edvico R\u00edo de Luz, Chiconautl\u00e1n 3000, Centro C\u00edvico Chamizal, Deportivo Ejidal Emiliano Zapata, Deportivo Bicentenario, Centro C\u00edvico M\u00fazquiz y la Universidad Estatal del Valle de Ecatepec (Uneve), los cuales brindar\u00e1n atenci\u00f3n en un horario de 9:00 a 17:00 horas.<\/p>\n","protected":false},"excerpt":{"rendered":"<p>\u00a0Informan que, a partir del lunes 12 de julio, tambi\u00e9n se aplicar\u00e1 segunda dosis a&#8230;<\/p>\n","protected":false},"author":4,"featured_media":27487,"comment_status":"closed","ping_status":"closed","sticky":false,"template":"","format":"standard","meta":{"footnotes":""},"categories":[4],"tags":[],"class_list":["post-27493","post","type-post","status-publish","format-standard","has-post-thumbnail","hentry","category-noticias-del-dia"],"_links":{"self":[{"href":"https:\/\/bambapolitica.com.mx\/index.php\/wp-json\/wp\/v2\/posts\/27493","targetHints":{"allow":["GET"]}}],"collection":[{"href":"https:\/\/bambapolitica.com.mx\/index.php\/wp-json\/wp\/v2\/posts"}],"about":[{"href":"https:\/\/bambapolitica.com.mx\/index.php\/wp-json\/wp\/v2\/types\/post"}],"author":[{"embeddable":true,"href":"https:\/\/bambapolitica.com.mx\/index.php\/wp-json\/wp\/v2\/users\/4"}],"replies":[{"embeddable":true,"href":"https:\/\/bambapolitica.com.mx\/index.php\/wp-json\/wp\/v2\/comments?post=27493"}],"version-history":[{"count":1,"href":"https:\/\/bambapolitica.com.mx\/index.php\/wp-json\/wp\/v2\/posts\/27493\/revisions"}],"predecessor-version":[{"id":27494,"href":"https:\/\/bambapolitica.com.mx\/index.php\/wp-json\/wp\/v2\/posts\/27493\/revisions\/27494"}],"wp:featuredmedia":[{"embeddable":true,"href":"https:\/\/bambapolitica.com.mx\/index.php\/wp-json\/wp\/v2\/media\/27487"}],"wp:attachment":[{"href":"https:\/\/bambapolitica.com.mx\/index.php\/wp-json\/wp\/v2\/media?parent=27493"}],"wp:term":[{"taxonomy":"category","embeddable":true,"href":"https:\/\/bambapolitica.com.mx\/index.php\/wp-json\/wp\/v2\/categories?post=27493"},{"taxonomy":"post_tag","embeddable":true,"href":"https:\/\/bambapolitica.com.mx\/index.php\/wp-json\/wp\/v2\/tags?post=27493"}],"curies":[{"name":"wp","href":"https:\/\/api.w.org\/{rel}","templated":true}]}}