{"id":27495,"date":"2021-07-10T11:20:35","date_gmt":"2021-07-10T17:20:35","guid":{"rendered":"http:\/\/bambapolitica.com.mx\/?p=27495"},"modified":"2021-07-10T11:20:36","modified_gmt":"2021-07-10T17:20:36","slug":"este-lunes-inicia-vacunacion-para-adultos-de-30-a-39-anos-en-neza","status":"publish","type":"post","link":"https:\/\/bambapolitica.com.mx\/index.php\/2021\/07\/10\/este-lunes-inicia-vacunacion-para-adultos-de-30-a-39-anos-en-neza\/","title":{"rendered":"Este lunes inicia vacunaci\u00f3n para adultos de 30 a 39 a\u00f1os en Neza"},"content":{"rendered":"\n<p class=\"has-medium-font-size\">Este lunes 12 de julio y hasta el pr\u00f3ximo viernes 16, se llevar\u00e1 a cabo la jornada de vacunaci\u00f3n anti COVID-19 a personas de 30 a 39 a\u00f1os de edad en Nezahualc\u00f3yotl, mujeres embarazadas con m\u00ednimo 12 semanas de gestaci\u00f3n, as\u00ed como rezagados de otros grupos de edad que por alguna raz\u00f3n no recibieron la primera dosis cuando les correspond\u00eda, de acuerdo a la letra inicial de su apellido paterno, as\u00ed lo inform\u00f3 el presidente municipal Juan Hugo de la Rosa Garc\u00eda.<\/p>\n\n\n\n<figure class=\"wp-block-image size-large\"><img loading=\"lazy\" decoding=\"async\" width=\"662\" height=\"1024\" src=\"https:\/\/bambapolitica.com.mx\/wp-content\/uploads\/2021\/07\/IMG-20210709-WA0030-662x1024.jpg\" alt=\"\" class=\"wp-image-27486\" srcset=\"https:\/\/bambapolitica.com.mx\/wp-content\/uploads\/2021\/07\/IMG-20210709-WA0030-662x1024.jpg 662w, https:\/\/bambapolitica.com.mx\/wp-content\/uploads\/2021\/07\/IMG-20210709-WA0030-194x300.jpg 194w, https:\/\/bambapolitica.com.mx\/wp-content\/uploads\/2021\/07\/IMG-20210709-WA0030-768x1187.jpg 768w, https:\/\/bambapolitica.com.mx\/wp-content\/uploads\/2021\/07\/IMG-20210709-WA0030-94x146.jpg 94w, https:\/\/bambapolitica.com.mx\/wp-content\/uploads\/2021\/07\/IMG-20210709-WA0030-32x50.jpg 32w, https:\/\/bambapolitica.com.mx\/wp-content\/uploads\/2021\/07\/IMG-20210709-WA0030-49x75.jpg 49w, https:\/\/bambapolitica.com.mx\/wp-content\/uploads\/2021\/07\/IMG-20210709-WA0030.jpg 828w\" sizes=\"auto, (max-width: 662px) 100vw, 662px\" \/><\/figure>\n\n\n\n<p class=\"has-medium-font-size\">El alcalde indic\u00f3 que se instalar\u00e1n seis m\u00f3dulos de vacunaci\u00f3n, cuatro de ellos en modalidad de pie ubicados en: la Unidad Administrativa Nezahualc\u00f3yotl, en Avenida Central Calle 35 s\/n esquina con Avenida 6, colonia Campestre Guadalupana, Explanada del Palacio Municipal, con domicilio en Avenida Chimalhuac\u00e1n s\/n, colonia Benito Ju\u00e1rez, Deportivo Nezahualc\u00f3yotl, en calle San Esteban esquina con Sara Garc\u00eda, colonia Ampliaci\u00f3n Vicente Villada, y en la Preparatoria Colegio de la Comunidad incorporada a la UAEM, en calle Condesa s\/n esquina Aviaci\u00f3n Civil, colonia General Vicente Villada para atender a aquellos vecinos que ingresen a pie.<\/p>\n\n\n\n<figure class=\"wp-block-image\"><a href=\"https:\/\/i2.wp.com\/reporterosenmovimiento.com\/wp-content\/uploads\/2021\/07\/IMG-20210709-WA0032.jpg?ssl=1\"><img decoding=\"async\" src=\"https:\/\/i2.wp.com\/reporterosenmovimiento.com\/wp-content\/uploads\/2021\/07\/IMG-20210709-WA0032.jpg?resize=640%2C427&amp;ssl=1\" alt=\"\" class=\"wp-image-355732\"\/><\/a><\/figure>\n\n\n\n<p class=\"has-medium-font-size\">Mientras que dos m\u00e1s en modalidad vehicular que estar\u00e1n localizados en: la Facultad de Estudios Superiores FES-Arag\u00f3n, Avenida Hacienda de Rancho Seco sin n\u00famero, colonia Impulsora Popular Av\u00edcola y en la Ciudad Deportiva de Nezahualc\u00f3yotl (atr\u00e1s de la Plaza Ciudad Jard\u00edn), ubicada en Avenida Bordo de Xochiaca sin n\u00famero, colonia Tamaulipas.<\/p>\n\n\n\n<p class=\"has-medium-font-size\">De la Rosa Garc\u00eda indic\u00f3 que aquellos habitantes de Nezahualc\u00f3yotl que se encuentren en dicho rango de edad deber\u00e1n acudir a recibir la vacuna de acuerdo a la inicial del apellido paterno de 9 de la ma\u00f1ana a 5 de la tarde las siguientes fechas: lunes 12 de julio iniciales A, B, C, D, E, martes 13 de julio F, G, H, I. J, mi\u00e9rcoles 14 de julio K, L, M, \u00d1, N, jueves 15 de julio O, P, Q, R, S y finalmente viernes 16 de julio U, X, Y, Z.<\/p>\n\n\n\n<p class=\"has-medium-font-size\">Se\u00f1al\u00f3 que, como en ocasiones anteriores, m\u00e1s de mil servidores p\u00fablicos del gobierno municipal, as\u00ed como del federal y estatal, estar\u00e1n listos para atender como se merecen a las personas que acudan a vacunarse y resolver cualquier situaci\u00f3n que se presente, al tiempo que record\u00f3 que para brindar un servicio \u00e1gil es fundamental acudir con la documentaci\u00f3n requerida completa, la cual consiste en su comprobante de registro, el cual deben descargar en la p\u00e1gina mivacuna.salud.gob.mx, identificaci\u00f3n oficial con fotograf\u00eda, copia de su CURP y comprobante de domicilio.<\/p>\n\n\n\n<figure class=\"wp-block-image\"><a href=\"https:\/\/i2.wp.com\/reporterosenmovimiento.com\/wp-content\/uploads\/2021\/07\/IMG-20210709-WA0034.jpg?ssl=1\"><img decoding=\"async\" src=\"https:\/\/i2.wp.com\/reporterosenmovimiento.com\/wp-content\/uploads\/2021\/07\/IMG-20210709-WA0034.jpg?resize=640%2C427&amp;ssl=1\" alt=\"\" class=\"wp-image-355734\"\/><\/a><\/figure>\n\n\n\n<p class=\"has-medium-font-size\">Recomend\u00f3 a la poblaci\u00f3n desayunar o comer bien previo a vacunarse, acudir con cubrebocas y careta si les es posible, mantener la sana distancia dentro de los centros de vacunaci\u00f3n en medida de lo posible, y en caso de tomar alg\u00fan tratamiento m\u00e9dico seguirlo con normalidad.<\/p>\n\n\n\n<p class=\"has-medium-font-size\">Finalmente, el presidente municipal de Nezahualc\u00f3yotl Juan Hugo de la Rosa Garc\u00eda, llam\u00f3 a toda la poblaci\u00f3n entre los 30 y 39 a\u00f1os de edad, as\u00ed como mujeres embarazadas con m\u00ednimo 12 semanas de gestaci\u00f3n a vacunarse en las fechas y horarios indicados y unidos continuar avanzando en la contenci\u00f3n del COVID-19.<\/p>\n","protected":false},"excerpt":{"rendered":"<p>Este lunes 12 de julio y hasta el pr\u00f3ximo viernes 16, se llevar\u00e1 a cabo&#8230;<\/p>\n","protected":false},"author":4,"featured_media":27486,"comment_status":"closed","ping_status":"closed","sticky":false,"template":"","format":"standard","meta":{"footnotes":""},"categories":[4],"tags":[],"class_list":["post-27495","post","type-post","status-publish","format-standard","has-post-thumbnail","hentry","category-noticias-del-dia"],"_links":{"self":[{"href":"https:\/\/bambapolitica.com.mx\/index.php\/wp-json\/wp\/v2\/posts\/27495","targetHints":{"allow":["GET"]}}],"collection":[{"href":"https:\/\/bambapolitica.com.mx\/index.php\/wp-json\/wp\/v2\/posts"}],"about":[{"href":"https:\/\/bambapolitica.com.mx\/index.php\/wp-json\/wp\/v2\/types\/post"}],"author":[{"embeddable":true,"href":"https:\/\/bambapolitica.com.mx\/index.php\/wp-json\/wp\/v2\/users\/4"}],"replies":[{"embeddable":true,"href":"https:\/\/bambapolitica.com.mx\/index.php\/wp-json\/wp\/v2\/comments?post=27495"}],"version-history":[{"count":1,"href":"https:\/\/bambapolitica.com.mx\/index.php\/wp-json\/wp\/v2\/posts\/27495\/revisions"}],"predecessor-version":[{"id":27496,"href":"https:\/\/bambapolitica.com.mx\/index.php\/wp-json\/wp\/v2\/posts\/27495\/revisions\/27496"}],"wp:featuredmedia":[{"embeddable":true,"href":"https:\/\/bambapolitica.com.mx\/index.php\/wp-json\/wp\/v2\/media\/27486"}],"wp:attachment":[{"href":"https:\/\/bambapolitica.com.mx\/index.php\/wp-json\/wp\/v2\/media?parent=27495"}],"wp:term":[{"taxonomy":"category","embeddable":true,"href":"https:\/\/bambapolitica.com.mx\/index.php\/wp-json\/wp\/v2\/categories?post=27495"},{"taxonomy":"post_tag","embeddable":true,"href":"https:\/\/bambapolitica.com.mx\/index.php\/wp-json\/wp\/v2\/tags?post=27495"}],"curies":[{"name":"wp","href":"https:\/\/api.w.org\/{rel}","templated":true}]}}