{"id":27497,"date":"2021-07-10T11:22:27","date_gmt":"2021-07-10T17:22:27","guid":{"rendered":"http:\/\/bambapolitica.com.mx\/?p=27497"},"modified":"2021-07-10T11:22:28","modified_gmt":"2021-07-10T17:22:28","slug":"curva-epidemica-ya-suma-cinco-semanas-al-alza-segundo-dia-con-mas-de-9-mil-300-casos","status":"publish","type":"post","link":"https:\/\/bambapolitica.com.mx\/index.php\/2021\/07\/10\/curva-epidemica-ya-suma-cinco-semanas-al-alza-segundo-dia-con-mas-de-9-mil-300-casos\/","title":{"rendered":"Curva epid\u00e9mica ya suma cinco semanas al alza; segundo d\u00eda con m\u00e1s de 9 mil 300 casos"},"content":{"rendered":"\n<p class=\"has-medium-font-size\">CDMX no cerrar\u00e1 actividades. El ISSSTE solicit\u00f3 a sus centros m\u00e9dicos en la capital del pa\u00eds y el Edomex incrementar las camas para pacientes con coronavirus.<\/p>\n\n\n\n<p class=\"has-medium-font-size\">Por segundo d\u00eda consecutivo, M\u00e9xico rebas\u00f3 los nueve\u00a0mil 300 contagios de covid-19\u00a0en un d\u00eda, cifra no vista desde febrero pasado.<\/p>\n\n\n\n<p class=\"has-medium-font-size\">Adem\u00e1s, por quinta semana consecutiva la curva epid\u00e9mica de casos activos estimados va en aumento.<\/p>\n\n\n\n<p class=\"has-medium-font-size\">El lunes 7 de junio se registr\u00f3 el primer incremento, que en ese momento represent\u00f3 0.1% y 18 mil 514 casos activos estimados tras 20 semanas consecutivas de reducci\u00f3n. Cinco semanas despu\u00e9s, ayer la curva subi\u00f3 a 29%, con 56 mil 907 activos estimados.<\/p>\n\n\n\n<p class=\"has-medium-font-size\">En tanto, el ISSSTE solicit\u00f3 a los directores de sus hospitales y unidades en la CDMX y Edomex\u00a0incrementar de inmediato el n\u00famero de camas. La capital del pa\u00eds se mantendr\u00e1 en sem\u00e1foro amarillo del 12 al 18 de julio. La jefa de Gobierno,\u00a0Claudia Sheinbaum,\u00a0indic\u00f3 que no se tiene contemplado el cierre de actividades econ\u00f3micas.<\/p>\n\n\n\n<p class=\"has-medium-font-size\">INCREMENTA A 29% LA CURVA EPID\u00c9MICA<\/p>\n\n\n\n<p class=\"has-medium-font-size\">Por segundo d\u00eda consecutivo, M\u00e9xico tiene m\u00e1s de 9 mil casos positivos de covid-19. Adem\u00e1s, por quinta semana consecutiva la curva epid\u00e9mica de casos activos estimados va en aumento.<\/p>\n\n\n\n<p class=\"has-medium-font-size\">El lunes 7 de junio se registr\u00f3 el primer incremento de esta curva, la cual, en ese momento, represent\u00f3 0.1% con 18 mil 514 casos activos estimados; esto tras 20 semanas consecutivas de reducci\u00f3n.<\/p>\n\n\n\n<p class=\"has-medium-font-size\">Ese d\u00eda, la Secretar\u00eda de Salud inform\u00f3 que \u201cM\u00e9xico inici\u00f3 esta semana una meseta, con posibilidad de que se convierta en un peque\u00f1o incremento\u201d.<\/p>\n\n\n\n<p class=\"has-medium-font-size\">Cinco semanas despu\u00e9s, este viernes 9 de julio, la curva epid\u00e9mica represent\u00f3 29%, con 56 mil 907 casos activos estimados y hace tres d\u00edas. El subsecretario de Prevenci\u00f3n y Promoci\u00f3n de la Salud,\u00a0Hugo L\u00f3pez-Gatell, confirm\u00f3 que el pa\u00eds atravesaba por una tercera ola.\u00a0<\/p>\n\n\n\n<p class=\"has-medium-font-size\">Ayer, la Secretar\u00eda de Salud report\u00f3 217 muertes m\u00e1s por covid-19 en M\u00e9xico, con lo que suman 234 mil 675 y notific\u00f3 2 millones 577 mil 140 casos confirmados, es decir, 9 mil 319 m\u00e1s que ayer.<\/p>\n\n\n\n<p class=\"has-medium-font-size\">Aunque el porcentaje de hospitalizaci\u00f3n se mantiene en 22% en camas generales y 19% en camas con ventilador, los casos activos estimados rebasaron el 2%, con 56 mil 907, que se consideran aquellos casos positivos que iniciaron s\u00edntomas en los \u00faltimos 14 d\u00edas.<\/p>\n\n\n\n<p class=\"has-medium-font-size\">La Ciudad de M\u00e9xico y el Estado de M\u00e9xico son las entidades con mayor n\u00famero de casos activos (>3,000 casos), seguida de Baja California Sur, Tabasco, Quintana Roo, Sinaloa, Veracruz, Yucat\u00e1n, Nuevo Le\u00f3n, Tamaulipas, Jalisco y Sonora, como las entidades con m\u00e1s de mil casos activos, concentrando 85% de los casos activos del pa\u00eds\u201d, de acuerdo con el informe t\u00e9cnico diario de covid-19.<\/p>\n\n\n\n<p class=\"has-medium-font-size\">Al corte a las 21:00 horas, se report\u00f3 que el jueves 8 de julio, se aplicaron 649 mil 100 dosis de vacunas contra covid-19.<\/p>\n\n\n\n<p class=\"has-medium-font-size\">A nivel general, desde el 24 de diciembre hasta el jueves 8 de julio se han aplicado un total de 49 millones 857 mil 020 dosis destinadas a personal de salud, personal educativo, adultos mayores de 60 a\u00f1os y m\u00e1s, personas de 50 a 59 a\u00f1os, de 40 a 49 a\u00f1os y de 30 y 39 a\u00f1os.<\/p>\n\n\n\n<p class=\"has-medium-font-size\">Hasta el momento, 41% de la poblaci\u00f3n en M\u00e9xico est\u00e1 vacunada, es decir, 34 millones 627 mil 540 personas, de las cuales, 59%, 20 millones 548 mil 715, tiene el esquema de vacunaci\u00f3n completo y el 41%, 14 millones 078 mil 825, medio esquema.<\/p>\n\n\n\n<p class=\"has-medium-font-size\">Las cinco entidades con mayor cobertura de vacunaci\u00f3n entre su poblaci\u00f3n son: Baja California, 79%; Ciudad de M\u00e9xico, 59%; Baja California Sur, 54%; Yucat\u00e1n, 51%; Zacatecas, 43%; Quintana Roo, 46 por ciento. Mientras que las entidades m\u00e1s rezagadas son Chiapas, 18%; Puebla, 25%; Guerrero, 29%; y Oaxaca, 29 por ciento.<\/p>\n\n\n\n<p class=\"has-medium-font-size\">M\u00e9xico ha recibido por parte de los laboratorios 65 millones 685 mil 285 de dosis de vacunas contra covid-19.<br>Exc\u00e9lsior.<\/p>\n","protected":false},"excerpt":{"rendered":"<p>CDMX no cerrar\u00e1 actividades. El ISSSTE solicit\u00f3 a sus centros m\u00e9dicos en la capital del&#8230;<\/p>\n","protected":false},"author":4,"featured_media":27485,"comment_status":"closed","ping_status":"closed","sticky":false,"template":"","format":"standard","meta":{"footnotes":""},"categories":[4],"tags":[],"class_list":["post-27497","post","type-post","status-publish","format-standard","has-post-thumbnail","hentry","category-noticias-del-dia"],"_links":{"self":[{"href":"https:\/\/bambapolitica.com.mx\/index.php\/wp-json\/wp\/v2\/posts\/27497","targetHints":{"allow":["GET"]}}],"collection":[{"href":"https:\/\/bambapolitica.com.mx\/index.php\/wp-json\/wp\/v2\/posts"}],"about":[{"href":"https:\/\/bambapolitica.com.mx\/index.php\/wp-json\/wp\/v2\/types\/post"}],"author":[{"embeddable":true,"href":"https:\/\/bambapolitica.com.mx\/index.php\/wp-json\/wp\/v2\/users\/4"}],"replies":[{"embeddable":true,"href":"https:\/\/bambapolitica.com.mx\/index.php\/wp-json\/wp\/v2\/comments?post=27497"}],"version-history":[{"count":1,"href":"https:\/\/bambapolitica.com.mx\/index.php\/wp-json\/wp\/v2\/posts\/27497\/revisions"}],"predecessor-version":[{"id":27498,"href":"https:\/\/bambapolitica.com.mx\/index.php\/wp-json\/wp\/v2\/posts\/27497\/revisions\/27498"}],"wp:featuredmedia":[{"embeddable":true,"href":"https:\/\/bambapolitica.com.mx\/index.php\/wp-json\/wp\/v2\/media\/27485"}],"wp:attachment":[{"href":"https:\/\/bambapolitica.com.mx\/index.php\/wp-json\/wp\/v2\/media?parent=27497"}],"wp:term":[{"taxonomy":"category","embeddable":true,"href":"https:\/\/bambapolitica.com.mx\/index.php\/wp-json\/wp\/v2\/categories?post=27497"},{"taxonomy":"post_tag","embeddable":true,"href":"https:\/\/bambapolitica.com.mx\/index.php\/wp-json\/wp\/v2\/tags?post=27497"}],"curies":[{"name":"wp","href":"https:\/\/api.w.org\/{rel}","templated":true}]}}