{"id":27510,"date":"2021-07-12T08:13:38","date_gmt":"2021-07-12T14:13:38","guid":{"rendered":"http:\/\/bambapolitica.com.mx\/?p=27510"},"modified":"2021-07-12T08:13:40","modified_gmt":"2021-07-12T14:13:40","slug":"calientan-al-pan","status":"publish","type":"post","link":"https:\/\/bambapolitica.com.mx\/index.php\/2021\/07\/12\/calientan-al-pan\/","title":{"rendered":"Calientan al PAN"},"content":{"rendered":"\n<p class=\"has-medium-font-size\">PLUMA NEGRA<\/p>\n\n\n\n<p class=\"has-medium-font-size\">Ignacio Alvarez<\/p>\n\n\n\n<p class=\"has-medium-font-size\">Reviven la Cuenca<\/p>\n\n\n\n<p class=\"has-medium-font-size\">Semaforo rojo<\/p>\n\n\n\n<p class=\"has-medium-font-size\">De acuerdo a los estatutos del PAN, el actual Comit\u00e9 Estatal a cargo de Joaqu\u00edn Guzm\u00e1n Avil\u00e9s concluye su periodo hasta noviembre pr\u00f3ximo con derecho a la reelecci\u00f3n, sin embargo, los grupos antag\u00f3nicos ya zopilotean al Chapito, bajo el argumento de los malos resultados de la elecci\u00f3n del pasado 6 de junio, aunque es ya un secreto a voces que el grupo m\u00e1s interesado es el de los Yunes.<\/p>\n\n\n\n<p class=\"has-medium-font-size\">Los motivos que tienen los Yunes para promover la remoci\u00f3n anticipada de la dirigencia estatal tiene que ver con el municipio de Veracruz, en el que se anticipa la anulaci\u00f3n de la elecci\u00f3n; la instalaci\u00f3n de un Concejo Municipal y una Elecci\u00f3n Extraordinaria ya sin Fernando Yunes M\u00e1rquez como alcalde en la primera mitad del 2022.<\/p>\n\n\n\n<p class=\"has-medium-font-size\">En ese escenario, los Yunes quedar\u00edan completamente contra la pared, si quieren volver a participar en una extraordinaria, estar\u00edan obligados a hacerlo como cualquier hijo de vecino, sin ning\u00fan poder. Es por eso que se apresuraron a promover a Tito Delf\u00edn como sucesor del Chapo.<\/p>\n\n\n\n<p class=\"has-medium-font-size\">El patrocinio de los Yunes a Tito Delf\u00edn obedece a que ya no hay m\u00e1s c\u00f3mplices dentro del PAN que est\u00e9n de acuerdo con la presencia de la firma familiar en ese partido. De hecho hasta antes de la elecci\u00f3n, Tito Delf\u00edn no era de las simpat\u00edas yunistas, pero la necesidad de c\u00f3mplices los llev\u00f3 a tocar el lado mercenario del turbio pol\u00edtico.<\/p>\n\n\n\n<p class=\"has-medium-font-size\">A la familia Yunes le urge contar con el control del Comit\u00e9 Estatal que ser\u00eda su \u00faltimo reducto para un repliegue que les permita mejores condiciones de competencia ante MORENA ante la eventual anulaci\u00f3n del proceso electoral del pasado junio en el que trata de legitimar a la se\u00f1ora Patricia Lobeira con un proceso de impugnaciones encima aun sin resolver.<\/p>\n\n\n\n<p class=\"has-large-font-size\">Reviven la Cuenca<\/p>\n\n\n\n<p class=\"has-medium-font-size\">Ante la escasa actividad de la actual Secretar\u00eda de Turismo en el estado de Veracruz, desde hace dos a\u00f1os se impulsa la actividad tur\u00edstica desde la Secretar\u00eda General de Gobierno y en cuesti\u00f3n de d\u00edas, se pondr\u00e1 en marcha el proyecto del Catamar\u00e1n \u201cEl Cuenque\u00f1o\u201d, una embarcaci\u00f3n que pretende revivir las glorias del pasado pujante de la Cuenca del Papaloapan, ahora desde el aspecto tur\u00edstico.<\/p>\n\n\n\n<p class=\"has-medium-font-size\">La ingeniosa idea es llevar turismo desde Alvarado, Tlacotalpan, Carlos A Carrilo, Chacaltianguis y Otatitl\u00e1n y comunidades ribere\u00f1as donde los pasajeros puedan hacer disfrutar del paisaje de las pangas, los manglares, lirio acu\u00e1tico, iglesias, gastronom\u00eda desde mariscos hasta pl\u00e1tanos fritos.<\/p>\n\n\n\n<p class=\"has-medium-font-size\">Desde la Secretar\u00eda de Gobierno se impulsa la resurrecci\u00f3n econ\u00f3mica y tur\u00edstica de la Regi\u00f3n del Papaloapan con la navegaci\u00f3n del catamar\u00e1n El Cuenque\u00f1o, que seg\u00fan fuentes confiables est\u00e1 listo para que le estrellen el champagne en su casco y supere el momento critico de la botadura a las aguas del R\u00edo de las Mariposas.<\/p>\n\n\n\n<p class=\"has-medium-font-size\">Despu\u00e9s de siglos en que esas aguas dulces fueron navegadas por buque comerciales y embarcaciones de cabotaje, en las \u00faltimas d\u00e9cadas solos se observaban peque\u00f1os yates privados que durante las fiestas de la Virgen de la Candelaria surcaban las aguas del Papaloapan.<\/p>\n\n\n\n<p class=\"has-large-font-size\">Sem\u00e1foro rojo<\/p>\n\n\n\n<p class=\"has-medium-font-size\">Autoridades de Salud, registraron 516 casos de contagios de Covid-19 en las \u00faltimas 24 horas en el estado de Veracruz, cifra alarmante en condici\u00f3n de sem\u00e1foro rojo que pocos respetan.<\/p>\n\n\n\n<p class=\"has-medium-font-size\">Mientras que se mantiene la suspensi\u00f3n de clases y de trabajos en oficinas en el sector p\u00fablico y privado como medida preventiva, la mayor\u00eda de la poblaci\u00f3n realiza sus actividades sin pudor en centros de actividad de alta concentraci\u00f3n.<\/p>\n\n\n\n<p class=\"has-medium-font-size\">Y a pesar de que la aplicaci\u00f3n de la vacuna avanza a poblaci\u00f3n m\u00e1s joven, los efectos parecen ser invertidos, por lo que se espera que en las pr\u00f3ximas semanas cifras m\u00e1s agresivas y contagios m\u00e1s severos con altos riesgos para la vida de los veracruzanos que siguen el modo valiente, para retar de frente a la pandemia.<\/p>\n","protected":false},"excerpt":{"rendered":"<p>PLUMA NEGRA Ignacio Alvarez Reviven la Cuenca Semaforo rojo De acuerdo a los estatutos del&#8230;<\/p>\n","protected":false},"author":4,"featured_media":27511,"comment_status":"closed","ping_status":"closed","sticky":false,"template":"","format":"standard","meta":{"footnotes":""},"categories":[4],"tags":[],"class_list":["post-27510","post","type-post","status-publish","format-standard","has-post-thumbnail","hentry","category-noticias-del-dia"],"_links":{"self":[{"href":"https:\/\/bambapolitica.com.mx\/index.php\/wp-json\/wp\/v2\/posts\/27510","targetHints":{"allow":["GET"]}}],"collection":[{"href":"https:\/\/bambapolitica.com.mx\/index.php\/wp-json\/wp\/v2\/posts"}],"about":[{"href":"https:\/\/bambapolitica.com.mx\/index.php\/wp-json\/wp\/v2\/types\/post"}],"author":[{"embeddable":true,"href":"https:\/\/bambapolitica.com.mx\/index.php\/wp-json\/wp\/v2\/users\/4"}],"replies":[{"embeddable":true,"href":"https:\/\/bambapolitica.com.mx\/index.php\/wp-json\/wp\/v2\/comments?post=27510"}],"version-history":[{"count":1,"href":"https:\/\/bambapolitica.com.mx\/index.php\/wp-json\/wp\/v2\/posts\/27510\/revisions"}],"predecessor-version":[{"id":27512,"href":"https:\/\/bambapolitica.com.mx\/index.php\/wp-json\/wp\/v2\/posts\/27510\/revisions\/27512"}],"wp:featuredmedia":[{"embeddable":true,"href":"https:\/\/bambapolitica.com.mx\/index.php\/wp-json\/wp\/v2\/media\/27511"}],"wp:attachment":[{"href":"https:\/\/bambapolitica.com.mx\/index.php\/wp-json\/wp\/v2\/media?parent=27510"}],"wp:term":[{"taxonomy":"category","embeddable":true,"href":"https:\/\/bambapolitica.com.mx\/index.php\/wp-json\/wp\/v2\/categories?post=27510"},{"taxonomy":"post_tag","embeddable":true,"href":"https:\/\/bambapolitica.com.mx\/index.php\/wp-json\/wp\/v2\/tags?post=27510"}],"curies":[{"name":"wp","href":"https:\/\/api.w.org\/{rel}","templated":true}]}}