{"id":27521,"date":"2021-07-12T08:47:56","date_gmt":"2021-07-12T14:47:56","guid":{"rendered":"http:\/\/bambapolitica.com.mx\/?p=27521"},"modified":"2021-07-12T08:47:58","modified_gmt":"2021-07-12T14:47:58","slug":"de-picante-tequila-y-mariachi","status":"publish","type":"post","link":"https:\/\/bambapolitica.com.mx\/index.php\/2021\/07\/12\/de-picante-tequila-y-mariachi\/","title":{"rendered":"\u00a1De picante, tequila y mariachi!"},"content":{"rendered":"\n<p class=\"has-medium-font-size\">RAZ\u00d3N, TES\u00d3N Y CORAZ\u00d3N<\/p>\n\n\n\n<p class=\"has-medium-font-size\">Por Alejandro Ru\u00edz Robles<\/p>\n\n\n\n<p class=\"has-medium-font-size\">\u201c\u2026 YO SOY QUIEN SOY Y NO ME PAREZCO A NADIE \u2026\u201d<\/p>\n\n\n\n<p class=\"has-medium-font-size\">Crecimos con las pel\u00edculas mexicanas de la \u00c9poca de Oro del Cine Mexicano, donde el charro enamoraba, presum\u00eda de valent\u00f3n y era orgulloso de sus ra\u00edces.<\/p>\n\n\n\n<p class=\"has-medium-font-size\">Con el tiempo, quienes tuvimos oportunidad de viajar y compartir con extranjeros o recibir a turistas en nuestra tierra, era muy agradable escuchar comentarios sobre los mitos que hab\u00eda en torno a nuestro pa\u00eds y resultaba simp\u00e1tico platicar con ellos acerca de lo que era o no realidad.<\/p>\n\n\n\n<p class=\"has-medium-font-size\">El folklore no se ha perdido, pero tal pareciere que las caracter\u00edsticas por las que \u00e9ramos identificados como mexicanos en el mundo cada vez m\u00e1s se han transformado.<\/p>\n\n\n\n<p class=\"has-medium-font-size\">Y con ello \u2026 desafortunadamente para los que nos esforzamos en trabajar y vivir de acuerdo con nuestros valores, actualmente las singularidades del mexicano de las que tanto se hablan, tanto fuera como dentro del pa\u00eds, no nos describen \u2026 \u00a1corruptos, narcos, feminicidas y holgazanes!<\/p>\n\n\n\n<p class=\"has-medium-font-size\">\u201c\u2026 LOS MARIACHIS CALLARON \u2026\u201d<\/p>\n\n\n\n<p class=\"has-medium-font-size\">Desde hace algunos a\u00f1os y hasta ahora, ha habido gente en M\u00e9xico que se ha distinguido por sus acciones u omisiones, de tal manera que, por participar en actividades il\u00edcitas, expresarse en los medios abusando de su investidura o simplemente, con no hacer nada, han logrado que sea la imagen conocida del mexicano; desde luego, avivada por matices sensacionalistas e intereses de quien as\u00ed lo hace.<\/p>\n\n\n\n<p class=\"has-medium-font-size\">Es decir, la imagen viril del mariachi se ha transformado frente al mundo en el sicario que mata mujeres, el delincuente que trafica con droga, el corrupto que tranza y avanza o bien, en la persona sucia y desali\u00f1ada que espera que los dem\u00e1s cambien su entorno.<\/p>\n\n\n\n<p class=\"has-medium-font-size\">Es tal la situaci\u00f3n que, los propios discursos pol\u00edticos y las formas de entretenimiento masivo, han hecho su tema principal de ello, y tristemente, el mundo as\u00ed ya nos conoce.<br>\u00bfCrees que los mexicanos somos mucho m\u00e1s que esta imagen negativa?<\/p>\n\n\n\n<p class=\"has-medium-font-size\">\u201c\u2026 LA VIDA NO VALE NADA \u2026\u201d<\/p>\n\n\n\n<p class=\"has-medium-font-size\">En este contexto, pareciera que vivimos en un M\u00e9xico que en cada esquina negocia armas, drogas o personas, que mata sin c\u00e9sar o que est\u00e1 lleno de par\u00e1sitos humanos sin aspiraciones que son dirigidos por iluminados corruptos y que la \u00fanica forma de alcanzar el \u00e9xito es tranzando y esperando a ser favorecidos por la gracia de los poderosos. <\/p>\n\n\n\n<p class=\"has-medium-font-size\">\u00bfY saben qu\u00e9? \u2026 \u00a1Esta visi\u00f3n de M\u00e9xico no corresponde a la cultura del esfuerzo de las personas con las que he crecido y he visto en mi desarrollo!<br>M\u00e9xico es mucho m\u00e1s que los estereotipos que algunos han querido implementar para poder manipular nuestra realidad a su conveniencia.<\/p>\n\n\n\n<p class=\"has-medium-font-size\">Yo veo gente de trabajo que se compromete con dar su mejor esfuerzo y apoyar a quien ama, por vivir de acuerdo con sus valores y convicciones.<br>Nuestro pa\u00eds no es el M\u00e9xico B\u00e1rbaro que en nada nos representa ni con el cual la mayor\u00eda comulga.<\/p>\n\n\n\n<p class=\"has-medium-font-size\">\u201c\u2026 TE LLEVO EN EL CORAZ\u00d3N \u2026\u201d<\/p>\n\n\n\n<p class=\"has-medium-font-size\">La mayor\u00eda de los mexicanos somos gente de trabajo y sacrificio, solidarios en la tragedia y alegres en las fiestas, leales a nuestras tradiciones y respetuosos en nuestras diferencias, orgullosos de nuestras ra\u00edces y presuntuosos de nuestras peculiaridades, sonrientes con el compatriota y atentos con el turista. \u00a1No vivimos en palacios de miserias y mentiras sino en hogares de amor y esfuerzo!<br>Vemos en la ley un aliado para una adecuada convivencia, honramos las instituciones que nos brindan paz y estabilidad y nos preocupa la injusticia \u2026 \u00a1por ello la reprimimos!<\/p>\n\n\n\n<p class=\"has-medium-font-size\">Que otros por convenir a sus intereses se\u00f1alen que todos los mexicanos somos negativos, es una visi\u00f3n que no merecemos.<\/p>\n\n\n\n<p class=\"has-medium-font-size\">Desde luego, estamos conscientes de lo que ocurre y cada uno de nosotros trata de denunciarlo o evitarlo, pero no deseamos alentar acciones contrarias a nuestro pa\u00eds o a nuestros valores ni mucho menos vivir de ellas.<\/p>\n\n\n\n<p class=\"has-medium-font-size\">Respetamos la vida, el patrimonio y los principios c\u00edvicos y humanos porque as\u00ed hemos sido educados; pretender que lo contrario sea la forma de vida del mexicano es una situaci\u00f3n muy lejana a la realidad.<\/p>\n\n\n\n<p class=\"has-medium-font-size\">\u201c\u2026 SOMBRAS NADA M\u00c1S \u2026\u201d<\/p>\n\n\n\n<p class=\"has-medium-font-size\">Usualmente en pel\u00edculas o programas extranjeros e incluso del pa\u00eds, se retrata las im\u00e1genes de M\u00e9xico en otros colores o con otros matices diferentes al del pa\u00eds de origen; de tal suerte que basta arribar a nuestro pa\u00eds, para cambiar de hermosas escenas a paisajes devastados. \u00a1Esa visi\u00f3n nos lastima y en nada nos representa!<\/p>\n\n\n\n<p class=\"has-medium-font-size\">Nuestra tierra es un para\u00edso, con m\u00e1s buenas que malas personas, de sol y de sombra, en el que el mejor embajador no es el funcionario sino la persona que en cualquier lugar te recibe con una sonrisa y te trata con calidez.<br>Los funcionarios podr\u00e1n actuar conforme a una pol\u00edtica y sus tendencias, pero los ciudadanos actuamos con la fraternidad que nos da ser mexicanos.<\/p>\n\n\n\n<p class=\"has-medium-font-size\">Hay m\u00e1s gente comprometida con mantener un pa\u00eds en armon\u00eda para nosotros y para quien nos visita que los que quieren acabar con \u00e9l o transformarlo con una visi\u00f3n que no nos pertenece.<br>Es cierta la expresi\u00f3n \u201cme dueles M\u00e9xico\u201d, pero est\u00e1 en nosotros establecer: \u201cte sano M\u00e9xico y te mantengo en alto\u201d.<\/p>\n\n\n\n<p class=\"has-medium-font-size\">\u201c\u2026 CANTA Y NO LLORES \u2026\u201d<\/p>\n\n\n\n<p class=\"has-medium-font-size\">Hoy tenemos la oportunidad de mostrarle al mundo el verdadero M\u00e9xico; levant\u00e1ndonos de los problemas econ\u00f3micos, pol\u00edticos y sociales que vivimos y que han sido magnificados por la pandemia COVID-19.<br>No queremos primeras planas mundiales que muestren balazos o muertos, ni material f\u00edlmico de traficantes o asesinos.<\/p>\n\n\n\n<p class=\"has-medium-font-size\">Preferimos, si acaso, notas en interiores de los peri\u00f3dicos, revistas o sitios digitales que muestren nuestros progresos y exalten nuestro civismo. Que exhiban que el mexicano se levanta temprano para dar su mayor esfuerzo en su trabajo o empresa y que regresa a su casa con el deseo de compartir con la familia; esa familia que sabe c\u00f3mo nadie alegrarse en las festividades y comportarse cuando as\u00ed se le requiere.<\/p>\n\n\n\n<p class=\"has-medium-font-size\">\u201c\u2026 AFAMADOS POR ENTRONES, POR ESO TRAEN PANTALONES \u2026\u201d<\/p>\n\n\n\n<p class=\"has-medium-font-size\">Es un buen momento para que todos los mexicanos nos unamos y regresemos a M\u00e9xico al lugar que merece.<br>No pretendemos humillar o lastimar a alguien; \u00fanicamente queremos tomar las oportunidades que se presentan y aprovecharlas \u2026 \u00a1somos personas de trabajo, esfuerzo y valores!<\/p>\n\n\n\n<p class=\"has-medium-font-size\">Si pretendemos algo con nuestras autoridades es que nos den condiciones adecuadas para crecer y consolidarnos, pero si esto no es posible, basta que no nos estorben y nos dejen trabajar.<\/p>\n\n\n\n<p class=\"has-medium-font-size\">Los mexicanos podemos lograr la grandeza por nuestra sociedad y en eso somos bastante impetuosos.<\/p>\n\n\n\n<p class=\"has-medium-font-size\">\u201c\u2026 CUANDO QUIERE UN MEXICANO \u2026\u201d<\/p>\n\n\n\n<p class=\"has-medium-font-size\">Con nuestro actuar podemos no s\u00f3lo ser reconocidos por el picante en nuestras comidas, el tequila en nuestras fiestas o el folklore del mariachi, sino tambi\u00e9n por la calidad personal y profesional y nuestro compromiso con el desarrollo sustentable de nuestros proyectos y empresas. \u00a1Esa es la imagen del mexicano que requerimos que sea conocido y reconocido!<\/p>\n\n\n\n<p class=\"has-medium-font-size\">Somos personas bien intencionadas y valemos mucho m\u00e1s que cualquier serie de eventos desafortunados o actores p\u00fablicos negativos.<\/p>\n\n\n\n<p class=\"has-medium-font-size\">\u00a1Es un orgullo ser mexicano y como tal, tenemos el gran compromiso de hacer de M\u00e9xico el pa\u00eds hermano que sabe c\u00f3mo amar a sus amigos, como honrar sus tradiciones y como respetar al mundo!<br>Y T\u00da \u2026 \u00bfQU\u00c9 HAR\u00c1S HOY POR M\u00c9XICO?<\/p>\n","protected":false},"excerpt":{"rendered":"<p>RAZ\u00d3N, TES\u00d3N Y CORAZ\u00d3N Por Alejandro Ru\u00edz Robles \u201c\u2026 YO SOY QUIEN SOY Y NO&#8230;<\/p>\n","protected":false},"author":4,"featured_media":27522,"comment_status":"closed","ping_status":"closed","sticky":false,"template":"","format":"standard","meta":{"footnotes":""},"categories":[4],"tags":[],"class_list":["post-27521","post","type-post","status-publish","format-standard","has-post-thumbnail","hentry","category-noticias-del-dia"],"_links":{"self":[{"href":"https:\/\/bambapolitica.com.mx\/index.php\/wp-json\/wp\/v2\/posts\/27521","targetHints":{"allow":["GET"]}}],"collection":[{"href":"https:\/\/bambapolitica.com.mx\/index.php\/wp-json\/wp\/v2\/posts"}],"about":[{"href":"https:\/\/bambapolitica.com.mx\/index.php\/wp-json\/wp\/v2\/types\/post"}],"author":[{"embeddable":true,"href":"https:\/\/bambapolitica.com.mx\/index.php\/wp-json\/wp\/v2\/users\/4"}],"replies":[{"embeddable":true,"href":"https:\/\/bambapolitica.com.mx\/index.php\/wp-json\/wp\/v2\/comments?post=27521"}],"version-history":[{"count":1,"href":"https:\/\/bambapolitica.com.mx\/index.php\/wp-json\/wp\/v2\/posts\/27521\/revisions"}],"predecessor-version":[{"id":27523,"href":"https:\/\/bambapolitica.com.mx\/index.php\/wp-json\/wp\/v2\/posts\/27521\/revisions\/27523"}],"wp:featuredmedia":[{"embeddable":true,"href":"https:\/\/bambapolitica.com.mx\/index.php\/wp-json\/wp\/v2\/media\/27522"}],"wp:attachment":[{"href":"https:\/\/bambapolitica.com.mx\/index.php\/wp-json\/wp\/v2\/media?parent=27521"}],"wp:term":[{"taxonomy":"category","embeddable":true,"href":"https:\/\/bambapolitica.com.mx\/index.php\/wp-json\/wp\/v2\/categories?post=27521"},{"taxonomy":"post_tag","embeddable":true,"href":"https:\/\/bambapolitica.com.mx\/index.php\/wp-json\/wp\/v2\/tags?post=27521"}],"curies":[{"name":"wp","href":"https:\/\/api.w.org\/{rel}","templated":true}]}}