{"id":27567,"date":"2021-07-12T10:33:08","date_gmt":"2021-07-12T16:33:08","guid":{"rendered":"http:\/\/bambapolitica.com.mx\/?p=27567"},"modified":"2021-07-12T10:33:13","modified_gmt":"2021-07-12T16:33:13","slug":"que-es-el-sindrome-de-guillain-barre-posiblemente-vinculado-con-la-vacuna-astrazeneca","status":"publish","type":"post","link":"https:\/\/bambapolitica.com.mx\/index.php\/2021\/07\/12\/que-es-el-sindrome-de-guillain-barre-posiblemente-vinculado-con-la-vacuna-astrazeneca\/","title":{"rendered":"\u00bfQu\u00e9 es el s\u00edndrome de Guillain-Barr\u00e9, posiblemente vinculado con la vacuna AstraZeneca?"},"content":{"rendered":"\n<p class=\"has-medium-font-size\">La EMA no descart\u00f3 ni confirm\u00f3 dicha conexi\u00f3n entre el trastorno y la dosis del biol\u00f3gico; sin embargo, pidi\u00f3 a especialistas estar alerta.<\/p>\n\n\n\n<p class=\"has-medium-font-size\">La Agencia Europea de Medicamentos (EMA) pidi\u00f3 estar alerta ante un posible v\u00ednculo entre la vacuna contra COVID-19 desarrollada por AstraZeneca y el s\u00edndrome de Guillain-Barr\u00e9 (GBS, por sus siglas en ingl\u00e9s), por lo que advirti\u00f3 a m\u00e9dicos y pacientes identificar los signos para un diagn\u00f3stico y, de esta forma, brindar un tratamiento temprano.<\/p>\n\n\n\n<p class=\"has-medium-font-size\">En ese sentido, la EMA no descart\u00f3 ni confirm\u00f3 de momento dicha conexi\u00f3n entre el trastorno y la dosis del biol\u00f3gico.<\/p>\n\n\n\n<p class=\"has-medium-font-size\">Pero, \u00bfqu\u00e9 es el s\u00edndrome de Guillain-Barr\u00e9? Te contamos.<\/p>\n\n\n\n<p class=\"has-medium-font-size\">Es un trastorno poco com\u00fan del sistema inmunol\u00f3gico que ataca los nervios perif\u00e9ricos.<br>Puede afectar a los nervios que controlan los movimientos musculares as\u00ed como a los que transmiten sensaciones dolorosas, t\u00e9rmicas y t\u00e1ctiles.<\/p>\n\n\n\n<p class=\"has-medium-font-size\">La aparici\u00f3n del s\u00edndrome es precedida a menudo por infecciones bacterianas o v\u00edricas.<br>Adem\u00e1s, puede desencadenarse por vacunaciones o intervenciones quir\u00fargicas.<\/p>\n\n\n\n<p class=\"has-medium-font-size\">Causa inflamaci\u00f3n de los nervios y puede provocar dolor, entumecimiento, debilidad muscular y dificultad para caminar.<\/p>\n\n\n\n<p class=\"has-medium-font-size\">La Organizaci\u00f3n Mundial de la Salud (OMS) se\u00f1ala que pueden verse afectadas personas de todas las edades. Sin embargo, es m\u00e1s frecuente en adultos y en el sexo masculino.<\/p>\n\n\n\n<p class=\"has-medium-font-size\">Los primeros s\u00edntomas consisten en debilidad u hormigueo, que suelen empezar en las piernas y pueden extenderse a los brazos y la cara.<br>En algunos casos puede producir par\u00e1lisis de las piernas, los brazos o los m\u00fasculos faciales.<br>Cuando son graves se llega a ver afectada el habla y la degluci\u00f3n.<br>La mayor\u00eda de los casos se recuperan totalmente, aunque algunos siguen presentando debilidad.<br>No hay cura para el s\u00edndrome de Guillain-Barr\u00e9, pero el tratamiento puede mejorar los s\u00edntomas y acortar su duraci\u00f3n.<\/p>\n","protected":false},"excerpt":{"rendered":"<p>La EMA no descart\u00f3 ni confirm\u00f3 dicha conexi\u00f3n entre el trastorno y la dosis del&#8230;<\/p>\n","protected":false},"author":4,"featured_media":27568,"comment_status":"closed","ping_status":"closed","sticky":false,"template":"","format":"standard","meta":{"footnotes":""},"categories":[4],"tags":[],"class_list":["post-27567","post","type-post","status-publish","format-standard","has-post-thumbnail","hentry","category-noticias-del-dia"],"_links":{"self":[{"href":"https:\/\/bambapolitica.com.mx\/index.php\/wp-json\/wp\/v2\/posts\/27567","targetHints":{"allow":["GET"]}}],"collection":[{"href":"https:\/\/bambapolitica.com.mx\/index.php\/wp-json\/wp\/v2\/posts"}],"about":[{"href":"https:\/\/bambapolitica.com.mx\/index.php\/wp-json\/wp\/v2\/types\/post"}],"author":[{"embeddable":true,"href":"https:\/\/bambapolitica.com.mx\/index.php\/wp-json\/wp\/v2\/users\/4"}],"replies":[{"embeddable":true,"href":"https:\/\/bambapolitica.com.mx\/index.php\/wp-json\/wp\/v2\/comments?post=27567"}],"version-history":[{"count":1,"href":"https:\/\/bambapolitica.com.mx\/index.php\/wp-json\/wp\/v2\/posts\/27567\/revisions"}],"predecessor-version":[{"id":27569,"href":"https:\/\/bambapolitica.com.mx\/index.php\/wp-json\/wp\/v2\/posts\/27567\/revisions\/27569"}],"wp:featuredmedia":[{"embeddable":true,"href":"https:\/\/bambapolitica.com.mx\/index.php\/wp-json\/wp\/v2\/media\/27568"}],"wp:attachment":[{"href":"https:\/\/bambapolitica.com.mx\/index.php\/wp-json\/wp\/v2\/media?parent=27567"}],"wp:term":[{"taxonomy":"category","embeddable":true,"href":"https:\/\/bambapolitica.com.mx\/index.php\/wp-json\/wp\/v2\/categories?post=27567"},{"taxonomy":"post_tag","embeddable":true,"href":"https:\/\/bambapolitica.com.mx\/index.php\/wp-json\/wp\/v2\/tags?post=27567"}],"curies":[{"name":"wp","href":"https:\/\/api.w.org\/{rel}","templated":true}]}}