{"id":27603,"date":"2021-07-12T13:06:39","date_gmt":"2021-07-12T19:06:39","guid":{"rendered":"http:\/\/bambapolitica.com.mx\/?p=27603"},"modified":"2021-07-12T13:06:41","modified_gmt":"2021-07-12T19:06:41","slug":"dictan-formal-prision-a-luis-cardenas-palomino","status":"publish","type":"post","link":"https:\/\/bambapolitica.com.mx\/index.php\/2021\/07\/12\/dictan-formal-prision-a-luis-cardenas-palomino\/","title":{"rendered":"Dictan formal prisi\u00f3n a Luis C\u00e1rdenas Palomino"},"content":{"rendered":"\n<p class=\"has-medium-font-size\">El ex director de Seguridad Regional de la Polic\u00eda Federal permanecer\u00e1 en el penal de m\u00e1xima seguridad del Altiplano, en el Estado de M\u00e9xico.<\/p>\n\n\n\n<p class=\"has-medium-font-size\">Un juez federal dict\u00f3 auto de formal prisi\u00f3n contra el ex director de Seguridad Regional de la Polic\u00eda Federal, Luis C\u00e1rdenas Palomino, por su probable responsabilidad en el delito de tortura en agravio de cuatro presuntos secuestradores.<\/p>\n\n\n\n<p class=\"has-medium-font-size\">El ex mando policiaco permanecer\u00e1 interno en el penal de m\u00e1xima seguridad del Altiplano, en el Estado de M\u00e9xico, debido a que el delito del cual se le acusa est\u00e1 tipificado como grave.<\/p>\n\n\n\n<p class=\"has-medium-font-size\">Jes\u00fas Alberto Ch\u00e1vez, juez D\u00e9cimo Segundo de Distrito de Procesos Penales Federales con sede en el reclusorio Oriente, en la Ciudad de M\u00e9xico, determin\u00f3 que la Fiscal\u00eda General de la Rep\u00fablica (FGR) aport\u00f3 las pruebas necesarias que hacen presumir la probable responsabilidad de C\u00e1rdenas Palomino en la tortura de Mario Vallarta Cisneros, as\u00ed como de su sobrino Sergio Cortez Vallarta, y de los hermanos Eduardo y Ricardo Estrada Granados.<\/p>\n\n\n\n<p class=\"has-medium-font-size\">La FGR acus\u00f3 a C\u00e1rdenas Palomino porque probablemente orden\u00f3 a agentes de la Polic\u00eda Federal la tortura de las personas antes mencionadas para obligarlos aceptar que formaban parte de la banda de secuestradores Los Zodiaco.<\/p>\n\n\n\n<p class=\"has-medium-font-size\">Mario Vallarta es hermano de Israel Vallarta, quien en su momento fue se\u00f1alado de ser el l\u00edder de la citada banda de secuestradores y que fue detenido junto a su entonces pareja sentimental la francesa Florence Cassez.<\/p>\n\n\n\n<p class=\"has-medium-font-size\">La orden de aprehensi\u00f3n contra el ex mando de la Polic\u00eda Federal fue girada en septiembre pasado por Guillermo Francisco Urbina Tan\u00fas, quien era el titular del juzgado D\u00e9cimo Segundo de Distrito de Procesos Penales Federales.<\/p>\n\n\n\n<p class=\"has-medium-font-size\">El lunes, luego de diez meses de b\u00fasqueda, la FGR captur\u00f3 a Luis C\u00e1rdenas Palomino tras un operativo en el municipio de Naucalpan, Estado de M\u00e9xico.<\/p>\n\n\n\n<p class=\"has-medium-font-size\">El hombre de mayor confianza de Genaro Garc\u00eda Luna, ex secretario de Seguridad P\u00fablica federal, fue sorprendido a las 04:50 horas, en un domicilio que se localiza en el n\u00famero 19 de la calle Bosques de Rambouillet, colonia Paseo del Bosque, sitio al que llegaron elementos de la Polic\u00eda Federal Ministerial de la FGR, as\u00ed como personal de la Secretar\u00eda de Marina (Semar), de la Coordinaci\u00f3n Antisecuestro (Conase) y del Centro Nacional de Inteligencia (CNI).<\/p>\n\n\n\n<p class=\"has-medium-font-size\">En Estados Unidos hay se\u00f1alamientos de que C\u00e1rdenas Palomino protegi\u00f3 y recibi\u00f3 sobornos del c\u00e1rtel de Sinaloa, motivo por el cual Garc\u00eda Luna permanece detenido en esa naci\u00f3n.<\/p>\n","protected":false},"excerpt":{"rendered":"<p>El ex director de Seguridad Regional de la Polic\u00eda Federal permanecer\u00e1 en el penal de&#8230;<\/p>\n","protected":false},"author":4,"featured_media":27604,"comment_status":"closed","ping_status":"closed","sticky":false,"template":"","format":"standard","meta":{"footnotes":""},"categories":[4],"tags":[],"class_list":["post-27603","post","type-post","status-publish","format-standard","has-post-thumbnail","hentry","category-noticias-del-dia"],"_links":{"self":[{"href":"https:\/\/bambapolitica.com.mx\/index.php\/wp-json\/wp\/v2\/posts\/27603","targetHints":{"allow":["GET"]}}],"collection":[{"href":"https:\/\/bambapolitica.com.mx\/index.php\/wp-json\/wp\/v2\/posts"}],"about":[{"href":"https:\/\/bambapolitica.com.mx\/index.php\/wp-json\/wp\/v2\/types\/post"}],"author":[{"embeddable":true,"href":"https:\/\/bambapolitica.com.mx\/index.php\/wp-json\/wp\/v2\/users\/4"}],"replies":[{"embeddable":true,"href":"https:\/\/bambapolitica.com.mx\/index.php\/wp-json\/wp\/v2\/comments?post=27603"}],"version-history":[{"count":1,"href":"https:\/\/bambapolitica.com.mx\/index.php\/wp-json\/wp\/v2\/posts\/27603\/revisions"}],"predecessor-version":[{"id":27605,"href":"https:\/\/bambapolitica.com.mx\/index.php\/wp-json\/wp\/v2\/posts\/27603\/revisions\/27605"}],"wp:featuredmedia":[{"embeddable":true,"href":"https:\/\/bambapolitica.com.mx\/index.php\/wp-json\/wp\/v2\/media\/27604"}],"wp:attachment":[{"href":"https:\/\/bambapolitica.com.mx\/index.php\/wp-json\/wp\/v2\/media?parent=27603"}],"wp:term":[{"taxonomy":"category","embeddable":true,"href":"https:\/\/bambapolitica.com.mx\/index.php\/wp-json\/wp\/v2\/categories?post=27603"},{"taxonomy":"post_tag","embeddable":true,"href":"https:\/\/bambapolitica.com.mx\/index.php\/wp-json\/wp\/v2\/tags?post=27603"}],"curies":[{"name":"wp","href":"https:\/\/api.w.org\/{rel}","templated":true}]}}