{"id":27717,"date":"2021-07-14T11:01:13","date_gmt":"2021-07-14T17:01:13","guid":{"rendered":"http:\/\/bambapolitica.com.mx\/?p=27717"},"modified":"2021-07-14T11:01:26","modified_gmt":"2021-07-14T17:01:26","slug":"tras-levanton-liberan-a-hermano-de-el-tanque-de-tepito","status":"publish","type":"post","link":"https:\/\/bambapolitica.com.mx\/index.php\/2021\/07\/14\/tras-levanton-liberan-a-hermano-de-el-tanque-de-tepito\/","title":{"rendered":"Tras &#8216;levant\u00f3n&#8217;, liberan a hermano de &#8216;El Tanque&#8217; de Tepito"},"content":{"rendered":"\n<p class=\"has-medium-font-size\">Brayan Ortiz \u2018El Chato\u2019, hermano menor del fundador del C\u00e1rtel de Tepito apodado \u2018El Tanque\u2019, fue \u201clevantado\u201d (detenido) este martes por quienes dijeron ser elementos de la Polic\u00eda de Investigaci\u00f3n.<\/p>\n\n\n\n<p class=\"has-medium-font-size\">Sin embargo, cuando los familiares preguntaron por \u00e9l, la Fiscal\u00eda General de Justicia de la CDMX neg\u00f3 que sus agentes lo hubieran detenido y llevado. &nbsp;<\/p>\n\n\n\n<p class=\"has-medium-font-size\">Los vecinos del Barrio de Tepito aseguraron que supuestos agentes de la Polic\u00eda de Investigaci\u00f3n (PDI) se lo llevaron.<\/p>\n\n\n\n<p class=\"has-medium-font-size\">Horas m\u00e1s tarde, Brayan Ortiz fue liberado y regres\u00f3 a su casa.<\/p>\n\n\n\n<p class=\"has-medium-font-size\">Sin embargo, hasta ahora no se sabe qui\u00e9n o qui\u00e9nes se lo llevaron.<\/p>\n\n\n\n<p class=\"has-medium-font-size\">\u00bfQui\u00e9n es El Tanque?<\/p>\n\n\n\n<p class=\"has-medium-font-size\">Jorge Ortiz, mejor conocido en su circulo como \u201cEl Tanque\u201d es fundador del C\u00e1rtel de Tepito. &nbsp;<\/p>\n","protected":false},"excerpt":{"rendered":"<p>Brayan Ortiz \u2018El Chato\u2019, hermano menor del fundador del C\u00e1rtel de Tepito apodado \u2018El Tanque\u2019,&#8230;<\/p>\n","protected":false},"author":4,"featured_media":27722,"comment_status":"closed","ping_status":"closed","sticky":false,"template":"","format":"standard","meta":{"footnotes":""},"categories":[2],"tags":[],"class_list":["post-27717","post","type-post","status-publish","format-standard","has-post-thumbnail","hentry","category-policiaca"],"_links":{"self":[{"href":"https:\/\/bambapolitica.com.mx\/index.php\/wp-json\/wp\/v2\/posts\/27717","targetHints":{"allow":["GET"]}}],"collection":[{"href":"https:\/\/bambapolitica.com.mx\/index.php\/wp-json\/wp\/v2\/posts"}],"about":[{"href":"https:\/\/bambapolitica.com.mx\/index.php\/wp-json\/wp\/v2\/types\/post"}],"author":[{"embeddable":true,"href":"https:\/\/bambapolitica.com.mx\/index.php\/wp-json\/wp\/v2\/users\/4"}],"replies":[{"embeddable":true,"href":"https:\/\/bambapolitica.com.mx\/index.php\/wp-json\/wp\/v2\/comments?post=27717"}],"version-history":[{"count":1,"href":"https:\/\/bambapolitica.com.mx\/index.php\/wp-json\/wp\/v2\/posts\/27717\/revisions"}],"predecessor-version":[{"id":27721,"href":"https:\/\/bambapolitica.com.mx\/index.php\/wp-json\/wp\/v2\/posts\/27717\/revisions\/27721"}],"wp:featuredmedia":[{"embeddable":true,"href":"https:\/\/bambapolitica.com.mx\/index.php\/wp-json\/wp\/v2\/media\/27722"}],"wp:attachment":[{"href":"https:\/\/bambapolitica.com.mx\/index.php\/wp-json\/wp\/v2\/media?parent=27717"}],"wp:term":[{"taxonomy":"category","embeddable":true,"href":"https:\/\/bambapolitica.com.mx\/index.php\/wp-json\/wp\/v2\/categories?post=27717"},{"taxonomy":"post_tag","embeddable":true,"href":"https:\/\/bambapolitica.com.mx\/index.php\/wp-json\/wp\/v2\/tags?post=27717"}],"curies":[{"name":"wp","href":"https:\/\/api.w.org\/{rel}","templated":true}]}}