{"id":28129,"date":"2021-07-21T10:35:11","date_gmt":"2021-07-21T16:35:11","guid":{"rendered":"http:\/\/bambapolitica.com.mx\/?p=28129"},"modified":"2021-07-21T10:35:14","modified_gmt":"2021-07-21T16:35:14","slug":"democracia-efectiva-si-reeleccion","status":"publish","type":"post","link":"https:\/\/bambapolitica.com.mx\/index.php\/2021\/07\/21\/democracia-efectiva-si-reeleccion\/","title":{"rendered":"\u00a1Democracia efectiva s\u00ed reelecci\u00f3n!"},"content":{"rendered":"\n<p class=\"has-medium-font-size\">A prop\u00f3sito del anacronismo \u201csufragio efectivo no reelecci\u00f3n\u201d y la reelecci\u00f3n de facto que vivimos con los gobiernos prianistas.<br>Cr\u00f3nicas Ausentes<br>Lenin Torres Antonio<br>Traigo a colaci\u00f3n el tema tab\u00fa en que hemos convertido los mexicanos, cuando menos hist\u00f3ricamente, la \u201creelecci\u00f3n de nuestros gobernantes\u201d, resumida en la emblem\u00e1tica frase maderista \u201csufragio efectivo no reelecci\u00f3n\u201d, y planteo la necesidad de superar el prejuicio de la \u201cno reelecci\u00f3n\u201d como una de las medidas que tenemos que tomar para fortalecer la democracia en M\u00e9xico.<br>El tema de la \u201creelecci\u00f3n de nuestros gobernantes\u201d pareciera que se ha olvidado el contexto hist\u00f3rico que la origin\u00f3 y las condiciones de M\u00e9xico cu\u00e1ndo Francisco I. Madero la acu\u00f1\u00f3 y la convirti\u00f3 en el estandarte de su lucha por instalar una democracia ilustrada, contexto que tienen que ver con construir candados y condiciones legales que evitar\u00e1n repetir las dictaduras que antecedieron a la Revoluci\u00f3n mexicana, la de Santana y la de Porfirio D\u00edaz.<br>Es menester se\u00f1alar que esa dictadura de Porfirio D\u00edaz conten\u00edan una incipiente democracia que en ocasiones fue utilizada como un instrumento para sostener durante tanto tiempo en el poder a dicho personaje hist\u00f3rico de M\u00e9xico, y que la Revoluci\u00f3n entre comillas con la \u201cno reelecci\u00f3n\u201d hab\u00eda puesto fin, y permit\u00eda a M\u00e9xico entrar a la modernidad ilustrada. Y digo entre comillas, porque a la postre, el sistema de un \u00fanico partido, y despu\u00e9s de un \u00fanico grupo del poder factico construyeron los mecanismos parad\u00f3jicamente \u201cdemocr\u00e1ticos\u201d para intentar perpetuarse en el poder p\u00fablico, y usaron la democracia para legitimarse en el poder p\u00fablico. Esto trajo como consecuencia el deterioro de la democracia como el instrumento de la modernidad para legitimar el poder p\u00fablico, y el deterioro del sistema de partidos pol\u00edticos, y el fracaso de la divisi\u00f3n de poderes, causada por el contubernio de la clase pol\u00edtico con el poder econ\u00f3mico y medi\u00e1tico (medios de comunicaci\u00f3n) contra natura a la autonom\u00eda que est\u00e1 impl\u00edcita en la misma democracia. Desafortunadamente, el \u201csufragio efectivo no reelecci\u00f3n\u201d se convirti\u00f3 en un adorno ret\u00f3rico y en un anacronismo disfuncional.<br>Creo que las luces de la ilustraci\u00f3n con sus orgullosos ejes trasversales, la divisi\u00f3n de poderes y la pluralidad democr\u00e1tica s\u00f3lo han servido para afianzar el poder hegem\u00f3nico mundial neoliberal, haciendo ad hoc indistintamente con la democracia seg\u00fan sus conveniencias, y lo vemos reflejada permanentemente en los asuntos de la geopol\u00edtico, as\u00ed mismo vemos se\u00f1alar insistentemente a Cuba como una dictadura, pero no a China aunque este pa\u00eds tenga la misma forma de gobierno de un solo partido pol\u00edtico, y \u00faltimamente verlo cuestionar al presidente de la hermana rep\u00fablica democr\u00e1tica del Salvador Bukele por \u201catentar contra la divisi\u00f3n de poderes\u201d, aunque est\u00e1 en su derecho constitucional democr\u00e1tico destituir a los magistrados. Es decir, la ilustraci\u00f3n democr\u00e1tica es al final de cuenta la narrativa del sistema dominante que permite el sometimiento y el poder mundial de una clase pol\u00edtica olig\u00e1rquica que se releva el poder \u201cdemocr\u00e1ticamente\u201d seg\u00fan sus intereses y a unos llaman democr\u00e1ticos y a otros dictadores populista.<br>Hace poco escrib\u00ed un texto donde trat\u00e9 estos temas y lo titule \u201cpre-juicios de la democracia\u201d (1), donde expuse esas contradicciones, y pol\u00edticas hegem\u00f3nicas:<br>Comenc\u00e9 el art\u00edculo con lo que sucede al respecto en la rep\u00fablica del Salvador, pues considero que \u201cla historia pol\u00edtica del Salvador es copia fiel del proceso de degradaci\u00f3n de la pol\u00edtica y la clase pol\u00edtica en Am\u00e9rica Latina\u201d, y que en cierta forma, est\u00e1n viviendo un proceso de regeneraci\u00f3n del poder pol\u00edtico y p\u00fablico con el presidente Bukele como M\u00e9xico con el presidente Obrador, \u201cpor eso, un influencer c\u00f3mo Bukele, por cierto muy inteligente, por encima de la clase pol\u00edtica de facto del Salvador, y sin salir de los partidos tradicionales lleg\u00f3 primero a gobernar la capital del Salvador, San Salvador, y luego, de forma contundente fue electo presidente del Salvador, y al igual que el Presidente Obrador, tuvo y tiene enfrente, y paulatinamente \u201cest\u00e1n limpiando las casas\u201d, no tan s\u00f3lo a la clase pol\u00edtica anquilosada en las estructuras del poder legislativo y judicial, operando en contra del proceso de saneamiento de la pol\u00edtica y el proceso de eficientizar el gobierno para que sirva a resolver los problemas que ocasi\u00f3n la vida en sociedad, sino tambi\u00e9n tienen al poder econ\u00f3mico en contra y el poder medi\u00e1tico.<br>Vemos hace poco tiempo al impert\u00e9rrito vigilante de la democracia y todo poderoso l\u00edder del mundo neoliberal los Estados Unidos en voz de su presidente Biden, ahora preocupado porque corrieron a los &#8220;pillos&#8221; magistrados, &#8220;baluartes de la calidad de la democracia y la divisi\u00f3n de poderes&#8221; en el rep\u00fablica hermana del Salvador, y expresar &#8220;su grave preocupaci\u00f3n por la destituci\u00f3n de magistrados,\u2026aunque, previamente el mandatario Bukele hab\u00eda expresado a la comunidad internacional que en su pa\u00eds estaban -limpiando la casa-&#8221; democr\u00e1ticamente de esa decadente clase pol\u00edtica salvadore\u00f1a.<br>Creo que definitivamente la divisi\u00f3n de poderes es un mito ilustrado, pues cuando el pueblo decide y quiere, asume todos los poderes para construirse una mejor sociedad, y si tiene que ejercer el derecho de elegir al mismo gobernante porque est\u00e1 haciendo bien las cosas, pues no hay ley que est\u00e9 por encima del poder popular del pueblo. Y siguiendo el mito, e incluso pensando que es posible que deje de ser mito y podamos hacerlo una realidad, me refer\u00ed que cuando el pueblo decide y quiere otorga todos los poderes a quien quiera que lo represente para construir un mejor mundo, y, por \u00faltimo, apelando a la democracia, su instrumentalizaci\u00f3n, creo que la sociedad mexicana y la clase pol\u00edtica tiene el derecho de opinar ilustradamente sobre la reelecci\u00f3n de sus gobernantes y que a trav\u00e9s del voto le otorguemos el poder al pueblo pueda reelegirlos cuando le plazca. Hablemos de M\u00e9xico como un pa\u00eds de con madurez democr\u00e1tica, estoy convencido que es hora de grandes cambios estructurales para emerger como un pa\u00eds soberano capaz en civilidad e inteligencia resolver sus graves problemas que vive y coadyuvar a construir un mejor mundo.<br>La democracia, aunque un mito, debemos hacerla real y que funcione, y para ello debemos superar algunos prejuicios, pero tambi\u00e9n dejar de enga\u00f1arnos sobre sus alcances y dejar de usar la misma democracia como un instrumento ideol\u00f3gico, adem\u00e1s de someterla a una permanente critica sus preceptos.<br>Uno de esos preceptos, es evitar las mayor\u00edas en aras de \u201cla pluralidad y el equilibrio de poderes\u201d, prejuiciosamente pensando en cuidar el sagrado equilibrio de los poderes trasgredir la esencia de la democracia que es el poder del pueblo, cuando simplemente la democracia tiene impl\u00edcito y explicito que el pueblo tiene el poder para decidir si reparte el poder u otorga una mayor\u00eda absoluta, no se le puede impedir ni mucho menos acotar, est\u00e1 en la potestad del pueblo decidir y no en \u201cun \u00f3rgano &#8220;aut\u00f3nomo&#8221; como el INE intentar acotarlo y querer convertirse en guardi\u00e1n de la \u201cpluralidad y el equilibrio\u201d, y con ello estar por encima de la potestad del pueblo. Ejemplo de esa potestad absoluta del pueblo, es ver c\u00f3mo le otorg\u00f3 al presidente del Salvador Bukele, tener mayor\u00eda en el poder legislativo, y con ello, cambiar el poder judicial por corrupto, y formar un solo poder a favor del pueblo, como sucede en muchas latitudes.<br>En el fondo de esta divisi\u00f3n de poderes existe un solo Poder, y \u00e9ste poder debe ser del pueblo, aun cuando el poder del pueblo tenga que luchar a veces contra movimientos retrogradas retardatarios que caminan en sentido contrario a los intereses de las mayor\u00edas, y dificultando que Creonte haga entender que Antigona puede tener raz\u00f3n, pero nunca atentando contra los bienes de la ciudad.<br>Ayer hice un ejercicio en Facebook, con el t\u00edtulo \u201cdemocracia efectiva s\u00ed reelecci\u00f3n\u201d, con las preguntas: \u201cdejemos el prejuicio de la no reelecci\u00f3n de presidente, Estados Unidos, los pa\u00edses de Europa, y otros much\u00edsimos m\u00e1s pueden reelegir democr\u00e1ticamente a su presidente y eso no significa dictadura, \u00bfpor qu\u00e9 M\u00e9xico no? \u2026saben cu\u00e1ntos a\u00f1os estuvo Merkel en Alemania y cu\u00e1ntos lleva Putin gobernando Rusia\u2026 \u00bfPor qu\u00e9 ellos s\u00ed y nosotros no? \u00bfQu\u00e9 hay democracias de primera y de segundas?\u201d, y los resultados fueron que es un tema que est\u00e1 en la mente del mexicano, y que existe un porcentaje de m\u00e1s del 80% que est\u00e1 a favor de la reelecci\u00f3n, tambi\u00e9n puedo decir que no se ve como un tema prohibido hablar, ni se vislumbran legalismos dogm\u00e1ticos. Por lo que creo que la sociedad mexicana est\u00e1 preparada para comenzar a hablar de la reelecci\u00f3n de los gobernantes como un derecho del pueblo y de los individuos.<br>Al respecto traigo a colaci\u00f3n un texto que escrib\u00ed hace alg\u00fan tiempo exponiendo el prejuicio de la reelecci\u00f3n, para ellos me permito recordar algunos p\u00e1rrafos del texto que titule &#8220;La ejemplaridad y coherencia de Evo Morales y AMLO&#8221;(2):<br>Hay un doble rasero con que el poder hegem\u00f3nico mundial trata el tema de la democracia y la reelecci\u00f3n en el mundo, dejando la impresi\u00f3n que hay democracias de primera y de segundas, y por ende, ciudadanos de primera y de segunda, por eso este poder hegem\u00f3nico mundial neoliberal sit\u00faa la reelecci\u00f3n en Am\u00e9rica Latina como un s\u00edmil de la dictadura, pensando que todo gobernante latinoamericano \u201cencubre en la reelecci\u00f3n una dictadura\u201d, creo que el prejuicio a la reelecci\u00f3n en Am\u00e9rica Latina al respecto, el Imperio en su narrativa es una estrategia fundamental para mantener el dominio, por eso lo vemos cuando se dirige despectivamente al tema de la reelecci\u00f3n de los gobernantes en Am\u00e9rica Latina, ni siquiera permite contraponer el uso de la reelecci\u00f3n de los gobernantes del mismo Estados Unidos de Norteam\u00e9rica (\u201cm\u00e1ximo ejemplo de democracia\u201d), y a Europa que la reelecci\u00f3n es un uso legal frecuente, y hasta podr\u00edamos decir, moderno. Por ese narrativa hegem\u00f3nica demonante del Imperio y por nuestros prejuicios no le hemos podido quitarle el tufo de que todo mandatario latinoamericano que aspira a la reelecci\u00f3n en Am\u00e9rica Latina es un dictador, y los ejemplos que azuza y juzga negativamente el Imperio a favor de esa narrativa genocida de dominio en Am\u00e9rica Latina son Cuba, (con un amoral embargo econ\u00f3mico de m\u00e1s de 60 a\u00f1os, que ha impactado a la isla caribe\u00f1a en m\u00e1s de 90,000 millones de d\u00f3lares seg\u00fan Wikipedia)), Venezuela (tambi\u00e9n sufriendo la intromisi\u00f3n del Imperio), Bolivia (orquestando el Imperio con la Derecha un golpe de facto de estado) y \u00faltimamente, Nicaragua, como contrapuestas a &#8220;la pureza de la corrompida democracia\u201d de los dem\u00e1s esbirros de la derecha que tienen a su favor en Am\u00e9rica Latina, por eso podemos decir, qui\u00e9n puede ver en Iv\u00e1n Duque que la democracia dio a un ejemplar mandatario preocupado por la pobreza de los pueblos de nuestra hermana rep\u00fablica de Colombia, qui\u00e9n puede ver en Bolsonaro un ejemplo de probidad y grandeza de un Brasil que bien podr\u00eda estar encabezando el movimiento progresista de nuestra Am\u00e9rica Latina, qui\u00e9n podr\u00eda ver en Pi\u00f1era en Chile una derecha honesta capaz de sanar y conciliar las heridas sufrida por el Imperio, de un Chile quien vivi\u00f3 en carne propia, con sus muertos y heridos, las estrategias mortales de dominio del Imperio, que no le import\u00f3 matar a su presidente elegido democr\u00e1ticamente, Salador Allende, tan s\u00f3lo por declararse de izquierda, y esto con tal de mantener el poder en el Mundo, y tratar a Am\u00e9rica Latina como su patio trasero\u201d.<br>Como conclusi\u00f3n, podemos decir que parad\u00f3jicamente vemos como en Europa un partido logra la mayor\u00eda absoluta y hace las pol\u00edticas p\u00fablicas, las modificaciones a la ley que cree conveniente, y en ning\u00fan momento lo ven como un atentado \u201cal equilibrio de poderes\u201d y a sus gobernantes como dictadores.<br>Sobre la reelecci\u00f3n, si bien Francisco I. Madero tuvo su justificaci\u00f3n de evitar con el &#8220;sufragio efectivo no reelecci\u00f3n&#8221; la vuelta de las dictaduras, la otra dictadura de facto de un solo partido (PRI) y luego de un solo grupo pol\u00edtico (PRI\/PAN) no pudo evitarlas, por lo que hay que ver la \u201cno reelecci\u00f3n\u201d como un anacronismo que debemos dejar en el pasado y superarlo.<br>Volviendo al poder del pueblo, si el pueblo ve en la praxis pol\u00edtica de un pol\u00edtico honestidad, capacidad y resultado, est\u00e1 en su justeza reelegirlo las veces que quiera. Pero no es as\u00ed, hay un prejuicio, y quiz\u00e1s tenga que ver con la desvalorizaci\u00f3n de nuestra condici\u00f3n humana, hemos tenido que soportar que nos dicten clases de democracia otras sociedades y principalmente el Imperio, quien ahora est\u00e1 lejos de ser un ejemplo de democracia.<br>Hemos tenido que aceptar que hay clases de democracias, los del primer mundo, los del segundo, tercero y cuarto mundo, ad infinitun. Y a ellos (los poderosos del mundo) si pueden postularse y ser reelectos las veces que quieran, pero los dem\u00e1s mundos no est\u00e1n preparados para ejercer el poder p\u00fablico de esa manera, \u201cesto es exclusivos de los modernos y civilizados, los b\u00e1rbaros e inferiores nunca\u201d, y raudos hemos escuchado las recomendaciones de nuestros amos y terapeutas.<br>Por eso apostemos para fortalecer la democracia. la reelecci\u00f3n y entrar en un debate nacional para su implementaci\u00f3n.<br>\u00a1Democracia Efectiva S\u00ed Reelecci\u00f3n!<br>Julio 2021<\/p>\n\n\n\n<p class=\"has-medium-font-size\">Siempre he pensado que la divisi\u00f3n de poderes y la pluralidad no se da por decreto, esto es producto de la vida humana, quienes hacen aspavientos que en M\u00e9xico no lo hay, apelan a esa prejuicio de concebir que la divisi\u00f3n de poderes y la pluralidad deben estar antes de la experiencia humana, y vemos a &#8220;eruditos en derecho&#8221; rascarse la cabeza desesperadamente cuando leyeron descontextualizado, mi comentario que &#8220;\u2026le otorguemos todos los poderes a AMLO para que consolide la 4T\u2026&#8221;, porque simplemente hay un solo diagn\u00f3stico que todo mexicano y toda mexicana con sentido com\u00fan sabe que los \u00faltimos gobiernos neoliberales destrozaron a nuestro pa\u00eds a trav\u00e9s de un saqueo &#8220;legitimado democr\u00e1ticamente&#8221;, el pueblo los eligi\u00f3, pero no para que robaran a mansalva y saquearan las arcas p\u00fablicas, por eso resulta pat\u00e9tico como saca la oposici\u00f3n a AMLO, como contraejemplo, que el dise\u00f1o del aeropuerto de Texcoco gan\u00f3 un premio internacional de dise\u00f1o arquitect\u00f3nico, que nada tiene que ver con el jugoso negocio que planeaban los prianistas y que la cancelaci\u00f3n les frustr\u00f3, ahora si podemos nombrarles sin pre-juicio prianistas, porque son lo mismo, pese a negarlo por tanto tiempo.<\/p>\n\n\n\n<p class=\"has-medium-font-size\">Cuando s\u00f3lo se presenta un solo proyecto de naci\u00f3n que tiene que ver con reconstruir al estado mexicano y sus instituciones, transitar hacia una democracia verdadera, hacer que el poder econ\u00f3mico no meta mano en la pol\u00edtica ni haga de ella su principal fuente de negocios, que primero sean los pobres, que los partidos pol\u00edticos hagan vida democr\u00e1tica y se corra a esa clase pol\u00edtica que los tiene secuestrados y que los ha usado como forma de vida y manutenci\u00f3n personal, que recuperemos la certeza de futuro de nuestras nuevas generaciones, que la pol\u00edtica sirva para resolver los graves problemas que vive M\u00e9xico, que los medios de comunicaci\u00f3n se limiten a informar imparcialmente y no a formar opini\u00f3n ni hagan negocios con el poder p\u00fablico que les delimite su objetividad e imparcialidad, y que los pol\u00edticos manden obedeciendo al pueblo; y no tengamos otra voz o propuesta de pa\u00eds y sociedad, y s\u00f3lo veamos que se juntan unos partidos pol\u00edticos por \u00f3rdenes del poder econ\u00f3mico: &#8220;la alianza Va Por M\u00e9xico naci\u00f3 del inter\u00e9s del empresario Claudio X. Gonz\u00e1lez y de Gustavo de Hoyos, quien dirigi\u00f3 el m\u00e1s influyente sindicato de patrones: la Coparmex&#8221;, no podemos imponer por decreto la mentada pluralidad, se equivocan los pseudos intelectuales y el corrompido \u00f3rgano &#8220;aut\u00f3nomo&#8221; INE cuando hablan de pluralidad y contrapeso para garantizar el equilibrio de fuerzas pol\u00edticas, que por cierto nunca se preocuparon tanto en los pasados nefastos reg\u00edmenes neoliberales prianistas..<\/p>\n\n\n\n<p class=\"has-medium-font-size\">Si bien la democracia, la visi\u00f3n ilustrada de la vida en sociedad hace aguas por doquier, es lo que tenemos y debemos fortalecerla y hacerla efectiva, hoy M\u00e9xico vive un parteaguas hist\u00f3rico y hay que entender que &#8220;limpiar la casa&#8221;, es decir, hacer Transformaciones pac\u00edficas para mejorar lo que se ha vivido en sociedad, implica momentos en que si no queremos que sea la violencia del pueblo la que &#8220;quite y ponga&#8221;, los poderes se deben concentrar en esa transici\u00f3n democr\u00e1tica que encabeza nuestro presidente de la rep\u00fablica, y para evitar suspicacia, dir\u00e9 que a trav\u00e9s del voto en las urnas para cambiar las cosas que han da\u00f1ado a M\u00e9xico, y saber y entender que el mejor controlador, auditor, fiscalizador, guardi\u00e1n de la democracia es el pueblo, el que &#8220;quita y pone&#8221; de forma pac\u00edfica o de forma violenta, hagamos que sea de forma pac\u00edfica, y no tengamos prejuicios ni pensemos en peque\u00f1o porque nos puede pesar much\u00edsimo.<br>1.-<a href=\"http:\/\/jornadaveracruz.com.mx\/Post.aspx?id=210503_105539_512\">http:\/\/jornadaveracruz.com.mx\/Post.aspx?id=210503_105539_512<\/a>.<br>2.- <a href=\"https:\/\/cambiodigital.com.mx\/mosco.php?columna=20540\">https:\/\/cambiodigital.com.mx\/mosco.php?columna=20540<\/a>.<\/p>\n","protected":false},"excerpt":{"rendered":"<p>A prop\u00f3sito del anacronismo \u201csufragio efectivo no reelecci\u00f3n\u201d y la reelecci\u00f3n de facto que vivimos&#8230;<\/p>\n","protected":false},"author":4,"featured_media":28026,"comment_status":"closed","ping_status":"closed","sticky":false,"template":"","format":"standard","meta":{"footnotes":""},"categories":[4],"tags":[],"class_list":["post-28129","post","type-post","status-publish","format-standard","has-post-thumbnail","hentry","category-noticias-del-dia"],"_links":{"self":[{"href":"https:\/\/bambapolitica.com.mx\/index.php\/wp-json\/wp\/v2\/posts\/28129","targetHints":{"allow":["GET"]}}],"collection":[{"href":"https:\/\/bambapolitica.com.mx\/index.php\/wp-json\/wp\/v2\/posts"}],"about":[{"href":"https:\/\/bambapolitica.com.mx\/index.php\/wp-json\/wp\/v2\/types\/post"}],"author":[{"embeddable":true,"href":"https:\/\/bambapolitica.com.mx\/index.php\/wp-json\/wp\/v2\/users\/4"}],"replies":[{"embeddable":true,"href":"https:\/\/bambapolitica.com.mx\/index.php\/wp-json\/wp\/v2\/comments?post=28129"}],"version-history":[{"count":1,"href":"https:\/\/bambapolitica.com.mx\/index.php\/wp-json\/wp\/v2\/posts\/28129\/revisions"}],"predecessor-version":[{"id":28134,"href":"https:\/\/bambapolitica.com.mx\/index.php\/wp-json\/wp\/v2\/posts\/28129\/revisions\/28134"}],"wp:featuredmedia":[{"embeddable":true,"href":"https:\/\/bambapolitica.com.mx\/index.php\/wp-json\/wp\/v2\/media\/28026"}],"wp:attachment":[{"href":"https:\/\/bambapolitica.com.mx\/index.php\/wp-json\/wp\/v2\/media?parent=28129"}],"wp:term":[{"taxonomy":"category","embeddable":true,"href":"https:\/\/bambapolitica.com.mx\/index.php\/wp-json\/wp\/v2\/categories?post=28129"},{"taxonomy":"post_tag","embeddable":true,"href":"https:\/\/bambapolitica.com.mx\/index.php\/wp-json\/wp\/v2\/tags?post=28129"}],"curies":[{"name":"wp","href":"https:\/\/api.w.org\/{rel}","templated":true}]}}