{"id":28148,"date":"2021-07-21T10:45:38","date_gmt":"2021-07-21T16:45:38","guid":{"rendered":"http:\/\/bambapolitica.com.mx\/?p=28148"},"modified":"2021-07-21T10:45:41","modified_gmt":"2021-07-21T16:45:41","slug":"legalizar-aborto-un-fraude-a-la-constitucion-guizar-valladares","status":"publish","type":"post","link":"https:\/\/bambapolitica.com.mx\/index.php\/2021\/07\/21\/legalizar-aborto-un-fraude-a-la-constitucion-guizar-valladares\/","title":{"rendered":"Legalizar aborto, un fraude a la Constituci\u00f3n: Gu\u00edzar Valladares"},"content":{"rendered":"\n<p class=\"has-medium-font-size\">Gonzalo Gu\u00edzar Valladares, levant\u00f3 su voz como veracruzano pro-vida y en su calidad diputado local por el PES, calific\u00f3 como \u201cun fraude a la Constituci\u00f3n la despenalizaci\u00f3n del aborto, porque se elimina una vida\u201d.<\/p>\n\n\n\n<p class=\"has-medium-font-size\">El legislador originario de Coatzacoalcos subi\u00f3 a la m\u00e1xima tribuna del estado para defender la vida desde su concepci\u00f3n e inici\u00f3 su intervenci\u00f3n ofreciendo una disculpa a las personas, tanto grupos provida como los que est\u00e1n a favor del aborto, porque no se les permiti\u00f3 ingresar a la sesi\u00f3n p\u00fablica de este d\u00eda, violando el precepto de que todas las sesiones del pleno son p\u00fablicas.<\/p>\n\n\n\n<p class=\"has-medium-font-size\">Gu\u00edzar Valladares lament\u00f3 que el Grupo Legislativo de Morena aplique el \u201cmayoriteo\u201d, para votar el dictamen que despenaliza la interrupci\u00f3n del embarazo hasta la semana 12 de gestaci\u00f3n.<\/p>\n\n\n\n<p class=\"has-medium-font-size\">\u201cEste tema, no tiene ninguna fortaleza jur\u00eddica, es un fraude a la Constituci\u00f3n\u201d, expres\u00f3 el diputado del PES, quien record\u00f3 que cuando asumieron el cargo de diputados prometieron respetar la Constituci\u00f3n y las leyes que de ella emanen, \u201cy la Constituci\u00f3n ante la que protestamos no admite estos conceptos jur\u00eddicos mal enfocados\u201d, dijo.<\/p>\n\n\n\n<p class=\"has-medium-font-size\">Durante la discusi\u00f3n del dictamen emitido por la Comisi\u00f3n de Justicia y Puntos Constitucionales, se reformaron los art\u00edculos 149, 150, 151, 153 y 154, y se derog\u00f3 el art\u00edculo 152 del C\u00f3digo Penal para el Estado de Veracruz.<\/p>\n","protected":false},"excerpt":{"rendered":"<p>Gonzalo Gu\u00edzar Valladares, levant\u00f3 su voz como veracruzano pro-vida y en su calidad diputado local&#8230;<\/p>\n","protected":false},"author":4,"featured_media":28142,"comment_status":"closed","ping_status":"closed","sticky":false,"template":"","format":"standard","meta":{"footnotes":""},"categories":[4],"tags":[],"class_list":["post-28148","post","type-post","status-publish","format-standard","has-post-thumbnail","hentry","category-noticias-del-dia"],"_links":{"self":[{"href":"https:\/\/bambapolitica.com.mx\/index.php\/wp-json\/wp\/v2\/posts\/28148","targetHints":{"allow":["GET"]}}],"collection":[{"href":"https:\/\/bambapolitica.com.mx\/index.php\/wp-json\/wp\/v2\/posts"}],"about":[{"href":"https:\/\/bambapolitica.com.mx\/index.php\/wp-json\/wp\/v2\/types\/post"}],"author":[{"embeddable":true,"href":"https:\/\/bambapolitica.com.mx\/index.php\/wp-json\/wp\/v2\/users\/4"}],"replies":[{"embeddable":true,"href":"https:\/\/bambapolitica.com.mx\/index.php\/wp-json\/wp\/v2\/comments?post=28148"}],"version-history":[{"count":1,"href":"https:\/\/bambapolitica.com.mx\/index.php\/wp-json\/wp\/v2\/posts\/28148\/revisions"}],"predecessor-version":[{"id":28149,"href":"https:\/\/bambapolitica.com.mx\/index.php\/wp-json\/wp\/v2\/posts\/28148\/revisions\/28149"}],"wp:featuredmedia":[{"embeddable":true,"href":"https:\/\/bambapolitica.com.mx\/index.php\/wp-json\/wp\/v2\/media\/28142"}],"wp:attachment":[{"href":"https:\/\/bambapolitica.com.mx\/index.php\/wp-json\/wp\/v2\/media?parent=28148"}],"wp:term":[{"taxonomy":"category","embeddable":true,"href":"https:\/\/bambapolitica.com.mx\/index.php\/wp-json\/wp\/v2\/categories?post=28148"},{"taxonomy":"post_tag","embeddable":true,"href":"https:\/\/bambapolitica.com.mx\/index.php\/wp-json\/wp\/v2\/tags?post=28148"}],"curies":[{"name":"wp","href":"https:\/\/api.w.org\/{rel}","templated":true}]}}