{"id":28247,"date":"2021-07-23T08:41:09","date_gmt":"2021-07-23T14:41:09","guid":{"rendered":"http:\/\/bambapolitica.com.mx\/?p=28247"},"modified":"2021-07-23T08:41:10","modified_gmt":"2021-07-23T14:41:10","slug":"la-consulta-un-reto","status":"publish","type":"post","link":"https:\/\/bambapolitica.com.mx\/index.php\/2021\/07\/23\/la-consulta-un-reto\/","title":{"rendered":"La consulta, un reto"},"content":{"rendered":"\n<p class=\"has-medium-font-size\">PLUMA NEGRA<\/p>\n\n\n\n<p class=\"has-medium-font-size\">Por Ignacio Alvarez<\/p>\n\n\n\n<p class=\"has-medium-font-size\">La gira del morbo pol\u00edtico<\/p>\n\n\n\n<p class=\"has-medium-font-size\">Compl\u00f3t al favorito para la UV<\/p>\n\n\n\n<p class=\"has-medium-font-size\">La consulta para enjuiciar a los ex presidentes se ha convertido en un verdadero reto para los morenistas que aspiran alcanzar un 53 por ciento de participaci\u00f3n sobre el padr\u00f3n electoral. Es decir, casi como una elecci\u00f3n constitucional.<\/p>\n\n\n\n<p class=\"has-medium-font-size\">Este jueves, los diputados salientes y algunos electos ofrecieron una rueda de prensa para promover desde el partidismo el ejercicio de consulta para que la administraci\u00f3n de AMLO decida la aplicaci\u00f3n de la ley, en base a la opini\u00f3n de los mexicanos que participen el pr\u00f3ximo 1 de agosto.<\/p>\n\n\n\n<p class=\"has-medium-font-size\">El legislador Jaime Humberto P\u00e9rez Bernab\u00e9 y la diputada Rosa Mar\u00eda Hern\u00e1ndez Espejo, encabezaron la rueda de prensa para promover la consulta popular en todo Veracruz.<\/p>\n\n\n\n<p class=\"has-medium-font-size\">Mientras que en diversas oficinas de la administraci\u00f3n estatal los empleados se quejan de una \u201cinvitaci\u00f3n\u201d forzada para participar en la votaci\u00f3n, que ser\u00e1 en un d\u00eda de asueto como se hacen las elecciones de cargos populares.<\/p>\n\n\n\n<p class=\"has-medium-font-size\">El reto no est\u00e1 f\u00e1cil para los organizadores, pues en caso de que no participe el 50 por ciento del padr\u00f3n de electores y el porcentaje sea menor, ser\u00eda una minor\u00eda quienes decidan el futuro jur\u00eddico de los ex presidentes de M\u00e9xico.<\/p>\n\n\n\n<p class=\"has-large-font-size\">Gira del morbo<\/p>\n\n\n\n<p class=\"has-medium-font-size\">Y precisamente en lo que se ha determinado como un periodo de veda promocional de parte del gobierno para la consulta, el Presidente Andr\u00e9s Manuel L\u00f3pez Obrador estar\u00e1 en Veracruz en eventos privados se dijo, sin embargo, har\u00e1 inauguraci\u00f3n de parques p\u00fablicos en el municipio de Veracruz, actos que ya causaron morbo pol\u00edtico por el conflicto postelectoral que se vive entre MORENA y el PAN en el municipio m\u00e1s importante del estado.<\/p>\n\n\n\n<p class=\"has-medium-font-size\">Este s\u00e1bado, el Presidente encabezar\u00e1 reuniones de evaluaci\u00f3n del funcionamiento y operaci\u00f3n de los programas sociales; inaugurar en Xalapa un Cuartel de la Guardia Nacional y los parques p\u00fablicos de las colonias Torrentes, La Florida y dos m\u00e1s en Amapolas en el municipio de Veracruz, se desconoce si estar\u00e1 el alcalde Fernando Yunes M\u00e1rquez quien se encuentra aislado al dar positivo por el COVID-19.<\/p>\n\n\n\n<p class=\"has-medium-font-size\">La gira sin duda alguna trae la tilde pol\u00edtica y el morbo para los espectadores que conocen de dos conflictos fuertes entre ambas fuerzas pol\u00edticas; la elecci\u00f3n municipal que est\u00e1 en los tribunales y la Torre Veracruz Centro de 24 pisos que tambi\u00e9n libra una lucha jur\u00eddica en Protecci\u00f3n Civil, la Secretar\u00eda del Medio Ambiente y el Instituto Nacional de Antropolog\u00eda e Historia.<\/p>\n\n\n\n<p class=\"has-medium-font-size\">El simbolismo de la gira, es un hecho, solo queda esperar al s\u00e1bado para leer el mensaje del Presidente para la familia Yunes, que seguramente no ser\u00e1 en su discurso, sino en sus invitados y actitudes.<\/p>\n\n\n\n<p class=\"has-medium-font-size\">Un pron\u00f3stico es que ser\u00e1 acompa\u00f1ado por Ricardo Exsome Zapata ex candidato de MORENA a la alcald\u00eda, quien mantiene impugnada la elecci\u00f3n en contra de Patricia Lobeira, regres\u00f3 a la Diputaci\u00f3n Federal por Veracruz y est\u00e1 en todo su derecho de acompa\u00f1ar en su gira al Presidente.<\/p>\n\n\n\n<p class=\"has-large-font-size\">Compl\u00f3t al favorito<\/p>\n\n\n\n<p class=\"has-medium-font-size\">Algo sucedi\u00f3 que la Junta de Gobierno de la Universidad Aut\u00f3noma Veracruzana desech\u00f3 la solicitud de participar como aspirante a la Rector\u00eda del Consejero del INE, Jos\u00e9 Roberto Ruiz Salda\u00f1a, es m\u00e1s, ni siquiera le notificaron la improcedencia y de ah\u00ed se agarr\u00f3 para promover un juicio de amparo para reclamar su derecho de participaci\u00f3n.<\/p>\n\n\n\n<p class=\"has-medium-font-size\">Ruiz Salda\u00f1a, dicen sus allegados tra\u00eda l\u00ednea desde en altiplano, era el favorito para suceder a Sara Ladr\u00f3n de Guevara en la Rector\u00eda de la UV, sin embargo, algo se sali\u00f3 de control y est\u00e1 en veremos.<\/p>\n","protected":false},"excerpt":{"rendered":"<p>PLUMA NEGRA Por Ignacio Alvarez La gira del morbo pol\u00edtico Compl\u00f3t al favorito para la&#8230;<\/p>\n","protected":false},"author":4,"featured_media":28248,"comment_status":"closed","ping_status":"closed","sticky":false,"template":"","format":"standard","meta":{"footnotes":""},"categories":[4],"tags":[],"class_list":["post-28247","post","type-post","status-publish","format-standard","has-post-thumbnail","hentry","category-noticias-del-dia"],"_links":{"self":[{"href":"https:\/\/bambapolitica.com.mx\/index.php\/wp-json\/wp\/v2\/posts\/28247","targetHints":{"allow":["GET"]}}],"collection":[{"href":"https:\/\/bambapolitica.com.mx\/index.php\/wp-json\/wp\/v2\/posts"}],"about":[{"href":"https:\/\/bambapolitica.com.mx\/index.php\/wp-json\/wp\/v2\/types\/post"}],"author":[{"embeddable":true,"href":"https:\/\/bambapolitica.com.mx\/index.php\/wp-json\/wp\/v2\/users\/4"}],"replies":[{"embeddable":true,"href":"https:\/\/bambapolitica.com.mx\/index.php\/wp-json\/wp\/v2\/comments?post=28247"}],"version-history":[{"count":1,"href":"https:\/\/bambapolitica.com.mx\/index.php\/wp-json\/wp\/v2\/posts\/28247\/revisions"}],"predecessor-version":[{"id":28249,"href":"https:\/\/bambapolitica.com.mx\/index.php\/wp-json\/wp\/v2\/posts\/28247\/revisions\/28249"}],"wp:featuredmedia":[{"embeddable":true,"href":"https:\/\/bambapolitica.com.mx\/index.php\/wp-json\/wp\/v2\/media\/28248"}],"wp:attachment":[{"href":"https:\/\/bambapolitica.com.mx\/index.php\/wp-json\/wp\/v2\/media?parent=28247"}],"wp:term":[{"taxonomy":"category","embeddable":true,"href":"https:\/\/bambapolitica.com.mx\/index.php\/wp-json\/wp\/v2\/categories?post=28247"},{"taxonomy":"post_tag","embeddable":true,"href":"https:\/\/bambapolitica.com.mx\/index.php\/wp-json\/wp\/v2\/tags?post=28247"}],"curies":[{"name":"wp","href":"https:\/\/api.w.org\/{rel}","templated":true}]}}