{"id":28338,"date":"2021-07-25T08:56:40","date_gmt":"2021-07-25T14:56:40","guid":{"rendered":"http:\/\/bambapolitica.com.mx\/?p=28338"},"modified":"2021-07-25T08:56:42","modified_gmt":"2021-07-25T14:56:42","slug":"los-dias-2728-y-29-de-julio-se-aplicara-en-texcoco-segunda-dosis-de-vacuna-contra-la-covid-19-a-adultos-de-40-a-49-anos","status":"publish","type":"post","link":"https:\/\/bambapolitica.com.mx\/index.php\/2021\/07\/25\/los-dias-2728-y-29-de-julio-se-aplicara-en-texcoco-segunda-dosis-de-vacuna-contra-la-covid-19-a-adultos-de-40-a-49-anos\/","title":{"rendered":"Los d\u00edas 27,28 y 29 de Julio se aplicar\u00e1 en Texcoco segunda dosis de vacuna contra la Covid-19 a adultos de 40 a 49 a\u00f1os"},"content":{"rendered":"\n<div class=\"wp-block-image\"><figure class=\"aligncenter size-large\"><img loading=\"lazy\" decoding=\"async\" width=\"720\" height=\"514\" src=\"https:\/\/bambapolitica.com.mx\/wp-content\/uploads\/2021\/07\/IMG-20210725-WA0032.jpg\" alt=\"\" class=\"wp-image-28340\" srcset=\"https:\/\/bambapolitica.com.mx\/wp-content\/uploads\/2021\/07\/IMG-20210725-WA0032.jpg 720w, https:\/\/bambapolitica.com.mx\/wp-content\/uploads\/2021\/07\/IMG-20210725-WA0032-300x214.jpg 300w, https:\/\/bambapolitica.com.mx\/wp-content\/uploads\/2021\/07\/IMG-20210725-WA0032-205x146.jpg 205w, https:\/\/bambapolitica.com.mx\/wp-content\/uploads\/2021\/07\/IMG-20210725-WA0032-50x36.jpg 50w, https:\/\/bambapolitica.com.mx\/wp-content\/uploads\/2021\/07\/IMG-20210725-WA0032-105x75.jpg 105w\" sizes=\"auto, (max-width: 720px) 100vw, 720px\" \/><\/figure><\/div>\n\n\n\n<p class=\"has-medium-font-size\">\u2022 Las sedes el Deportivo Silverio P\u00e9rez y al Estacionamiento de Gran Patio Texcoco de 9:00 a 17:00 horas<\/p>\n\n\n\n<p class=\"has-medium-font-size\">\u2022 La aplicaci\u00f3n se realizar\u00e1 de manera general a quienes acudan en orden y sin hacer aglomeraciones<\/p>\n\n\n\n<p class=\"has-medium-font-size\">\u2022 Recuerda seguir usando cubrebocas, lavado frecuente de manos y mantener el distanciamiento social<\/p>\n\n\n\n<p class=\"has-medium-font-size\">Este s\u00e1bado al final de una jornada concurrida y ordenada de aplicaci\u00f3n de vacunas contra la Covid19, se anunci\u00f3 que los d\u00edas 27, 28 y 29 de julio de aplicar\u00e1 la segunda dosis a adultos de 40 a 49 a\u00f1os de edad en las sedes a pie en el Deportivo Silverio P\u00e9rez y para quienes lleguen en auto en el estacionamiento de la plaza comercial Gran Patio Texcoco.<\/p>\n\n\n\n<p class=\"has-medium-font-size\">De manera coordinada con el gobierno de M\u00e9xico y del Estado de M\u00e9xico, el Gobierno municipal, inform\u00f3 que, en las dos sedes se recibir\u00e1n a las personas de manera general que acudan a vacunarse en un horario de 9:00 a 17:00 horas.<\/p>\n\n\n\n<p class=\"has-medium-font-size\">Los asistentes, deber\u00e1n de llevar su formulario, que pueden obtener en la p\u00e1gina mivacuna.gob.mx, su folio o comprobante de la aplicaci\u00f3n de la primera vacuna deben llevar su CURP, una identificaci\u00f3n Oficial del Instituto Nacional Electoral (INE) y comprobante de domicilio.<\/p>\n\n\n\n<div class=\"wp-block-image\"><figure class=\"aligncenter size-large\"><img loading=\"lazy\" decoding=\"async\" width=\"768\" height=\"576\" src=\"https:\/\/bambapolitica.com.mx\/wp-content\/uploads\/2021\/07\/IMG-20210725-WA0033.jpg\" alt=\"\" class=\"wp-image-28341\" srcset=\"https:\/\/bambapolitica.com.mx\/wp-content\/uploads\/2021\/07\/IMG-20210725-WA0033.jpg 768w, https:\/\/bambapolitica.com.mx\/wp-content\/uploads\/2021\/07\/IMG-20210725-WA0033-300x225.jpg 300w, https:\/\/bambapolitica.com.mx\/wp-content\/uploads\/2021\/07\/IMG-20210725-WA0033-195x146.jpg 195w, https:\/\/bambapolitica.com.mx\/wp-content\/uploads\/2021\/07\/IMG-20210725-WA0033-50x38.jpg 50w, https:\/\/bambapolitica.com.mx\/wp-content\/uploads\/2021\/07\/IMG-20210725-WA0033-100x75.jpg 100w\" sizes=\"auto, (max-width: 768px) 100vw, 768px\" \/><\/figure><\/div>\n\n\n\n<p class=\"has-medium-font-size\">Sandra Luz Falc\u00f3n Venegas, presidenta municipal de Texcoco, se\u00f1al\u00f3 que se mantienen atentos a la asignaci\u00f3n de vacunas para Texcoco, y como son enviadas las mismas autoridades federales y de la Secretar\u00eda de la Defensa Nacional (SEDENA) llegan para ser aplicadas.<\/p>\n\n\n\n<p class=\"has-medium-font-size\">Esto est\u00e1 permitiendo un avance en la protecci\u00f3n de la salud de los texcocanos y se espera que en poco tiempo llegue la vacuna para adultos de 50 a 59 a\u00f1os para aplicarla y que este sector de la poblaci\u00f3n est\u00e9 protegido ante la pandemia que se est\u00e1 viviendo.<\/p>\n\n\n\n<p class=\"has-medium-font-size\">Record\u00f3 que a partir de este lunes debido al incremento de hospitalizaciones por Covid-19 pasamos a sem\u00e1foro epidemiol\u00f3gico naranja, por lo que la aplicaci\u00f3n de vacuna y al cuidado de cada uno de los ciudadanos permitir\u00e1 superar esta epidemia.<\/p>\n\n\n\n<p class=\"has-medium-font-size\">Sandra Luz Falc\u00f3n hizo un llamado a quienes vayan a vacunarse para acudir en calma y tranquilidad como se ha caracterizado este municipio, sin aglomeraciones que pongan en riesgo su salud.<\/p>\n\n\n\n<p class=\"has-medium-font-size\">\u201cDebemos seguir cuid\u00e1ndonos, aun con la vacuna, no debemos bajar la guardia por nuestra salud, hay que seguir usando cubrebocas, lavado frecuente de manos y mantener el distanciamiento social\u201d, finaliz\u00f3 la presidenta de Texcoco.<\/p>\n","protected":false},"excerpt":{"rendered":"<p>\u2022 Las sedes el Deportivo Silverio P\u00e9rez y al Estacionamiento de Gran Patio Texcoco de&#8230;<\/p>\n","protected":false},"author":4,"featured_media":28339,"comment_status":"closed","ping_status":"closed","sticky":false,"template":"","format":"standard","meta":{"footnotes":""},"categories":[4],"tags":[],"class_list":["post-28338","post","type-post","status-publish","format-standard","has-post-thumbnail","hentry","category-noticias-del-dia"],"_links":{"self":[{"href":"https:\/\/bambapolitica.com.mx\/index.php\/wp-json\/wp\/v2\/posts\/28338","targetHints":{"allow":["GET"]}}],"collection":[{"href":"https:\/\/bambapolitica.com.mx\/index.php\/wp-json\/wp\/v2\/posts"}],"about":[{"href":"https:\/\/bambapolitica.com.mx\/index.php\/wp-json\/wp\/v2\/types\/post"}],"author":[{"embeddable":true,"href":"https:\/\/bambapolitica.com.mx\/index.php\/wp-json\/wp\/v2\/users\/4"}],"replies":[{"embeddable":true,"href":"https:\/\/bambapolitica.com.mx\/index.php\/wp-json\/wp\/v2\/comments?post=28338"}],"version-history":[{"count":1,"href":"https:\/\/bambapolitica.com.mx\/index.php\/wp-json\/wp\/v2\/posts\/28338\/revisions"}],"predecessor-version":[{"id":28342,"href":"https:\/\/bambapolitica.com.mx\/index.php\/wp-json\/wp\/v2\/posts\/28338\/revisions\/28342"}],"wp:featuredmedia":[{"embeddable":true,"href":"https:\/\/bambapolitica.com.mx\/index.php\/wp-json\/wp\/v2\/media\/28339"}],"wp:attachment":[{"href":"https:\/\/bambapolitica.com.mx\/index.php\/wp-json\/wp\/v2\/media?parent=28338"}],"wp:term":[{"taxonomy":"category","embeddable":true,"href":"https:\/\/bambapolitica.com.mx\/index.php\/wp-json\/wp\/v2\/categories?post=28338"},{"taxonomy":"post_tag","embeddable":true,"href":"https:\/\/bambapolitica.com.mx\/index.php\/wp-json\/wp\/v2\/tags?post=28338"}],"curies":[{"name":"wp","href":"https:\/\/api.w.org\/{rel}","templated":true}]}}