{"id":28343,"date":"2021-07-25T09:01:50","date_gmt":"2021-07-25T15:01:50","guid":{"rendered":"http:\/\/bambapolitica.com.mx\/?p=28343"},"modified":"2021-07-25T09:01:52","modified_gmt":"2021-07-25T15:01:52","slug":"es-hueypoxtla-un-municipio-mexiquense-de-origen-prehispanico","status":"publish","type":"post","link":"https:\/\/bambapolitica.com.mx\/index.php\/2021\/07\/25\/es-hueypoxtla-un-municipio-mexiquense-de-origen-prehispanico\/","title":{"rendered":"Es Hueypoxtla un municipio mexiquense de origen prehisp\u00e1nico"},"content":{"rendered":"\n<p class=\"has-medium-font-size\">\u2022 Cuenta con paisajes naturales como la presa Luis Espinoza de los Monteros.<br>\u2022 Es un lugar id\u00f3neo para el desarrollo de cact\u00e1ceas como el huizache y cardo, entre otros.<\/p>\n\n\n\n<p class=\"has-medium-font-size\">Hueypoxtla, #Estado de M\u00e9xico, 24 de julio de 2021.<\/p>\n\n\n\n<p class=\"has-medium-font-size\">La Secretar\u00eda de Cultura y Turismo del Estado de M\u00e9xico invita a conocer la riqueza de Hueypoxtla, \u201cLugar de grandes mercaderes\u201d, el cual est\u00e1 ubicado en el l\u00edmite del Estado de M\u00e9xico e Hidalgo.<\/p>\n\n\n\n<p class=\"has-medium-font-size\">La poblaci\u00f3n de esta zona se dedic\u00f3 por mucho tiempo al comercio y produc\u00edan para los tributos mantillas de henequ\u00e9n y algod\u00f3n, aves, plumas e instrumentos para la guerra.<\/p>\n\n\n\n<p class=\"has-medium-font-size\">Tambi\u00e9n procesaban la cal, posterior a la llegada de los espa\u00f1oles, la quema de piedra caliza se convirti\u00f3 en una industria muy importante. Los habitantes de los pueblos cercanos compraban la materia prima a este municipio, y produc\u00edan el producto final.<\/p>\n\n\n\n<div class=\"wp-block-image\"><figure class=\"aligncenter size-large\"><img loading=\"lazy\" decoding=\"async\" width=\"672\" height=\"438\" src=\"https:\/\/bambapolitica.com.mx\/wp-content\/uploads\/2021\/07\/WhatsApp-Image-2021-07-23-at-11.58.20-AM-1-1.jpeg\" alt=\"\" class=\"wp-image-28345\" srcset=\"https:\/\/bambapolitica.com.mx\/wp-content\/uploads\/2021\/07\/WhatsApp-Image-2021-07-23-at-11.58.20-AM-1-1.jpeg 672w, https:\/\/bambapolitica.com.mx\/wp-content\/uploads\/2021\/07\/WhatsApp-Image-2021-07-23-at-11.58.20-AM-1-1-300x196.jpeg 300w, https:\/\/bambapolitica.com.mx\/wp-content\/uploads\/2021\/07\/WhatsApp-Image-2021-07-23-at-11.58.20-AM-1-1-224x146.jpeg 224w, https:\/\/bambapolitica.com.mx\/wp-content\/uploads\/2021\/07\/WhatsApp-Image-2021-07-23-at-11.58.20-AM-1-1-50x33.jpeg 50w, https:\/\/bambapolitica.com.mx\/wp-content\/uploads\/2021\/07\/WhatsApp-Image-2021-07-23-at-11.58.20-AM-1-1-115x75.jpeg 115w\" sizes=\"auto, (max-width: 672px) 100vw, 672px\" \/><\/figure><\/div>\n\n\n\n<p class=\"has-medium-font-size\">Su historia est\u00e1 plasmada en su bella arquitectura religiosa, as\u00ed como en la cabecera municipal y sus puentes de la \u00e9poca colonial, adem\u00e1s, cuenta con hermosos paisajes naturales como la presa Luis Espinoza de los Monteros, que fue construida toda de piedra en el a\u00f1o 1917.<\/p>\n\n\n\n<p class=\"has-medium-font-size\">Su riqueza natural se hace presente en los paisajes llenos de una extensa variedad de flora, ya que es un lugar id\u00f3neo para las cact\u00e1ceas como el huizache, el cardo, inmensos \u00f3rgano y biznagas, adem\u00e1s de plantas como el maguey.<\/p>\n\n\n\n<p class=\"has-medium-font-size\">En su plaza principal, los visitantes encontrar\u00e1n un pintoresco quiosco frente al palacio municipal, la plaza est\u00e1 rodeada de casas de arquitectura novohispana que muestran el paso del tiempo en este lugar.<\/p>\n\n\n\n<div class=\"wp-block-image\"><figure class=\"aligncenter size-large\"><img loading=\"lazy\" decoding=\"async\" width=\"672\" height=\"438\" src=\"https:\/\/bambapolitica.com.mx\/wp-content\/uploads\/2021\/07\/WhatsApp-Image-2021-07-23-at-11.58.20-AM-2-1.jpeg\" alt=\"\" class=\"wp-image-28347\" srcset=\"https:\/\/bambapolitica.com.mx\/wp-content\/uploads\/2021\/07\/WhatsApp-Image-2021-07-23-at-11.58.20-AM-2-1.jpeg 672w, https:\/\/bambapolitica.com.mx\/wp-content\/uploads\/2021\/07\/WhatsApp-Image-2021-07-23-at-11.58.20-AM-2-1-300x196.jpeg 300w, https:\/\/bambapolitica.com.mx\/wp-content\/uploads\/2021\/07\/WhatsApp-Image-2021-07-23-at-11.58.20-AM-2-1-224x146.jpeg 224w, https:\/\/bambapolitica.com.mx\/wp-content\/uploads\/2021\/07\/WhatsApp-Image-2021-07-23-at-11.58.20-AM-2-1-50x33.jpeg 50w, https:\/\/bambapolitica.com.mx\/wp-content\/uploads\/2021\/07\/WhatsApp-Image-2021-07-23-at-11.58.20-AM-2-1-115x75.jpeg 115w\" sizes=\"auto, (max-width: 672px) 100vw, 672px\" \/><\/figure><\/div>\n\n\n\n<p class=\"has-medium-font-size\">Aunado a esto, el comercio local ofrece variedad de artesan\u00edas que van desde la elaboraci\u00f3n de tejidos como carpetas, manteles, vestidos, y blusas, as\u00ed como el curtido de piel y talabarter\u00eda.<\/p>\n\n\n\n<p class=\"has-medium-font-size\">Si de gastronom\u00eda se trata, se puede encontrar barbacoa de borrego, consom\u00e9, arroz, mole verde y platillos de origen prehisp\u00e1nico como salsa de chinicuil, escamoles, gusanos de maguey y ricas tortillas hechas a mano.<\/p>\n\n\n\n<p class=\"has-medium-font-size\">Cabe recordar a los visitantes que deben seguir el Dec\u00e1logo del turista responsable que consiste en informarse, verificar que los prestadores de servicios tur\u00edsticos cumplan con las medidas sanitarias, planificar su visita, ser emp\u00e1tico, sustentable, arm\u00f3nico, biocultural, respetar los espacios y tiempos de todos para tener una sana convivencia.<\/p>\n\n\n\n<p class=\"has-medium-font-size\">Para conocer este Dec\u00e1logo pueden consultar Facebook y Twitter en @EdomexTurismo.<\/p>\n","protected":false},"excerpt":{"rendered":"<p>\u2022 Cuenta con paisajes naturales como la presa Luis Espinoza de los Monteros.\u2022 Es un&#8230;<\/p>\n","protected":false},"author":4,"featured_media":28344,"comment_status":"closed","ping_status":"closed","sticky":false,"template":"","format":"standard","meta":{"footnotes":""},"categories":[4],"tags":[],"class_list":["post-28343","post","type-post","status-publish","format-standard","has-post-thumbnail","hentry","category-noticias-del-dia"],"_links":{"self":[{"href":"https:\/\/bambapolitica.com.mx\/index.php\/wp-json\/wp\/v2\/posts\/28343","targetHints":{"allow":["GET"]}}],"collection":[{"href":"https:\/\/bambapolitica.com.mx\/index.php\/wp-json\/wp\/v2\/posts"}],"about":[{"href":"https:\/\/bambapolitica.com.mx\/index.php\/wp-json\/wp\/v2\/types\/post"}],"author":[{"embeddable":true,"href":"https:\/\/bambapolitica.com.mx\/index.php\/wp-json\/wp\/v2\/users\/4"}],"replies":[{"embeddable":true,"href":"https:\/\/bambapolitica.com.mx\/index.php\/wp-json\/wp\/v2\/comments?post=28343"}],"version-history":[{"count":1,"href":"https:\/\/bambapolitica.com.mx\/index.php\/wp-json\/wp\/v2\/posts\/28343\/revisions"}],"predecessor-version":[{"id":28348,"href":"https:\/\/bambapolitica.com.mx\/index.php\/wp-json\/wp\/v2\/posts\/28343\/revisions\/28348"}],"wp:featuredmedia":[{"embeddable":true,"href":"https:\/\/bambapolitica.com.mx\/index.php\/wp-json\/wp\/v2\/media\/28344"}],"wp:attachment":[{"href":"https:\/\/bambapolitica.com.mx\/index.php\/wp-json\/wp\/v2\/media?parent=28343"}],"wp:term":[{"taxonomy":"category","embeddable":true,"href":"https:\/\/bambapolitica.com.mx\/index.php\/wp-json\/wp\/v2\/categories?post=28343"},{"taxonomy":"post_tag","embeddable":true,"href":"https:\/\/bambapolitica.com.mx\/index.php\/wp-json\/wp\/v2\/tags?post=28343"}],"curies":[{"name":"wp","href":"https:\/\/api.w.org\/{rel}","templated":true}]}}