{"id":28367,"date":"2021-07-26T08:04:56","date_gmt":"2021-07-26T14:04:56","guid":{"rendered":"http:\/\/bambapolitica.com.mx\/?p=28367"},"modified":"2021-07-26T08:04:58","modified_gmt":"2021-07-26T14:04:58","slug":"chimalhuacan-y-gobierno-estatal-refuerzan-acciones-contra-la-violencia-de-genero","status":"publish","type":"post","link":"https:\/\/bambapolitica.com.mx\/index.php\/2021\/07\/26\/chimalhuacan-y-gobierno-estatal-refuerzan-acciones-contra-la-violencia-de-genero\/","title":{"rendered":"Chimalhuac\u00e1n y gobierno estatal refuerzan acciones contra la violencia de g\u00e9nero"},"content":{"rendered":"\n<div class=\"wp-block-image\"><figure class=\"aligncenter size-large\"><img loading=\"lazy\" decoding=\"async\" width=\"1024\" height=\"913\" src=\"https:\/\/bambapolitica.com.mx\/wp-content\/uploads\/2021\/07\/recorrido-5-1-1024x913.jpg\" alt=\"\" class=\"wp-image-28371\" srcset=\"https:\/\/bambapolitica.com.mx\/wp-content\/uploads\/2021\/07\/recorrido-5-1-1024x913.jpg 1024w, https:\/\/bambapolitica.com.mx\/wp-content\/uploads\/2021\/07\/recorrido-5-1-300x267.jpg 300w, https:\/\/bambapolitica.com.mx\/wp-content\/uploads\/2021\/07\/recorrido-5-1-768x685.jpg 768w, https:\/\/bambapolitica.com.mx\/wp-content\/uploads\/2021\/07\/recorrido-5-1-1536x1369.jpg 1536w, https:\/\/bambapolitica.com.mx\/wp-content\/uploads\/2021\/07\/recorrido-5-1-2048x1826.jpg 2048w, https:\/\/bambapolitica.com.mx\/wp-content\/uploads\/2021\/07\/recorrido-5-1-164x146.jpg 164w, https:\/\/bambapolitica.com.mx\/wp-content\/uploads\/2021\/07\/recorrido-5-1-50x45.jpg 50w, https:\/\/bambapolitica.com.mx\/wp-content\/uploads\/2021\/07\/recorrido-5-1-84x75.jpg 84w\" sizes=\"auto, (max-width: 1024px) 100vw, 1024px\" \/><\/figure><\/div>\n\n\n\n<p class=\"has-medium-font-size\">Como parte del Programa de Mitigaci\u00f3n de las Alertas de Violencia de G\u00e9nero Contra las Mujeres por Feminicidio y Desaparici\u00f3n, funcionarios de Chimalhuac\u00e1n y del gobierno estatal recorrieron instalaciones de dependencias y espacios p\u00fablicos locales a fin de reforzar estrategias prevenir y erradicar la violencia contra las f\u00e9minas.<\/p>\n\n\n\n<figure class=\"wp-block-gallery aligncenter columns-1 is-cropped wp-block-gallery-1 is-layout-flex wp-block-gallery-is-layout-flex\"><ul class=\"blocks-gallery-grid\"><li class=\"blocks-gallery-item\"><figure><img loading=\"lazy\" decoding=\"async\" width=\"1024\" height=\"834\" src=\"https:\/\/bambapolitica.com.mx\/wp-content\/uploads\/2021\/07\/recorrido-1-1024x834.jpg\" alt=\"\" data-id=\"28374\" data-full-url=\"https:\/\/bambapolitica.com.mx\/wp-content\/uploads\/2021\/07\/recorrido-1-scaled.jpg\" data-link=\"https:\/\/bambapolitica.com.mx\/?attachment_id=28374\" class=\"wp-image-28374\" srcset=\"https:\/\/bambapolitica.com.mx\/wp-content\/uploads\/2021\/07\/recorrido-1-1024x834.jpg 1024w, https:\/\/bambapolitica.com.mx\/wp-content\/uploads\/2021\/07\/recorrido-1-300x244.jpg 300w, https:\/\/bambapolitica.com.mx\/wp-content\/uploads\/2021\/07\/recorrido-1-768x625.jpg 768w, https:\/\/bambapolitica.com.mx\/wp-content\/uploads\/2021\/07\/recorrido-1-1536x1250.jpg 1536w, https:\/\/bambapolitica.com.mx\/wp-content\/uploads\/2021\/07\/recorrido-1-2048x1667.jpg 2048w, https:\/\/bambapolitica.com.mx\/wp-content\/uploads\/2021\/07\/recorrido-1-179x146.jpg 179w, https:\/\/bambapolitica.com.mx\/wp-content\/uploads\/2021\/07\/recorrido-1-50x41.jpg 50w, https:\/\/bambapolitica.com.mx\/wp-content\/uploads\/2021\/07\/recorrido-1-92x75.jpg 92w\" sizes=\"auto, (max-width: 1024px) 100vw, 1024px\" \/><\/figure><\/li><li class=\"blocks-gallery-item\"><figure><img loading=\"lazy\" decoding=\"async\" width=\"1024\" height=\"910\" src=\"https:\/\/bambapolitica.com.mx\/wp-content\/uploads\/2021\/07\/recorrido-2-1024x910.jpg\" alt=\"\" data-id=\"28375\" data-full-url=\"https:\/\/bambapolitica.com.mx\/wp-content\/uploads\/2021\/07\/recorrido-2-scaled.jpg\" data-link=\"https:\/\/bambapolitica.com.mx\/?attachment_id=28375\" class=\"wp-image-28375\" srcset=\"https:\/\/bambapolitica.com.mx\/wp-content\/uploads\/2021\/07\/recorrido-2-1024x910.jpg 1024w, https:\/\/bambapolitica.com.mx\/wp-content\/uploads\/2021\/07\/recorrido-2-300x267.jpg 300w, https:\/\/bambapolitica.com.mx\/wp-content\/uploads\/2021\/07\/recorrido-2-768x683.jpg 768w, https:\/\/bambapolitica.com.mx\/wp-content\/uploads\/2021\/07\/recorrido-2-1536x1365.jpg 1536w, https:\/\/bambapolitica.com.mx\/wp-content\/uploads\/2021\/07\/recorrido-2-2048x1820.jpg 2048w, https:\/\/bambapolitica.com.mx\/wp-content\/uploads\/2021\/07\/recorrido-2-164x146.jpg 164w, https:\/\/bambapolitica.com.mx\/wp-content\/uploads\/2021\/07\/recorrido-2-50x44.jpg 50w, https:\/\/bambapolitica.com.mx\/wp-content\/uploads\/2021\/07\/recorrido-2-84x75.jpg 84w\" sizes=\"auto, (max-width: 1024px) 100vw, 1024px\" \/><\/figure><\/li><li class=\"blocks-gallery-item\"><figure><img loading=\"lazy\" decoding=\"async\" width=\"1024\" height=\"722\" src=\"https:\/\/bambapolitica.com.mx\/wp-content\/uploads\/2021\/07\/recorrido-3-1024x722.jpg\" alt=\"\" data-id=\"28376\" data-full-url=\"https:\/\/bambapolitica.com.mx\/wp-content\/uploads\/2021\/07\/recorrido-3-scaled.jpg\" data-link=\"https:\/\/bambapolitica.com.mx\/?attachment_id=28376\" class=\"wp-image-28376\" srcset=\"https:\/\/bambapolitica.com.mx\/wp-content\/uploads\/2021\/07\/recorrido-3-1024x722.jpg 1024w, https:\/\/bambapolitica.com.mx\/wp-content\/uploads\/2021\/07\/recorrido-3-300x212.jpg 300w, https:\/\/bambapolitica.com.mx\/wp-content\/uploads\/2021\/07\/recorrido-3-768x542.jpg 768w, https:\/\/bambapolitica.com.mx\/wp-content\/uploads\/2021\/07\/recorrido-3-1536x1084.jpg 1536w, https:\/\/bambapolitica.com.mx\/wp-content\/uploads\/2021\/07\/recorrido-3-2048x1445.jpg 2048w, https:\/\/bambapolitica.com.mx\/wp-content\/uploads\/2021\/07\/recorrido-3-207x146.jpg 207w, https:\/\/bambapolitica.com.mx\/wp-content\/uploads\/2021\/07\/recorrido-3-50x35.jpg 50w, https:\/\/bambapolitica.com.mx\/wp-content\/uploads\/2021\/07\/recorrido-3-106x75.jpg 106w\" sizes=\"auto, (max-width: 1024px) 100vw, 1024px\" \/><\/figure><\/li><li class=\"blocks-gallery-item\"><figure><img loading=\"lazy\" decoding=\"async\" width=\"1024\" height=\"786\" src=\"https:\/\/bambapolitica.com.mx\/wp-content\/uploads\/2021\/07\/recorrido-4-1024x786.jpg\" alt=\"\" data-id=\"28378\" data-full-url=\"https:\/\/bambapolitica.com.mx\/wp-content\/uploads\/2021\/07\/recorrido-4-scaled.jpg\" data-link=\"https:\/\/bambapolitica.com.mx\/?attachment_id=28378\" class=\"wp-image-28378\" srcset=\"https:\/\/bambapolitica.com.mx\/wp-content\/uploads\/2021\/07\/recorrido-4-1024x786.jpg 1024w, https:\/\/bambapolitica.com.mx\/wp-content\/uploads\/2021\/07\/recorrido-4-300x230.jpg 300w, https:\/\/bambapolitica.com.mx\/wp-content\/uploads\/2021\/07\/recorrido-4-768x589.jpg 768w, https:\/\/bambapolitica.com.mx\/wp-content\/uploads\/2021\/07\/recorrido-4-1536x1179.jpg 1536w, https:\/\/bambapolitica.com.mx\/wp-content\/uploads\/2021\/07\/recorrido-4-2048x1571.jpg 2048w, https:\/\/bambapolitica.com.mx\/wp-content\/uploads\/2021\/07\/recorrido-4-190x146.jpg 190w, https:\/\/bambapolitica.com.mx\/wp-content\/uploads\/2021\/07\/recorrido-4-50x38.jpg 50w, https:\/\/bambapolitica.com.mx\/wp-content\/uploads\/2021\/07\/recorrido-4-98x75.jpg 98w\" sizes=\"auto, (max-width: 1024px) 100vw, 1024px\" \/><\/figure><\/li><\/ul><\/figure>\n\n\n\n<p class=\"has-medium-font-size\">Personal de ambos niveles de gobierno visitaron las instalaciones de la Unidad Especializada de la Polic\u00eda para la Atenci\u00f3n a V\u00edctimas de Violencia Intrafamiliar y de G\u00e9nero (UEPAVIG); el Instituto Municipal de la Mujer; la Unidad de An\u00e1lisis y Contexto, as\u00ed como el Deportivo El Tepalcate, el Parque Ecotur\u00edstico El Chimalhuache y la Plaza de la Identidad con el objetivo de implementar acciones que garanticen que las f\u00e9minas tengan acceso a una vida libre de violencia.<\/p>\n\n\n\n<p class=\"has-medium-font-size\">Autoridades locales explicaron que, a trav\u00e9s de este programa se gestionan recursos destinados a la capacitaci\u00f3n de servidores p\u00fablicos y equipamiento de dependencias que brindan atenci\u00f3n a las f\u00e9minas, como la Unidad de la Polic\u00eda de G\u00e9nero y la C\u00e9lula de B\u00fasqueda.<\/p>\n\n\n\n<p class=\"has-medium-font-size\">\u201cEn materia de capacitaci\u00f3n, durante el a\u00f1o 2020 certificamos a 17 elementos en protocolos de b\u00fasqueda y localizaci\u00f3n de personas, adem\u00e1s de la adquisici\u00f3n de un veh\u00edculo para fortalecer las diversas labores de la UEPAVIG\u201d, agreg\u00f3 la titular del Instituto Municipal de la Mujer, Claudia Tejeda Fern\u00e1ndez.<\/p>\n\n\n\n<p class=\"has-medium-font-size\">La funcionaria destac\u00f3 que, adem\u00e1s de estas acciones, se han colocado botones de auxilio en zonas estrat\u00e9gicas como el deportivo El Tepalcate, el Parque Ecotur\u00edstico El Chimalhuache y la Plaza de la Identidad, los cuales, tienen una conexi\u00f3n directa con la Polic\u00eda Municipal y est\u00e1n coordinados con el Centro de Control, Comando, Comunicaci\u00f3n, C\u00f3mputo y Calidad (C5) de Ecatepec, con el prop\u00f3sito de brindar auxilio ante situaciones de riesgo, garantizando mayor seguridad a la ciudadan\u00eda.<\/p>\n\n\n\n<p class=\"has-medium-font-size\">Cabe destacar que, en las estrategias para erradicar la violencia contra las mujeres se suman diversas dependencias del Ayuntamiento como el Sistema para el Desarrollo Integral de la Familia (DIF), Derechos Humanos, Preceptor\u00eda Juvenil, Seguridad Ciudadana, entre otras.<\/p>\n","protected":false},"excerpt":{"rendered":"<p>Como parte del Programa de Mitigaci\u00f3n de las Alertas de Violencia de G\u00e9nero Contra las&#8230;<\/p>\n","protected":false},"author":4,"featured_media":28379,"comment_status":"closed","ping_status":"closed","sticky":false,"template":"","format":"standard","meta":{"footnotes":""},"categories":[4],"tags":[],"class_list":["post-28367","post","type-post","status-publish","format-standard","has-post-thumbnail","hentry","category-noticias-del-dia"],"_links":{"self":[{"href":"https:\/\/bambapolitica.com.mx\/index.php\/wp-json\/wp\/v2\/posts\/28367","targetHints":{"allow":["GET"]}}],"collection":[{"href":"https:\/\/bambapolitica.com.mx\/index.php\/wp-json\/wp\/v2\/posts"}],"about":[{"href":"https:\/\/bambapolitica.com.mx\/index.php\/wp-json\/wp\/v2\/types\/post"}],"author":[{"embeddable":true,"href":"https:\/\/bambapolitica.com.mx\/index.php\/wp-json\/wp\/v2\/users\/4"}],"replies":[{"embeddable":true,"href":"https:\/\/bambapolitica.com.mx\/index.php\/wp-json\/wp\/v2\/comments?post=28367"}],"version-history":[{"count":1,"href":"https:\/\/bambapolitica.com.mx\/index.php\/wp-json\/wp\/v2\/posts\/28367\/revisions"}],"predecessor-version":[{"id":28380,"href":"https:\/\/bambapolitica.com.mx\/index.php\/wp-json\/wp\/v2\/posts\/28367\/revisions\/28380"}],"wp:featuredmedia":[{"embeddable":true,"href":"https:\/\/bambapolitica.com.mx\/index.php\/wp-json\/wp\/v2\/media\/28379"}],"wp:attachment":[{"href":"https:\/\/bambapolitica.com.mx\/index.php\/wp-json\/wp\/v2\/media?parent=28367"}],"wp:term":[{"taxonomy":"category","embeddable":true,"href":"https:\/\/bambapolitica.com.mx\/index.php\/wp-json\/wp\/v2\/categories?post=28367"},{"taxonomy":"post_tag","embeddable":true,"href":"https:\/\/bambapolitica.com.mx\/index.php\/wp-json\/wp\/v2\/tags?post=28367"}],"curies":[{"name":"wp","href":"https:\/\/api.w.org\/{rel}","templated":true}]}}