{"id":28422,"date":"2021-07-26T09:43:25","date_gmt":"2021-07-26T15:43:25","guid":{"rendered":"http:\/\/bambapolitica.com.mx\/?p=28422"},"modified":"2021-07-26T09:43:27","modified_gmt":"2021-07-26T15:43:27","slug":"el-municipio-poblano-donde-el-covid-no-ha-llegado","status":"publish","type":"post","link":"https:\/\/bambapolitica.com.mx\/index.php\/2021\/07\/26\/el-municipio-poblano-donde-el-covid-no-ha-llegado\/","title":{"rendered":"El municipio poblano donde el COVID no ha llegado"},"content":{"rendered":"\n<p class=\"has-medium-font-size\">En esta comunidad mixteca s\u00f3lo se tuvieron seis casos sospechosos en lo que va de la pandemia pero todos resultaron negativos.<\/p>\n\n\n\n<p class=\"has-medium-font-size\">PUEBLA.- A un a\u00f1o y medio del primer caso de COVID 19 en Puebla, el municipio de Chigmecatitl\u00e1n es el \u00fanico que no ha registrado un s\u00f3lo caso de contagio.<\/p>\n\n\n\n<p class=\"has-medium-font-size\">Los datos oficiales federales y estatales apuntan que en esta comunidad mixteca s\u00f3lo se tuvieron seis casos sospechosos en lo que va de la pandemia pero todos resultaron negativos, hecho que el gobierno atribuye m\u00e1s a la lejan\u00eda de la comunidad y la limitada interacci\u00f3n con otras demarcaciones.<\/p>\n\n\n\n<p class=\"has-medium-font-size\">La zona cuenta con 28 kil\u00f3metros cuadrados, y apenas mil 225 habitantes, en gran medida por la emigraci\u00f3n de los varones que han dejado a la comunidad, la cual est\u00e1 habitada prioritariamente por mujeres que se dedican al campo y a la artesan\u00eda, as\u00ed como ancianos pues los ni\u00f1os tambi\u00e9n han emprendido el viaje a Estados Unidos.<\/p>\n\n\n\n<p class=\"has-medium-font-size\">Persisten costumbres y tradiciones, y por las condiciones existentes los habitantes se enteran de lo que sucede al exterior por bocinas. Tampoco es com\u00fan la circulaci\u00f3n de veh\u00edculos pesados, mayoritariamente lo que se usan son bicicletas y motocicletas.<\/p>\n\n\n\n<p class=\"has-medium-font-size\">En las calles poca gente utiliza cubrebocas pese a que en la presidencia municipal, en el pante\u00f3n, en la iglesia y en los comercios hay lonas en donde piden cuidarse del coronavirus.<\/p>\n\n\n\n<p class=\"has-medium-font-size\">El municipio se localiza en la parte centro sur del Estado y limita con Huatlatlauca, Zacapala y Santa Catarina Tlaltempan. Es una comunidad rural que actualmente es gobernada por Teresa Flores Acevedo.<\/p>\n","protected":false},"excerpt":{"rendered":"<p>En esta comunidad mixteca s\u00f3lo se tuvieron seis casos sospechosos en lo que va de&#8230;<\/p>\n","protected":false},"author":4,"featured_media":28423,"comment_status":"closed","ping_status":"closed","sticky":false,"template":"","format":"standard","meta":{"footnotes":""},"categories":[4],"tags":[],"class_list":["post-28422","post","type-post","status-publish","format-standard","has-post-thumbnail","hentry","category-noticias-del-dia"],"_links":{"self":[{"href":"https:\/\/bambapolitica.com.mx\/index.php\/wp-json\/wp\/v2\/posts\/28422","targetHints":{"allow":["GET"]}}],"collection":[{"href":"https:\/\/bambapolitica.com.mx\/index.php\/wp-json\/wp\/v2\/posts"}],"about":[{"href":"https:\/\/bambapolitica.com.mx\/index.php\/wp-json\/wp\/v2\/types\/post"}],"author":[{"embeddable":true,"href":"https:\/\/bambapolitica.com.mx\/index.php\/wp-json\/wp\/v2\/users\/4"}],"replies":[{"embeddable":true,"href":"https:\/\/bambapolitica.com.mx\/index.php\/wp-json\/wp\/v2\/comments?post=28422"}],"version-history":[{"count":1,"href":"https:\/\/bambapolitica.com.mx\/index.php\/wp-json\/wp\/v2\/posts\/28422\/revisions"}],"predecessor-version":[{"id":28424,"href":"https:\/\/bambapolitica.com.mx\/index.php\/wp-json\/wp\/v2\/posts\/28422\/revisions\/28424"}],"wp:featuredmedia":[{"embeddable":true,"href":"https:\/\/bambapolitica.com.mx\/index.php\/wp-json\/wp\/v2\/media\/28423"}],"wp:attachment":[{"href":"https:\/\/bambapolitica.com.mx\/index.php\/wp-json\/wp\/v2\/media?parent=28422"}],"wp:term":[{"taxonomy":"category","embeddable":true,"href":"https:\/\/bambapolitica.com.mx\/index.php\/wp-json\/wp\/v2\/categories?post=28422"},{"taxonomy":"post_tag","embeddable":true,"href":"https:\/\/bambapolitica.com.mx\/index.php\/wp-json\/wp\/v2\/tags?post=28422"}],"curies":[{"name":"wp","href":"https:\/\/api.w.org\/{rel}","templated":true}]}}