{"id":28491,"date":"2021-07-27T08:20:58","date_gmt":"2021-07-27T14:20:58","guid":{"rendered":"http:\/\/bambapolitica.com.mx\/?p=28491"},"modified":"2021-07-27T08:21:00","modified_gmt":"2021-07-27T14:21:00","slug":"veracruz-puerto-encabeza-a-los-10-municipios-con-mas-delincuencia-rafael-ojeda-duran","status":"publish","type":"post","link":"https:\/\/bambapolitica.com.mx\/index.php\/2021\/07\/27\/veracruz-puerto-encabeza-a-los-10-municipios-con-mas-delincuencia-rafael-ojeda-duran\/","title":{"rendered":"Veracruz Puerto encabeza a los 10 municipios con m\u00e1s delincuencia: Rafael Ojeda Dur\u00e1n"},"content":{"rendered":"\n<p class=\"has-medium-font-size\">Todo mal por Yunes-Landia y Cuitla-Landia<\/p>\n\n\n\n<p class=\"has-medium-font-size\">Entre SEDENA y SEMAR se intenta revertir los altos \u00edndices de violencia y criminalidad por las que atraviesa la entidad.<\/p>\n\n\n\n<p class=\"has-medium-font-size\"> El puerto de Veracruz encabeza una lista de 10 municipios veracruzanos donde existe la mayor incidencia delictiva, dio a conocer el Almirante Jos\u00e9 Rafael Ojeda Dur\u00e1n, titular de la Secretar\u00eda de Marina-Armada de M\u00e9xico.<\/p>\n\n\n\n<p class=\"has-medium-font-size\">Durante la conferencia de prensa matutina del presidente de M\u00e9xico en Veracruz, el mando militar dio pormenores del estado que guarda la seguridad en la entidad veracruzana.<\/p>\n\n\n\n<p class=\"has-medium-font-size\">Veracruz, Xalapa, Coatzacoalcos, C\u00f3rdoba, Boca del R\u00edo, Poza Rica, Tuxpan, Orizaba, Mart\u00ednez de la Torre y Minatitl\u00e1n son los diez municipios con m\u00e1s delitos registrados en lo que va del 2021.<\/p>\n\n\n\n<p class=\"has-medium-font-size\">Ojeda Dur\u00e1n enumer\u00f3 los diez delitos con mayor incidencia entre los que se encuentran secuestro, en donde el Estado de Veracruz ocupa el segundo lugar respecto a la media nacional.<\/p>\n\n\n\n<p class=\"has-medium-font-size\">De igual manera en lo que respecta al robo a transportistas, Veracruz tiene actualmente una tendencia a la alza ocupando el primer lugar nacional, as\u00ed como en el robo a negocios, robo a transe\u00fantes y homicidios dolosos.<\/p>\n\n\n\n<p class=\"has-medium-font-size\">Agreg\u00f3 que en el puerto de Veracruz hay una brigada de Polic\u00eda Naval con 490 efectivos apoyando a la autoridad municipal en cuanto a las labores de seguridad, ya que la polic\u00eda municipal no se da abasto y tiene muy pocos elementos.<\/p>\n\n\n\n<p class=\"has-medium-font-size\">Ojeda Dur\u00e1n manifest\u00f3 para concluir, que entre la SEDENA y la SEMAR tienen adscritos en el Estado de Veracruz a 24 mil 317 elementos, se cuenta con 4 compa\u00f1\u00edas de la Guardia Nacional y se construir\u00e1n 20 m\u00e1s en el periodo del 2022 al 2023 para intentar revertir los altos \u00edndices de violencia y criminalidad por las que atraviesa la entidad veracruzana.<\/p>\n\n\n\n<figure class=\"wp-block-image size-large\"><img loading=\"lazy\" decoding=\"async\" width=\"690\" height=\"457\" src=\"https:\/\/bambapolitica.com.mx\/wp-content\/uploads\/2021\/07\/2-8.jpg\" alt=\"\" class=\"wp-image-28483\" srcset=\"https:\/\/bambapolitica.com.mx\/wp-content\/uploads\/2021\/07\/2-8.jpg 690w, https:\/\/bambapolitica.com.mx\/wp-content\/uploads\/2021\/07\/2-8-300x199.jpg 300w, https:\/\/bambapolitica.com.mx\/wp-content\/uploads\/2021\/07\/2-8-220x146.jpg 220w, https:\/\/bambapolitica.com.mx\/wp-content\/uploads\/2021\/07\/2-8-50x33.jpg 50w, https:\/\/bambapolitica.com.mx\/wp-content\/uploads\/2021\/07\/2-8-113x75.jpg 113w\" sizes=\"auto, (max-width: 690px) 100vw, 690px\" \/><\/figure>\n","protected":false},"excerpt":{"rendered":"<p>Todo mal por Yunes-Landia y Cuitla-Landia Entre SEDENA y SEMAR se intenta revertir los altos&#8230;<\/p>\n","protected":false},"author":4,"featured_media":28484,"comment_status":"closed","ping_status":"closed","sticky":false,"template":"","format":"standard","meta":{"footnotes":""},"categories":[4],"tags":[],"class_list":["post-28491","post","type-post","status-publish","format-standard","has-post-thumbnail","hentry","category-noticias-del-dia"],"_links":{"self":[{"href":"https:\/\/bambapolitica.com.mx\/index.php\/wp-json\/wp\/v2\/posts\/28491","targetHints":{"allow":["GET"]}}],"collection":[{"href":"https:\/\/bambapolitica.com.mx\/index.php\/wp-json\/wp\/v2\/posts"}],"about":[{"href":"https:\/\/bambapolitica.com.mx\/index.php\/wp-json\/wp\/v2\/types\/post"}],"author":[{"embeddable":true,"href":"https:\/\/bambapolitica.com.mx\/index.php\/wp-json\/wp\/v2\/users\/4"}],"replies":[{"embeddable":true,"href":"https:\/\/bambapolitica.com.mx\/index.php\/wp-json\/wp\/v2\/comments?post=28491"}],"version-history":[{"count":1,"href":"https:\/\/bambapolitica.com.mx\/index.php\/wp-json\/wp\/v2\/posts\/28491\/revisions"}],"predecessor-version":[{"id":28495,"href":"https:\/\/bambapolitica.com.mx\/index.php\/wp-json\/wp\/v2\/posts\/28491\/revisions\/28495"}],"wp:featuredmedia":[{"embeddable":true,"href":"https:\/\/bambapolitica.com.mx\/index.php\/wp-json\/wp\/v2\/media\/28484"}],"wp:attachment":[{"href":"https:\/\/bambapolitica.com.mx\/index.php\/wp-json\/wp\/v2\/media?parent=28491"}],"wp:term":[{"taxonomy":"category","embeddable":true,"href":"https:\/\/bambapolitica.com.mx\/index.php\/wp-json\/wp\/v2\/categories?post=28491"},{"taxonomy":"post_tag","embeddable":true,"href":"https:\/\/bambapolitica.com.mx\/index.php\/wp-json\/wp\/v2\/tags?post=28491"}],"curies":[{"name":"wp","href":"https:\/\/api.w.org\/{rel}","templated":true}]}}