{"id":28710,"date":"2021-07-30T08:26:03","date_gmt":"2021-07-30T14:26:03","guid":{"rendered":"http:\/\/bambapolitica.com.mx\/?p=28710"},"modified":"2021-07-30T11:22:14","modified_gmt":"2021-07-30T17:22:14","slug":"orfis-fernando-yunes-con-dano-por-74-millones","status":"publish","type":"post","link":"https:\/\/bambapolitica.com.mx\/index.php\/2021\/07\/30\/orfis-fernando-yunes-con-dano-por-74-millones\/","title":{"rendered":"ORFIS: Fernando Yunes con da\u00f1o por $74 Millones"},"content":{"rendered":"\n<p class=\"has-medium-font-size\">Y en diciembre se le acaba el fuero!!!<br>ORFIS detecta a Fernando Yunes da\u00f1o patrimonial en 2019 por $74 Millones de Pesos.<\/p>\n\n\n\n<p class=\"has-medium-font-size\">**De su primer a\u00f1o 2018 ya tra\u00eda observaciones por m\u00e1s de $13 millones de pesos.<br>**Ahora tras la revisi\u00f3n de la cuenta p\u00fablica de su segundo a\u00f1o el saqueo al erario es mayor.<br>**Aunado a ello tiene denuncias penales en la FGE y la FGE por haber emitido documentos falsos a su hermano.<\/p>\n\n\n\n<p class=\"has-medium-font-size\">En la revisi\u00f3n a la Cuenta P\u00fablicas Municipales 2019, el \u00d3rgano de Fiscalizaci\u00f3n Superior (ORFIS) detect\u00f3 un presunto da\u00f1o patrimonial por 2 mil 26 millones 637 mil 885.88 pesos en 210 Ayuntamientos de los 212, el m\u00e1s grande de la historia de la fiscalizaci\u00f3n de Veracruz.<\/p>\n\n\n\n<p class=\"has-medium-font-size\">Se trata de la segunda Cuenta P\u00fablica de las actuales administraciones municipales.<\/p>\n\n\n\n<p class=\"has-medium-font-size\">El Ayuntamiento con mayor da\u00f1o patrimonial es Veracruz, que preside el panista Fernando Yunes M\u00e1rquez, con un da\u00f1o patrimonial de $74 millones 540 mil 593.97 pesos observados.<\/p>\n\n\n\n<p class=\"has-medium-font-size\">Seguido del Ayuntamiento de Tuxpan, del tambi\u00e9n panista, Juan Antonio Aguilar Mancha, con $47 millones 35 mil 466.54 pesos.<\/p>\n\n\n\n<p class=\"has-medium-font-size\">Los dem\u00e1s ayuntamientos que presentaron las observaciones m\u00e1s grandes fueron los de Zongolica que preside el perredista Juan Carlos Mezhua Campos, con $41 millones 91 mil 557.46 pesos; C\u00f3rdoba, de la panista Leticia L\u00f3pez Landero, fue se\u00f1alado por $25 millones 169 mil 818.17 pesos; \u00c1ngel R. Cabada del perredista, Arturo Hervis Retes, por $20 millones 523 mil 533.54 pesos.<\/p>\n\n\n\n<p class=\"has-medium-font-size\">Tambi\u00e9n figuran San Andr\u00e9s Tuxtla, del alcalde independiente, Octavio P\u00e9rez Garay, con un da\u00f1o patrimonial de $11 millones 203 mil 270.44 pesos.<\/p>\n\n\n\n<p class=\"has-medium-font-size\">Se acaba el FUERO\u2026Con denuncias penales en FGE, FGR y con millonarios da\u00f1os patrimoniales en Veracruz.<\/p>\n","protected":false},"excerpt":{"rendered":"<p>Y en diciembre se le acaba el fuero!!!ORFIS detecta a Fernando Yunes da\u00f1o patrimonial en&#8230;<\/p>\n","protected":false},"author":4,"featured_media":28711,"comment_status":"closed","ping_status":"closed","sticky":false,"template":"","format":"standard","meta":{"footnotes":""},"categories":[4],"tags":[],"class_list":["post-28710","post","type-post","status-publish","format-standard","has-post-thumbnail","hentry","category-noticias-del-dia"],"_links":{"self":[{"href":"https:\/\/bambapolitica.com.mx\/index.php\/wp-json\/wp\/v2\/posts\/28710","targetHints":{"allow":["GET"]}}],"collection":[{"href":"https:\/\/bambapolitica.com.mx\/index.php\/wp-json\/wp\/v2\/posts"}],"about":[{"href":"https:\/\/bambapolitica.com.mx\/index.php\/wp-json\/wp\/v2\/types\/post"}],"author":[{"embeddable":true,"href":"https:\/\/bambapolitica.com.mx\/index.php\/wp-json\/wp\/v2\/users\/4"}],"replies":[{"embeddable":true,"href":"https:\/\/bambapolitica.com.mx\/index.php\/wp-json\/wp\/v2\/comments?post=28710"}],"version-history":[{"count":2,"href":"https:\/\/bambapolitica.com.mx\/index.php\/wp-json\/wp\/v2\/posts\/28710\/revisions"}],"predecessor-version":[{"id":28792,"href":"https:\/\/bambapolitica.com.mx\/index.php\/wp-json\/wp\/v2\/posts\/28710\/revisions\/28792"}],"wp:featuredmedia":[{"embeddable":true,"href":"https:\/\/bambapolitica.com.mx\/index.php\/wp-json\/wp\/v2\/media\/28711"}],"wp:attachment":[{"href":"https:\/\/bambapolitica.com.mx\/index.php\/wp-json\/wp\/v2\/media?parent=28710"}],"wp:term":[{"taxonomy":"category","embeddable":true,"href":"https:\/\/bambapolitica.com.mx\/index.php\/wp-json\/wp\/v2\/categories?post=28710"},{"taxonomy":"post_tag","embeddable":true,"href":"https:\/\/bambapolitica.com.mx\/index.php\/wp-json\/wp\/v2\/tags?post=28710"}],"curies":[{"name":"wp","href":"https:\/\/api.w.org\/{rel}","templated":true}]}}