{"id":28802,"date":"2021-07-30T12:16:20","date_gmt":"2021-07-30T18:16:20","guid":{"rendered":"http:\/\/bambapolitica.com.mx\/?p=28802"},"modified":"2021-07-30T12:16:22","modified_gmt":"2021-07-30T18:16:22","slug":"aplicaran-pruebas-gratuitas-para-detectar-covid-19-en-valle-de-chalco-por-dos-semanas","status":"publish","type":"post","link":"https:\/\/bambapolitica.com.mx\/index.php\/2021\/07\/30\/aplicaran-pruebas-gratuitas-para-detectar-covid-19-en-valle-de-chalco-por-dos-semanas\/","title":{"rendered":"Aplicar\u00e1n pruebas gratuitas para detectar Covid-19 en Valle de Chalco por dos semanas"},"content":{"rendered":"\n<p class=\"has-medium-font-size\">\u2022 Se aplicar\u00e1n en la Casa de Salud de la colonia San Miguel Xico II.<\/p>\n\n\n\n<div class=\"wp-block-image\"><figure class=\"aligncenter size-large\"><img loading=\"lazy\" decoding=\"async\" width=\"723\" height=\"1024\" src=\"https:\/\/bambapolitica.com.mx\/wp-content\/uploads\/2021\/07\/wp-16275956786453141281318182197356-1-723x1024.jpg\" alt=\"\" class=\"wp-image-28804\" srcset=\"https:\/\/bambapolitica.com.mx\/wp-content\/uploads\/2021\/07\/wp-16275956786453141281318182197356-1-723x1024.jpg 723w, https:\/\/bambapolitica.com.mx\/wp-content\/uploads\/2021\/07\/wp-16275956786453141281318182197356-1-212x300.jpg 212w, https:\/\/bambapolitica.com.mx\/wp-content\/uploads\/2021\/07\/wp-16275956786453141281318182197356-1-768x1088.jpg 768w, https:\/\/bambapolitica.com.mx\/wp-content\/uploads\/2021\/07\/wp-16275956786453141281318182197356-1-103x146.jpg 103w, https:\/\/bambapolitica.com.mx\/wp-content\/uploads\/2021\/07\/wp-16275956786453141281318182197356-1-35x50.jpg 35w, https:\/\/bambapolitica.com.mx\/wp-content\/uploads\/2021\/07\/wp-16275956786453141281318182197356-1-53x75.jpg 53w, https:\/\/bambapolitica.com.mx\/wp-content\/uploads\/2021\/07\/wp-16275956786453141281318182197356-1.jpg 1024w\" sizes=\"auto, (max-width: 723px) 100vw, 723px\" \/><\/figure><\/div>\n\n\n\n<p class=\"has-medium-font-size\">Valle de Chalco. Edom\u00e9x. a 30 de junio de 2021.<\/p>\n\n\n\n<p class=\"has-medium-font-size\"> En apoyo a la econom\u00eda familiar, y en favor de la salud de la poblaci\u00f3n, el gobierno de Valle de Chalco Solidaridad, a trav\u00e9s de la Direcci\u00f3n de Atenci\u00f3n a la Salud, y en coordinaci\u00f3n con la Jurisdicci\u00f3n Sanitaria de Amecameca, alista dos semanas de aplicaci\u00f3n de pruebas gratuitas para detectar covid-19.<\/p>\n\n\n\n<p class=\"has-medium-font-size\">La suma de estas acciones busca coadyuvar a cortar la cadena de contagios de manera eficaz, y al mismo tiempo, representa una medida preventiva ante el regreso al color naranja del sem\u00e1foro epidemiol\u00f3gico.<\/p>\n\n\n\n<p class=\"has-medium-font-size\">Estas pruebas se aplicar\u00e1n los d\u00edas 2, 3, 4, 5, 6, 9, 10, 11, 12, y 13 de agosto, en el marco de la Jornada Emergente X la vida, en la Casa de Salud de la colonia San Miguel Xico II, que se ubica entre las calles Sur 20 y Poniente 3.<br>A la poblaci\u00f3n interesada en asistir, se le recomienda ir sin acompa\u00f1antes, utilizar cubrebocas, practicar las medidas de sanidad e higiene ya conocidas, y seguir las indicaciones del personal de salud para agilizar su atenci\u00f3n.<\/p>\n\n\n\n<p class=\"has-medium-font-size\">Se debe se\u00f1alar que a la par de estos servicios, habr\u00e1 consulta m\u00e9dica general sin costo, y en apoyo a la econom\u00eda familiar, se ofrecer\u00e1 la radiograf\u00eda de t\u00f3rax a costo de recuperaci\u00f3n.<\/p>\n\n\n\n<p class=\"has-medium-font-size\">La recepci\u00f3n empezar\u00e1 a las 9 de la ma\u00f1ana y se contempla terminar a la 1 de la tarde, sin embargo, la aplicaci\u00f3n de pruebas covid-19 queda sujeta a su disponibilidad, esto quiere decir que se atender\u00e1 hasta agotarse la existencia de las mismas.<br>Por \u00faltimo, se recomienda a la ciudadan\u00eda, llevar una copia de identificaci\u00f3n oficial vigente y comprobante de domicilio.<\/p>\n","protected":false},"excerpt":{"rendered":"<p>\u2022 Se aplicar\u00e1n en la Casa de Salud de la colonia San Miguel Xico II&#8230;.<\/p>\n","protected":false},"author":4,"featured_media":28805,"comment_status":"closed","ping_status":"closed","sticky":false,"template":"","format":"standard","meta":{"footnotes":""},"categories":[4],"tags":[],"class_list":["post-28802","post","type-post","status-publish","format-standard","has-post-thumbnail","hentry","category-noticias-del-dia"],"_links":{"self":[{"href":"https:\/\/bambapolitica.com.mx\/index.php\/wp-json\/wp\/v2\/posts\/28802","targetHints":{"allow":["GET"]}}],"collection":[{"href":"https:\/\/bambapolitica.com.mx\/index.php\/wp-json\/wp\/v2\/posts"}],"about":[{"href":"https:\/\/bambapolitica.com.mx\/index.php\/wp-json\/wp\/v2\/types\/post"}],"author":[{"embeddable":true,"href":"https:\/\/bambapolitica.com.mx\/index.php\/wp-json\/wp\/v2\/users\/4"}],"replies":[{"embeddable":true,"href":"https:\/\/bambapolitica.com.mx\/index.php\/wp-json\/wp\/v2\/comments?post=28802"}],"version-history":[{"count":2,"href":"https:\/\/bambapolitica.com.mx\/index.php\/wp-json\/wp\/v2\/posts\/28802\/revisions"}],"predecessor-version":[{"id":28807,"href":"https:\/\/bambapolitica.com.mx\/index.php\/wp-json\/wp\/v2\/posts\/28802\/revisions\/28807"}],"wp:featuredmedia":[{"embeddable":true,"href":"https:\/\/bambapolitica.com.mx\/index.php\/wp-json\/wp\/v2\/media\/28805"}],"wp:attachment":[{"href":"https:\/\/bambapolitica.com.mx\/index.php\/wp-json\/wp\/v2\/media?parent=28802"}],"wp:term":[{"taxonomy":"category","embeddable":true,"href":"https:\/\/bambapolitica.com.mx\/index.php\/wp-json\/wp\/v2\/categories?post=28802"},{"taxonomy":"post_tag","embeddable":true,"href":"https:\/\/bambapolitica.com.mx\/index.php\/wp-json\/wp\/v2\/tags?post=28802"}],"curies":[{"name":"wp","href":"https:\/\/api.w.org\/{rel}","templated":true}]}}