{"id":28943,"date":"2021-08-03T15:32:43","date_gmt":"2021-08-03T21:32:43","guid":{"rendered":"http:\/\/bambapolitica.com.mx\/?p=28943"},"modified":"2021-08-03T15:32:56","modified_gmt":"2021-08-03T21:32:56","slug":"esta-mujer-ataco-con-acido-a-ana-en-iztacalco-la-has-visto","status":"publish","type":"post","link":"https:\/\/bambapolitica.com.mx\/index.php\/2021\/08\/03\/esta-mujer-ataco-con-acido-a-ana-en-iztacalco-la-has-visto\/","title":{"rendered":"Esta mujer atac\u00f3 con \u00e1cido a Ana en Iztacalco \u00bfLa has visto?"},"content":{"rendered":"\n<p class=\"has-medium-font-size\">Ana Salda\u00f1a, una joven que fue atacada con \u00e1cido en la alcald\u00eda Iztacalco de la Ciudad de M\u00e9xico busca a su agresora, quien permanece libre.&nbsp;<\/p>\n\n\n\n<p class=\"has-medium-font-size\">La Fiscal\u00eda General de Justicia (FGJ) de Ciudad de M\u00e9xico comparti\u00f3 un retrato hablado de la mujer, quien el d\u00eda de la agresi\u00f3n (12 de noviembre de 2018) iba acompa\u00f1ada de un hombre de 35 a 40 a\u00f1os de edad.&nbsp;<\/p>\n\n\n\n<p class=\"has-medium-font-size\">&#8220;Esta mujer se acerc\u00f3 a m\u00ed con el pretexto de vender gelatinas, ellos porque eran dos&#8230; alguien los mand\u00f3 y ella sin m\u00e1s decidi\u00f3 lanzarme \u00e1cido en la cara, quem\u00e1ndome severamente el rostro, el cuerpo y quit\u00e1ndome la vista del ojo derecho\u201d, se escucha en un video que la joven comparti\u00f3.&nbsp;<\/p>\n\n\n\n<p class=\"has-medium-font-size\">&#8220;Ay\u00fadame a dar con ella para que pague lo hizo y sobre todo que el verdadero culpable salga a la luz\u201d.&nbsp;<\/p>\n\n\n\n<p class=\"has-medium-font-size\">En el retrato hablado compartido por la FGJ de indica que la mujer de entre 25 a 30 a\u00f1os de edad es de complexi\u00f3n delgada y una estatura de 1.65 metros.<\/p>\n\n\n\n<p class=\"has-medium-font-size\">Es de tez morena clara trigue\u00f1a y cabello negro quebrado; nariz grande, boca mediana y ojos oblicuos. Como rasgos espec\u00edficos se indic\u00f3 que tiene una quemadura en la mano derecha.&nbsp;<\/p>\n\n\n\n<p class=\"has-medium-font-size\">La Fiscal\u00eda General de Justicia del Estado de M\u00e9xico puso a disposici\u00f3n de la poblaci\u00f3n el n\u00famero 5200-9610 y 5200-9604 para realizar reportes y dar con la ubicaci\u00f3n de esta persona.&nbsp;<\/p>\n\n\n\n<figure class=\"wp-block-video\"><video controls src=\"https:\/\/bambapolitica.com.mx\/wp-content\/uploads\/2021\/08\/Video-Ella-es-Ana-Helena-quien-pide-justicia-fue-agredida-por-otra-mujer-que-le-arrojo\u0301-a\u0301cido-en-su-rostro-y-cuerpo-esto-ocurrio-el-12-de-noviemb.mp4\"><\/video><\/figure>\n","protected":false},"excerpt":{"rendered":"<p>Ana Salda\u00f1a, una joven que fue atacada con \u00e1cido en la alcald\u00eda Iztacalco de la&#8230;<\/p>\n","protected":false},"author":4,"featured_media":28944,"comment_status":"closed","ping_status":"closed","sticky":false,"template":"","format":"standard","meta":{"footnotes":""},"categories":[2],"tags":[],"class_list":["post-28943","post","type-post","status-publish","format-standard","has-post-thumbnail","hentry","category-policiaca"],"_links":{"self":[{"href":"https:\/\/bambapolitica.com.mx\/index.php\/wp-json\/wp\/v2\/posts\/28943","targetHints":{"allow":["GET"]}}],"collection":[{"href":"https:\/\/bambapolitica.com.mx\/index.php\/wp-json\/wp\/v2\/posts"}],"about":[{"href":"https:\/\/bambapolitica.com.mx\/index.php\/wp-json\/wp\/v2\/types\/post"}],"author":[{"embeddable":true,"href":"https:\/\/bambapolitica.com.mx\/index.php\/wp-json\/wp\/v2\/users\/4"}],"replies":[{"embeddable":true,"href":"https:\/\/bambapolitica.com.mx\/index.php\/wp-json\/wp\/v2\/comments?post=28943"}],"version-history":[{"count":3,"href":"https:\/\/bambapolitica.com.mx\/index.php\/wp-json\/wp\/v2\/posts\/28943\/revisions"}],"predecessor-version":[{"id":28988,"href":"https:\/\/bambapolitica.com.mx\/index.php\/wp-json\/wp\/v2\/posts\/28943\/revisions\/28988"}],"wp:featuredmedia":[{"embeddable":true,"href":"https:\/\/bambapolitica.com.mx\/index.php\/wp-json\/wp\/v2\/media\/28944"}],"wp:attachment":[{"href":"https:\/\/bambapolitica.com.mx\/index.php\/wp-json\/wp\/v2\/media?parent=28943"}],"wp:term":[{"taxonomy":"category","embeddable":true,"href":"https:\/\/bambapolitica.com.mx\/index.php\/wp-json\/wp\/v2\/categories?post=28943"},{"taxonomy":"post_tag","embeddable":true,"href":"https:\/\/bambapolitica.com.mx\/index.php\/wp-json\/wp\/v2\/tags?post=28943"}],"curies":[{"name":"wp","href":"https:\/\/api.w.org\/{rel}","templated":true}]}}