{"id":29186,"date":"2021-08-05T16:30:33","date_gmt":"2021-08-05T22:30:33","guid":{"rendered":"http:\/\/bambapolitica.com.mx\/?p=29186"},"modified":"2021-08-05T16:30:34","modified_gmt":"2021-08-05T22:30:34","slug":"pobreza-en-mexico-2020-hay-55-7-millones-de-mexicanos-empobrecidos","status":"publish","type":"post","link":"https:\/\/bambapolitica.com.mx\/index.php\/2021\/08\/05\/pobreza-en-mexico-2020-hay-55-7-millones-de-mexicanos-empobrecidos\/","title":{"rendered":"Pobreza en M\u00e9xico 2020: Hay 55.7 millones de mexicanos empobrecidos"},"content":{"rendered":"\n<p class=\"has-medium-font-size\">De 2018 a 2020, la cifra de personas en situaci\u00f3n de pobreza aument\u00f3 de 51.9 a 55.7 millones de mexicanos, de acuerdo con el Coneval<\/p>\n\n\n\n<p class=\"has-medium-font-size\">M\u00e9xico.- La cifra de personas en situaci\u00f3n de pobreza en M\u00e9xico aument\u00f3 de 51.9 a 55.7 millones de mexicanos de 2018 a 2020, seg\u00fan el Consejo Nacional de Evaluaci\u00f3n de la Pol\u00edtica de Desarrollo Social (Coneval).<\/p>\n\n\n\n<p class=\"has-medium-font-size\">Este 5 de agosto, el Coneval present\u00f3 las estimaciones de la medici\u00f3n de pobreza multidimensional en M\u00e9xico 2020; destacan que la pobreza en el pa\u00eds aument\u00f3 en los \u00faltimos dos a\u00f1os.<\/p>\n\n\n\n<p class=\"has-medium-font-size\">La poblaci\u00f3n en situaci\u00f3n de pobreza pas\u00f3 de 41.9% a 43.9%, lo que significa un incremento de 3.8 millones de personas m\u00e1s en esta condici\u00f3n, es decir:<\/p>\n\n\n\n<p class=\"has-medium-font-size\"><strong>\u25a0<\/strong> Poblaci\u00f3n en situaci\u00f3n de pobreza moderada aument\u00f3 de 34.9% a 35.4%<br><strong>\u25a0<\/strong> Poblaci\u00f3n en situaci\u00f3n de pobreza extrema de 7% a 8.5%<br><strong>\u25a0<\/strong> Poblaci\u00f3n no pobre y no vulnerable disminuy\u00f3 de 23.7% a 23.5%<\/p>\n\n\n\n<div class=\"wp-block-image\"><figure class=\"aligncenter size-large\"><img loading=\"lazy\" decoding=\"async\" width=\"640\" height=\"640\" src=\"https:\/\/bambapolitica.com.mx\/wp-content\/uploads\/2021\/08\/EJNWW5KU3VD5JJ5APVRSU6ZQVE.jpeg\" alt=\"\" class=\"wp-image-29187\" srcset=\"https:\/\/bambapolitica.com.mx\/wp-content\/uploads\/2021\/08\/EJNWW5KU3VD5JJ5APVRSU6ZQVE.jpeg 640w, https:\/\/bambapolitica.com.mx\/wp-content\/uploads\/2021\/08\/EJNWW5KU3VD5JJ5APVRSU6ZQVE-300x300.jpeg 300w, https:\/\/bambapolitica.com.mx\/wp-content\/uploads\/2021\/08\/EJNWW5KU3VD5JJ5APVRSU6ZQVE-150x150.jpeg 150w, https:\/\/bambapolitica.com.mx\/wp-content\/uploads\/2021\/08\/EJNWW5KU3VD5JJ5APVRSU6ZQVE-146x146.jpeg 146w, https:\/\/bambapolitica.com.mx\/wp-content\/uploads\/2021\/08\/EJNWW5KU3VD5JJ5APVRSU6ZQVE-50x50.jpeg 50w, https:\/\/bambapolitica.com.mx\/wp-content\/uploads\/2021\/08\/EJNWW5KU3VD5JJ5APVRSU6ZQVE-75x75.jpeg 75w, https:\/\/bambapolitica.com.mx\/wp-content\/uploads\/2021\/08\/EJNWW5KU3VD5JJ5APVRSU6ZQVE-85x85.jpeg 85w, https:\/\/bambapolitica.com.mx\/wp-content\/uploads\/2021\/08\/EJNWW5KU3VD5JJ5APVRSU6ZQVE-80x80.jpeg 80w\" sizes=\"auto, (max-width: 640px) 100vw, 640px\" \/><\/figure><\/div>\n\n\n\n<p class=\"has-large-font-size\">Carencias en la poblaci\u00f3n en situaci\u00f3n de pobreza 2020<\/p>\n\n\n\n<p class=\"has-medium-font-size\">Jos\u00e9 Nabor Cruz, secretario ejecutivo del Coneval, destac\u00f3 que de 2018 a 2020, tres carencias disminuyeron pero la carencia en acceso a servicios de salud aument\u00f3 en todos los estados:<\/p>\n\n\n\n<p class=\"has-medium-font-size\"><strong>\u25a0<\/strong> Calidad y espacios de la vivienda de 11% a 9.3%<br><strong>\u25a0<\/strong> Acceso a los servicios b\u00e1sicos en la vivienda pas\u00f3 de 19.6% a 17.9%<br><strong>\u25a0<\/strong> Acceso a la seguridad social de 53.5% a 52%<br><strong>\u25a0<\/strong> Rezago educativo de 19 a 19.2%<br><strong>\u25a0<\/strong> Acceso a la alimentaci\u00f3n nutritiva y de calidad aument\u00f3 0.3%<br><strong>\u25a0<\/strong> Acceso a los servicios de salud de 16.2 a 28.2%<\/p>\n\n\n\n<p class=\"has-large-font-size\">Los estados con mayor aumento de personas en situaci\u00f3n de pobreza<\/p>\n\n\n\n<p class=\"has-medium-font-size\">En cuanto a los estados, Quintana Roo report\u00f3 un incremento de poblaci\u00f3n en situaci\u00f3n de pobreza con 17.3% de 2018 a 2020; seguido de Baja California Sur, Tlaxcala, Edomex y Yucat\u00e1n.<\/p>\n\n\n\n<p class=\"has-medium-font-size\">Contrario, 13 entidades tuvieron una reducci\u00f3n en el porcentaje de la poblaci\u00f3n en situaci\u00f3n de pobreza, como Nayarit, Colima y Zacatecas.<\/p>\n\n\n\n<p class=\"has-medium-font-size\">Sobre la pobreza extrema, aunque Chiapas, Guerrero y Oaxaca son los estados con m\u00e1s poblaci\u00f3n en esta condici\u00f3n, tambi\u00e9n reportaron una reducci\u00f3n, comparado con Quintana Roo con un aumento de 6.8%.<\/p>\n\n\n\n<p class=\"has-medium-font-size\">Hubo m\u00e1s rezago educativo en Michoac\u00e1n, Puebla, Sonora, Veracruz y Chiapas; e incremento de carencias en salud en Oaxaca, Guerrero y Chiapas. Otras mediciones indican que:<\/p>\n\n\n\n<p class=\"has-medium-font-size\"><strong>\u25a0<\/strong> La situaci\u00f3n de pobreza seg\u00fan la edad se mantuvo de 2018 a 2020, excepto en la poblaci\u00f3n de 30 a 64 a\u00f1os.<br><strong>\u25a0<\/strong> La situaci\u00f3n de pobreza en personas no hablantes de lengua ind\u00edgena aument\u00f3<br><strong>\u25a0<\/strong> En situaci\u00f3n de pobreza hay 4.1% de personas con discapacidad<br><strong>\u25a0<\/strong> En el \u00e1mbito urbano, la pobreza se increment\u00f3 en 3.3%<br><strong>\u25a0<\/strong> Y hay 44.4% mujeres en situaci\u00f3n de pobreza y 43.4% hombres<\/p>\n\n\n\n<p class=\"has-large-font-size\">Covid-19 y su impacto en la pobreza en M\u00e9xico<\/p>\n\n\n\n<p class=\"has-medium-font-size\">El Coneval resalt\u00f3 que la emergencia sanitaria por Covid-19 profundiz\u00f3 los desaf\u00edos de la pol\u00edtica de desarrollo social en todos los \u00e1mbitos, principalmente, en el ingreso, salud, educaci\u00f3n y alimentaci\u00f3n.<\/p>\n\n\n\n<p class=\"has-medium-font-size\">\u201cBajo la contingencia sanitaria y la crisis econ\u00f3mica derivada, este informe permite identificar avances y retrocesos del desarrollo social y grupos de atenci\u00f3n prioritarios para los tres \u00f3rdenes de gobierno\u201d.<\/p>\n\n\n\n<p class=\"has-medium-font-size\">CONEVAL<br>Destacaron que los resultados de la medici\u00f3n de pobreza 2020 ofrecen informaci\u00f3n estrat\u00e9gica para la construcci\u00f3n de la pol\u00edtica de desarrollo social post pandemia.<\/p>\n\n\n\n<p class=\"has-medium-font-size\">Como decisiones que disminuyan el abandono escolar, la promoci\u00f3n de la asistencia a las escuela y la conclusi\u00f3n de la educaci\u00f3n obligatoria; o que se asegure la atenci\u00f3n a la salud de la poblaci\u00f3n.<\/p>\n","protected":false},"excerpt":{"rendered":"<p>De 2018 a 2020, la cifra de personas en situaci\u00f3n de pobreza aument\u00f3 de 51.9&#8230;<\/p>\n","protected":false},"author":4,"featured_media":29188,"comment_status":"closed","ping_status":"closed","sticky":false,"template":"","format":"standard","meta":{"footnotes":""},"categories":[4],"tags":[],"class_list":["post-29186","post","type-post","status-publish","format-standard","has-post-thumbnail","hentry","category-noticias-del-dia"],"_links":{"self":[{"href":"https:\/\/bambapolitica.com.mx\/index.php\/wp-json\/wp\/v2\/posts\/29186","targetHints":{"allow":["GET"]}}],"collection":[{"href":"https:\/\/bambapolitica.com.mx\/index.php\/wp-json\/wp\/v2\/posts"}],"about":[{"href":"https:\/\/bambapolitica.com.mx\/index.php\/wp-json\/wp\/v2\/types\/post"}],"author":[{"embeddable":true,"href":"https:\/\/bambapolitica.com.mx\/index.php\/wp-json\/wp\/v2\/users\/4"}],"replies":[{"embeddable":true,"href":"https:\/\/bambapolitica.com.mx\/index.php\/wp-json\/wp\/v2\/comments?post=29186"}],"version-history":[{"count":1,"href":"https:\/\/bambapolitica.com.mx\/index.php\/wp-json\/wp\/v2\/posts\/29186\/revisions"}],"predecessor-version":[{"id":29189,"href":"https:\/\/bambapolitica.com.mx\/index.php\/wp-json\/wp\/v2\/posts\/29186\/revisions\/29189"}],"wp:featuredmedia":[{"embeddable":true,"href":"https:\/\/bambapolitica.com.mx\/index.php\/wp-json\/wp\/v2\/media\/29188"}],"wp:attachment":[{"href":"https:\/\/bambapolitica.com.mx\/index.php\/wp-json\/wp\/v2\/media?parent=29186"}],"wp:term":[{"taxonomy":"category","embeddable":true,"href":"https:\/\/bambapolitica.com.mx\/index.php\/wp-json\/wp\/v2\/categories?post=29186"},{"taxonomy":"post_tag","embeddable":true,"href":"https:\/\/bambapolitica.com.mx\/index.php\/wp-json\/wp\/v2\/tags?post=29186"}],"curies":[{"name":"wp","href":"https:\/\/api.w.org\/{rel}","templated":true}]}}