{"id":29245,"date":"2021-08-06T13:33:52","date_gmt":"2021-08-06T19:33:52","guid":{"rendered":"http:\/\/bambapolitica.com.mx\/?p=29245"},"modified":"2021-08-06T15:39:03","modified_gmt":"2021-08-06T21:39:03","slug":"daran-un-millon-de-pesos-al-ganador-del-premio-de-literatura-sor-juana-ines-de-la-cruz-2021","status":"publish","type":"post","link":"https:\/\/bambapolitica.com.mx\/index.php\/2021\/08\/06\/daran-un-millon-de-pesos-al-ganador-del-premio-de-literatura-sor-juana-ines-de-la-cruz-2021\/","title":{"rendered":"Dar\u00e1n un millon de pesos al ganador del premio de literatura &#8220;Sor Juana Ines de la Cruz&#8221; 2021"},"content":{"rendered":"\n<p class=\"has-medium-font-size\">El Gobierno del Estado de M\u00e9xico, a trav\u00e9s de la Secretar\u00eda de Cultura y Turismo y su Consejo Editorial de la Administraci\u00f3n P\u00fablica Estatal (CEAPE), anunci\u00f3 el lanzamiento de la Convocatoria del Premio Internacional de Literatura en Lengua Espa\u00f1ola \u201cSor Juana In\u00e9s de la Cruz\u201d 2021.<\/p>\n\n\n\n<p class=\"has-medium-font-size\">Este premio otorga un mill\u00f3n de pesos a quien resulte ganadora o ganador y su objetivo es reconocer la creaci\u00f3n literaria de quienes por la trascendencia de su obra y trayectoria, han contribuido a engrandecer la literatura escrita en lengua espa\u00f1ola.<\/p>\n\n\n\n<p class=\"has-medium-font-size\">En conferencia de prensa, la Secretaria de Cultura y Turismo, Marcela Gonz\u00e1lez Salas, acompa\u00f1ada del Secretario T\u00e9cnico del CEAPE, Alfredo Barrera Baca, dieron a conocer este premio que, despu\u00e9s de un a\u00f1o de pandemia, llega para impulsar la literatura.<\/p>\n\n\n\n<p class=\"has-medium-font-size\">\u201cEl Consejo Editorial tiene una misi\u00f3n muy noble de contribuir y fortalecer la identidad a trav\u00e9s de la recuperaci\u00f3n de valores culturales y en esta primera edici\u00f3n del premio Internacional de Literatura en Lengua Espa\u00f1ola reconoceremos la trayectoria trascendente y original, del ganador o ganadora\u201d, dijo Barrera Baca.<\/p>\n\n\n\n<p class=\"has-medium-font-size\">Por su parte, Marcela Gonz\u00e1lez Salas agreg\u00f3 que \u00abes importante reconocer una obra, pero es vital reconocer todo el esfuerzo y trayectoria del escritor, se trata de notar a la gente que le ha dado tanto a la literatura en lengua espa\u00f1ola, en M\u00e9xico y en Am\u00e9rica Latina que han defendido nuestro idioma y han tendido puentes entre las naciones.<\/p>\n\n\n\n<p class=\"has-medium-font-size\">\u201cSor Juana In\u00e9s fue una mujer vers\u00e1til y queremos que todo mundo la conozca, no s\u00f3lo por su literatura, fue escritora, matem\u00e1tica, chef, escribi\u00f3 m\u00fasica adem\u00e1s de ser ling\u00fcista, y a trav\u00e9s de este premio tambi\u00e9n la reconocemos a ella\u00bb, recalc\u00f3.<\/p>\n\n\n\n<p class=\"has-medium-font-size\">La Convocatoria del Premio Internacional de Literatura en Lengua Espa\u00f1ola \u201cSor Juana In\u00e9s de la Cruz\u201d 2021 tendr\u00e1 un jurado calificador conformado por cinco destacadas personalidades, las y los interesados pueden postularte hasta el 30 de septiembre a las 23:59 horas.<\/p>\n\n\n\n<p class=\"has-medium-font-size\">Adem\u00e1s, recordaron la importancia de participar en las convocatorias vigentes del V Certamen Internacional de Literatura Infantil y Juvenil FOEM, donde las categor\u00edas de cuento infantil y novela juvenil tendr\u00e1n, cada una, un ganador y podr\u00e1n ser acreedores a un premio de 150 mil pesos, adem\u00e1s de la publicaci\u00f3n de su obra.<\/p>\n\n\n\n<p class=\"has-medium-font-size\">Al respecto, los interesados tienen hasta el 10 de septiembre a las 23:59 horas para participar.<\/p>\n\n\n\n<p class=\"has-medium-font-size\">El Certamen Nacional de Literatura \u201cLaura M\u00e9ndez de Cuenca\u201d tambi\u00e9n sigue vigente y podr\u00e1n enviar trabajos hasta el 10 de septiembre a las 23:59 horas; las categor\u00edas de este certamen son poes\u00eda, novela y cuento.<\/p>\n\n\n\n<p class=\"has-medium-font-size\">Los ganadores en cada una de las antes mencionadas acceder\u00e1n a un premio de 200 mil pesos, adem\u00e1s de la publicaci\u00f3n de su obra.<\/p>\n","protected":false},"excerpt":{"rendered":"<p>El Gobierno del Estado de M\u00e9xico, a trav\u00e9s de la Secretar\u00eda de Cultura y Turismo&#8230;<\/p>\n","protected":false},"author":4,"featured_media":29246,"comment_status":"closed","ping_status":"closed","sticky":false,"template":"","format":"standard","meta":{"footnotes":""},"categories":[4],"tags":[],"class_list":["post-29245","post","type-post","status-publish","format-standard","has-post-thumbnail","hentry","category-noticias-del-dia"],"_links":{"self":[{"href":"https:\/\/bambapolitica.com.mx\/index.php\/wp-json\/wp\/v2\/posts\/29245","targetHints":{"allow":["GET"]}}],"collection":[{"href":"https:\/\/bambapolitica.com.mx\/index.php\/wp-json\/wp\/v2\/posts"}],"about":[{"href":"https:\/\/bambapolitica.com.mx\/index.php\/wp-json\/wp\/v2\/types\/post"}],"author":[{"embeddable":true,"href":"https:\/\/bambapolitica.com.mx\/index.php\/wp-json\/wp\/v2\/users\/4"}],"replies":[{"embeddable":true,"href":"https:\/\/bambapolitica.com.mx\/index.php\/wp-json\/wp\/v2\/comments?post=29245"}],"version-history":[{"count":2,"href":"https:\/\/bambapolitica.com.mx\/index.php\/wp-json\/wp\/v2\/posts\/29245\/revisions"}],"predecessor-version":[{"id":29264,"href":"https:\/\/bambapolitica.com.mx\/index.php\/wp-json\/wp\/v2\/posts\/29245\/revisions\/29264"}],"wp:featuredmedia":[{"embeddable":true,"href":"https:\/\/bambapolitica.com.mx\/index.php\/wp-json\/wp\/v2\/media\/29246"}],"wp:attachment":[{"href":"https:\/\/bambapolitica.com.mx\/index.php\/wp-json\/wp\/v2\/media?parent=29245"}],"wp:term":[{"taxonomy":"category","embeddable":true,"href":"https:\/\/bambapolitica.com.mx\/index.php\/wp-json\/wp\/v2\/categories?post=29245"},{"taxonomy":"post_tag","embeddable":true,"href":"https:\/\/bambapolitica.com.mx\/index.php\/wp-json\/wp\/v2\/tags?post=29245"}],"curies":[{"name":"wp","href":"https:\/\/api.w.org\/{rel}","templated":true}]}}