{"id":29361,"date":"2021-08-09T13:24:08","date_gmt":"2021-08-09T19:24:08","guid":{"rendered":"http:\/\/bambapolitica.com.mx\/?p=29361"},"modified":"2021-08-09T16:46:15","modified_gmt":"2021-08-09T22:46:15","slug":"el-bienestar-social-una-utopia-fallida","status":"publish","type":"post","link":"https:\/\/bambapolitica.com.mx\/index.php\/2021\/08\/09\/el-bienestar-social-una-utopia-fallida\/","title":{"rendered":"El bienestar social una utop\u00eda fallida"},"content":{"rendered":"\n<p class=\"has-medium-font-size\">POR EMILIANO CARRILLO CARRASCO<\/p>\n\n\n\n<p class=\"has-medium-font-size\">El surgimiento de variantes m\u00e1s transmisibles significa que incluso los pa\u00edses adinerados donde hay vacunas en abundancia, entre ellos Estados Unidos, siguen siendo vulnerables. Lugares como Australia, que cerraron sus fronteras, est\u00e1n d\u00e1ndose cuenta de que no pueden mantener el virus fuera. Crisis del Estado del Bienestar. <\/p>\n\n\n\n<p class=\"has-medium-font-size\">El transcurso de los a\u00f1os fue envejeciendo al Estado del Bienestar a la vez que el mundo cambiaba. El 25% de la poblaci\u00f3n mundial tiene menos de 15 a\u00f1os, 41% est\u00e1n en los pa\u00edses menos desarrollados y s\u00f3lo el 16% en los m\u00e1s desarrollados y en el Mediano plazo har\u00e1n familia multiplic\u00e1ndose. <\/p>\n\n\n\n<p class=\"has-medium-font-size\">Las tasas de fecundidad superiores est\u00e1n en los pa\u00edses del \u00c1frica, con promedios de 6 hijos por mujer, a diferencia de Europa que se est\u00e1 en una etapa de legibilidad y pocos hijos. Se debe mejorarla calidad de vida de toda la poblaci\u00f3n mundial, para ello, la reproducci\u00f3n del g\u00e9nero humano tiene que ser planificada por las futuras parejas, de ver\u00e1n tener, m\u00e1ximo, 2 hijos. El esp\u00edritu objetivo Heleliano, Dilthey . \u201d El construyo la comunidad sobre la Base dela voluntad universal de la raz\u00f3n, se debe partir de la realidad de la vida. No podemos entender el esp\u00edritu objetivo sobre la base de la voluntad universal de la raz\u00f3n; debemos partir de la realidad de la vida. No se debe entender el esp\u00edritu objetivo en base a la raz\u00f3n, con la conexi\u00f3n estructural de la unidad viviente que se continua en la comunidad \u201c.<\/p>\n\n\n\n<p class=\"has-medium-font-size\">La conexi\u00f3n din\u00e1mica de la vida hist\u00f3rica es creativa, activa en la producci\u00f3n de bienes y valores no es la raz\u00f3n que se reconoce en la raz\u00f3n, sino la vida que comprende a la vida. La vida como historicidad, como horizonte temporal abierto del hombre, plantea la posibilidad de la libertad del individuo. \u201dNo le pedimos a la vida ning\u00fan sentido del mundo\u201d. Teor\u00eda del conocimiento.<\/p>\n\n\n\n<p class=\"has-medium-font-size\">Expresa Esping &#8211; Andersen, la pol\u00edtica social liberal tiene su origen en la econom\u00eda inglesa del siglo XIX siglo en el que, como hemos visto, se pon\u00eda las mayores dificultades a los pobres para recibir ayuda por el temor a que esta actitud haga crecer la pobreza y los comportamientos dependientes, los liberales ingleses fueron quienes promovieron las bases econ\u00f3micas y sociales del Estado del Bienestar. Los Reg\u00edmenes de Bienestar, la manera c\u00f3mo los distintos elementos de una sociedad aportan al mantenimiento o mejor\u00eda de sus condiciones de vida. Se trata de Reg\u00edmenes de Bienestar, no de Estados del Bienestar. <\/p>\n\n\n\n<p class=\"has-medium-font-size\">El concepto reg\u00edmenes refiere a las maneras de asignaci\u00f3n de la producci\u00f3n de bienestar entre Estado, mercado y familia. Las diversas formas en que el Estado, el mercado y las familias, se distribuyen las obligaciones para producir un estado de bienestar en la poblaci\u00f3n. El Estado del Bienestar europeo es producido por uno de los Reg\u00edmenes de Bienestar, es s\u00f3lo una de sus modalidades. En el campo de la macroeconom\u00eda: reducci\u00f3n del gasto p\u00fablico a trav\u00e9s de la disminuci\u00f3n de los beneficios sociales y los recortes de personal; cobros por servicios p\u00fablicos; licitaci\u00f3n de ciertos servicios al sector privado; devaluaci\u00f3n de la corona para incrementar las exportaciones que fueron duplicadas entre 1992 y 1997; ruptura de los monopolios estatales sobre los servicios de bienestar. <\/p>\n\n\n\n<p class=\"has-medium-font-size\">Esto es que la infraestructura de empresas del Estado se vender\u00edan a la nueva forma de l nuevo comercio Neoliberal y a la importancia del capital global sometiendo a los gobiernos a sus intereses econ\u00f3micos con la explotaci\u00f3n de la fuerza de trabajo en mano de obra barata y la funci\u00f3n del estado limitado. El control de la banca y de la gran bolsa de Word Street.<\/p>\n\n\n\n<p class=\"has-medium-font-size\">Entre 1943 y 2011 se han producido grandes cambios y crisis mundiales: el desplome del sistema socialista \/ comunista encabezado por la Uni\u00f3n Sovi\u00e9tica produjo una presi\u00f3n migratoria de ciudadanos y ciudadanas del centro y este de Europa sobre el occidente; la subida de precios del petr\u00f3leo en los setenta caus\u00f3 la recesi\u00f3n de las econom\u00edas europeas; el traslado de grandes industrias al oriente y China en los ochenta gener\u00f3 desocupaci\u00f3n. <\/p>\n\n\n\n<p class=\"has-medium-font-size\">El alargamiento de la vida humana increment\u00f3 el peso de los retirados sobre los fondos de pensiones; la unificaci\u00f3n de Alemania en los noventa oblig\u00f3 a Alemania occidental a financiar la modernizaci\u00f3n de la parte oriental; el empobrecimiento de \u00c1frica y muchos pa\u00edses del sur gener\u00f3 nuevas olas migratorias y bolsones de pobreza y exclusi\u00f3n \u00e9tnica; la difusi\u00f3n de la ideolog\u00eda neoliberal que promueve la privatizaci\u00f3n y el individualismo rest\u00f3 legitimidad a la seguridad social y el socialismo; la gran crisis financiera mundial del 2008 en que los Estados prefirieron salvar a los bancos con fondos p\u00fablicos antes que a los fondos de pensiones desfinanci\u00f3 los sistemas sociales. <\/p>\n\n\n\n<p class=\"has-medium-font-size\">El Estado del Bienestar no pudo incrementar la calidad y cantidad de sus servicios. La educaci\u00f3n, la salud y casi todos los servicios p\u00fablicos se deterioraron, especialmente en Inglaterra luego del gobierno de Margaret Thatcher. Y en estados unidos por Rolan Rigan con la alianza del capitalismo en M\u00e9xico con carlos salinas de Gortari, la implementaci\u00f3n del modelo Neoliberal.<\/p>\n\n\n\n<p class=\"has-medium-font-size\">Las pol\u00edticas sociales conservadoras como las liberales tienen un enfoque pasivo del empleo. El modelo liberal prioriza mercados laborales no regulados al tiempo que propicia (s\u00f3lo en los pa\u00edses desarrollados) una protecci\u00f3n laboral fuerte y conservadora para adultos ya empleados. Las pol\u00edticas activas de empleo o capacitaci\u00f3n tienden a ser marginales en ambos casos. En un r\u00e9gimen liberal, el manejo del desempleo es un asunto de compensaci\u00f3n del mercado y flexibilidad salarial. En un r\u00e9gimen conservador, es asunto de manutenci\u00f3n familiar (en el caso del desempleo femenino o juvenil) o de reducci\u00f3n inducida de suministro laborales, desalentando el trabajo de mujeres casadas y promoviendo la jubilaci\u00f3n prematura. <\/p>\n\n\n\n<p class=\"has-medium-font-size\">El neoliberalismo es mucho m\u00e1s que un conjunto de ideas. Es el dominio de los bancos sobre el mundo. En este cap\u00edtulo recorreremos el ciclo que empieza en 1973 con la crisis del petr\u00f3leo y el Sangriento golpe de estado de Pinochet en Chile y termina con la crisis global de 2008. Este ciclo explicaremos la evoluci\u00f3n de las ideas que dieron en llamarse neoliberales porque significaron un intento de resurrecci\u00f3n de las posiciones del liberalismo econ\u00f3mico cl\u00e1sico, ruta que va desde Friedrich Von Hayek en los a\u00f1os cuarenta, Milton Friedman en los ochenta hasta John William son y el Consenso de Washington en los noventa. La aplicaci\u00f3n de estas ideas en Inglaterra bajo el gobierno de Margaret Thatcher.<\/p>\n","protected":false},"excerpt":{"rendered":"<p>POR EMILIANO CARRILLO CARRASCO El surgimiento de variantes m\u00e1s transmisibles significa que incluso los pa\u00edses&#8230;<\/p>\n","protected":false},"author":4,"featured_media":29364,"comment_status":"closed","ping_status":"closed","sticky":false,"template":"","format":"standard","meta":{"footnotes":""},"categories":[4],"tags":[],"class_list":["post-29361","post","type-post","status-publish","format-standard","has-post-thumbnail","hentry","category-noticias-del-dia"],"_links":{"self":[{"href":"https:\/\/bambapolitica.com.mx\/index.php\/wp-json\/wp\/v2\/posts\/29361","targetHints":{"allow":["GET"]}}],"collection":[{"href":"https:\/\/bambapolitica.com.mx\/index.php\/wp-json\/wp\/v2\/posts"}],"about":[{"href":"https:\/\/bambapolitica.com.mx\/index.php\/wp-json\/wp\/v2\/types\/post"}],"author":[{"embeddable":true,"href":"https:\/\/bambapolitica.com.mx\/index.php\/wp-json\/wp\/v2\/users\/4"}],"replies":[{"embeddable":true,"href":"https:\/\/bambapolitica.com.mx\/index.php\/wp-json\/wp\/v2\/comments?post=29361"}],"version-history":[{"count":3,"href":"https:\/\/bambapolitica.com.mx\/index.php\/wp-json\/wp\/v2\/posts\/29361\/revisions"}],"predecessor-version":[{"id":29428,"href":"https:\/\/bambapolitica.com.mx\/index.php\/wp-json\/wp\/v2\/posts\/29361\/revisions\/29428"}],"wp:featuredmedia":[{"embeddable":true,"href":"https:\/\/bambapolitica.com.mx\/index.php\/wp-json\/wp\/v2\/media\/29364"}],"wp:attachment":[{"href":"https:\/\/bambapolitica.com.mx\/index.php\/wp-json\/wp\/v2\/media?parent=29361"}],"wp:term":[{"taxonomy":"category","embeddable":true,"href":"https:\/\/bambapolitica.com.mx\/index.php\/wp-json\/wp\/v2\/categories?post=29361"},{"taxonomy":"post_tag","embeddable":true,"href":"https:\/\/bambapolitica.com.mx\/index.php\/wp-json\/wp\/v2\/tags?post=29361"}],"curies":[{"name":"wp","href":"https:\/\/api.w.org\/{rel}","templated":true}]}}