{"id":29369,"date":"2021-08-09T13:35:13","date_gmt":"2021-08-09T19:35:13","guid":{"rendered":"http:\/\/bambapolitica.com.mx\/?p=29369"},"modified":"2021-08-09T13:35:14","modified_gmt":"2021-08-09T19:35:14","slug":"ssp-de-veracruz-se-niega-a-respetar-derechos-laborales","status":"publish","type":"post","link":"https:\/\/bambapolitica.com.mx\/index.php\/2021\/08\/09\/ssp-de-veracruz-se-niega-a-respetar-derechos-laborales\/","title":{"rendered":"SSP de Veracruz se niega a respetar Derechos Laborales"},"content":{"rendered":"\n<p class=\"has-medium-font-size\">Xalapa, ver, 09 de agosto del 2021.<\/p>\n\n\n\n<p class=\"has-medium-font-size\">La traves\u00eda de un grupo de trabajadores de la secretaria de seguridad p\u00fablica de Veracruz comenz\u00f3 el d\u00eda 2 de diciembre del 2016 cuando personal de la entrante administraci\u00f3n del gobernador Miguel \u00c1ngel Yunes Linares les notifico, sin causa alguna, que sus servicios ya no eran requeridos, dejando al grupo de m\u00e1s de 20 polic\u00edas en un estado de zozobra, abandono y total indefensi\u00f3n, pues no hubo mayor explicaci\u00f3n que esa.<\/p>\n\n\n\n<p class=\"has-medium-font-size\">Los oficiales, quienes se encontraban adscritos a la ayudant\u00eda del gobierno del estado, fueron citados en su base de operaciones, donde tras un tiempo de esperas arribo una camioneta color blanco sin rotular de la que descendieron personas que portaban el uniforme de la secretaria de seguridad p\u00fablica del estado, uno de ellos; Quien se identific\u00f3 como el Capit\u00e1n de Fragata, infante de marina, paracaidista, diplomado del estado mayor presidencial Narciso Pe\u00f1a Cortes, entonces Subsecretario de Operaciones de la SSP les pidi\u00f3 reunirse para darles instrucciones, sin embargo, se repiti\u00f3 el mismo cantar \u201cya no somos ni\u00f1os chiquitos\u201d les dijo mientras los invitaba a sentarse con \u00e9l a negociar, su permanencia en la instituci\u00f3n, a pesar de ser elementos debidamente certificados y con ex\u00e1menes de confiabilidad aprobados, por supuesto que no fue parte de la negociaci\u00f3n, tras una breve mesa de dialogo con el Subsecretario, algunos prefirieron desistir, a ellos solo les fue entregado tiempo despu\u00e9s el aguinaldo al que ten\u00edan derecho por su \u00faltimo a\u00f1o laborado, no m\u00e1s. Otro grupo opto por lo justo, y ante un despido injustificado, recibir su liquidaci\u00f3n correspondiente, pero aunque esto era su derecho, la respuesta del gobierno de Veracruz fue negativa y aqu\u00ed comenzaron a emerger docenas de irregularidades.<\/p>\n\n\n\n<p class=\"has-medium-font-size\">Tras exigir que sus derechos laborales fueran respetados, el d\u00eda 5 de diciembre de ese mismo a\u00f1o la secretaria fabrico una serie de oficios de baja, los cuales los afectados nunca firmaron, estos oficios con fecha del d\u00eda 2, mismo en el que entablaron dialogo con el Capit\u00e1n Pe\u00f1a Cortes, desde ese d\u00eda habr\u00edan sido dados de baja de forma arbitraria e injustificada, por lo que iniciaron una demanda colectiva ante el H. Tribunal de Conciliaci\u00f3n y Arbitraje del Poder Judicial del Estado de Veracruz, radic\u00e1ndose el Expediente laboral n\u00famero 535\/2016\/V, declar\u00e1ndose incompetente para conocer del caso este tribunal y radic\u00e1ndolo hasta el 25 de mayo de 2017 en la hoy extinta Sala Regional Unitaria Zona centro del Poder Judicial de Xalapa bajo el expediente 276\/2017\/IV, sin embargo algunas de las pruebas presentadas con las que se acreditaba el injustificado despido fueron desechadas por la sala regional, todo en un flagrante intento de las autoridades estatales por alargar el proceso y desentenderse de sus obligaciones, teniendo los afectados que recurrir al amparo de la justicia federal para tratar de poner un alto al atropello de sus derechos, pues adem\u00e1s, la secretaria de seguridad publica alegaba que eran desertores, y que su despido se hab\u00eda derivado de tres faltas consecutivas, del 5 al 8 de diciembre, cuando entre las pruebas presentadas se encontraban las supuestas bajas con fecha 2 de diciembre, por lo que las autoridades estatales estaban mintiendo sin escr\u00fapulos en ambas cosas para tratar de justificar sus atropellos, por un lado fabricando oficios de baja y por el otro una falsa deserci\u00f3n.<\/p>\n\n\n\n<p class=\"has-medium-font-size\">Este juicio de amparo con n\u00famero 314\/218 se radico en el Juzgado D\u00e9cimo octavo de Distrito en la ciudad de Xalapa, estando en funciones ahora la administraci\u00f3n del ingeniero Cuitl\u00e1huac Garc\u00eda<\/p>\n\n\n\n<p class=\"has-medium-font-size\">Jim\u00e9nez y el d\u00eda 28 de junio de 2018, el Juez federal dict\u00f3 sentencia firme \u201cLA JUSTICIA DE LA UNI\u00d3N AMPARA y PROTEGE\u201d contra los actos cometidos por el Magistrado de la Tercera Sala<\/p>\n\n\n\n<p class=\"has-medium-font-size\">Unitaria del Tribunal Estatal de Justicia Administrativa de Veracruz, mismo que habr\u00eda sido quien desechara las pruebas presentadas por los oficiales, y en la ejecutoria federal se orden\u00f3 se emitiera una nueva resoluci\u00f3n en la cual con libertad de jurisdicci\u00f3n, de forma fundada y motivada, la resoluci\u00f3n estableciera porque fueron desechadas las pruebas en comento y en la nueva resoluci\u00f3n ordeno, en cumplimiento a la ejecutoria federal, que estas pruebas se desahogaran en los t\u00e9rminos solicitados por los quejosos de garant\u00edas, gracias al amparo de la justicia federal.<\/p>\n\n\n\n<p class=\"has-medium-font-size\">Fue hasta el 11 de noviembre del 2019 que el Magistrado Instructor de la Tercera Sala Unitaria de este Tribunal dentro de juicio contencioso administrativo 276\/2017\/3\u00aa-IV se vio obligado a declarar la nulidad del despido y cese de los polic\u00edas, determinando que efectivamente, fue un acto injustificado y violatorio de sus derechos, aun as\u00ed, la secretaria de seguridad publica continuo renuente y les ofreci\u00f3 una suma de dinero muy inferior a la que por ley les correspond\u00eda, para olvidar el asunto y permitir que sus derechos fueran pisoteados, al tiempo que solicitaron al tribunal la revocaci\u00f3n de esta \u00faltima sentencia en diciembre del 2020, obligando a los afectados a recurrir nuevamente al amparo inici\u00e1ndose ahora el juicio de amparo 43\/2021 en el Juzgado Segundo de Distrito durante el mes de febrero de este a\u00f1o 2021, donde el celebrarse la audiencia, las autoridades se\u00f1aladas de cometer todos estos atropellos, reconocieron la existencia y responsabilidad de sus acciones, por lo que ahora a casi 5 a\u00f1os de no rendirse en la b\u00fasqueda de sus derechos, est\u00e1n en espera de que el Presidente de la Sala Superior del Tribunal Estatal de Justicia Administrativa del Estado de Veracruz emita una resoluci\u00f3n que ponga fin a estas injusticias.<\/p>\n\n\n\n<p class=\"has-medium-font-size\">Los afectados han se\u00f1alado en m\u00faltiples ocasiones que no buscan robarle a nadie o conseguir algo a lo que no tengan derecho, tan solo buscan que sus derechos sean respetados, pues se trata de personas que durante 6 a\u00f1os fueron leales a una instituci\u00f3n, personas con expedientes impecables, no se trata de pol\u00edticos que hayan huido o saqueado, si no de personas trabajadoras a quienes las \u00faltimas dos administraciones estatales ha ignorado y hecho todo lo posible por pisotear, muchos de ellos actualmente no pueden acceder a un empleo en su campo laboral, pues ante las demandas, el gobierno realiza la mala pr\u00e1ctica de bloquear a las personas para que no sean contratadas en ning\u00fan sitio, son hombres y mujeres, sustentos de familias, que hoy por hoy contin\u00faan esperando justicia.<\/p>\n\n\n\n<p class=\"has-medium-font-size\">Del Capit\u00e1n Narciso Pe\u00f1a Cortes, quien habr\u00eda iniciado con este martirio, se sabe que tras finalizar el Yunato huyo al estado de puebla, donde se acomod\u00f3 al frente de la Subsecretaria de Coordinaci\u00f3n y Operaci\u00f3n Policial de la secretaria de seguridad publica poblana, cobijado ahora por el gobierno de la 4T donde desde su llegada ha sido investigado por la Secretar\u00eda de la Funci\u00f3n P\u00fablica y la Fiscal\u00eda Anticorrupci\u00f3n por el desvi\u00f3 millonario de recursos p\u00fablicos, actos en los que tambi\u00e9n estar\u00eda presuntamente involucrado su compadre, un magistrado veracruzano.<\/p>\n","protected":false},"excerpt":{"rendered":"<p>Xalapa, ver, 09 de agosto del 2021. La traves\u00eda de un grupo de trabajadores de&#8230;<\/p>\n","protected":false},"author":4,"featured_media":29372,"comment_status":"closed","ping_status":"closed","sticky":false,"template":"","format":"standard","meta":{"footnotes":""},"categories":[4],"tags":[],"class_list":["post-29369","post","type-post","status-publish","format-standard","has-post-thumbnail","hentry","category-noticias-del-dia"],"_links":{"self":[{"href":"https:\/\/bambapolitica.com.mx\/index.php\/wp-json\/wp\/v2\/posts\/29369","targetHints":{"allow":["GET"]}}],"collection":[{"href":"https:\/\/bambapolitica.com.mx\/index.php\/wp-json\/wp\/v2\/posts"}],"about":[{"href":"https:\/\/bambapolitica.com.mx\/index.php\/wp-json\/wp\/v2\/types\/post"}],"author":[{"embeddable":true,"href":"https:\/\/bambapolitica.com.mx\/index.php\/wp-json\/wp\/v2\/users\/4"}],"replies":[{"embeddable":true,"href":"https:\/\/bambapolitica.com.mx\/index.php\/wp-json\/wp\/v2\/comments?post=29369"}],"version-history":[{"count":1,"href":"https:\/\/bambapolitica.com.mx\/index.php\/wp-json\/wp\/v2\/posts\/29369\/revisions"}],"predecessor-version":[{"id":29374,"href":"https:\/\/bambapolitica.com.mx\/index.php\/wp-json\/wp\/v2\/posts\/29369\/revisions\/29374"}],"wp:featuredmedia":[{"embeddable":true,"href":"https:\/\/bambapolitica.com.mx\/index.php\/wp-json\/wp\/v2\/media\/29372"}],"wp:attachment":[{"href":"https:\/\/bambapolitica.com.mx\/index.php\/wp-json\/wp\/v2\/media?parent=29369"}],"wp:term":[{"taxonomy":"category","embeddable":true,"href":"https:\/\/bambapolitica.com.mx\/index.php\/wp-json\/wp\/v2\/categories?post=29369"},{"taxonomy":"post_tag","embeddable":true,"href":"https:\/\/bambapolitica.com.mx\/index.php\/wp-json\/wp\/v2\/tags?post=29369"}],"curies":[{"name":"wp","href":"https:\/\/api.w.org\/{rel}","templated":true}]}}