{"id":29463,"date":"2021-08-10T13:16:51","date_gmt":"2021-08-10T19:16:51","guid":{"rendered":"http:\/\/bambapolitica.com.mx\/?p=29463"},"modified":"2021-08-10T13:17:00","modified_gmt":"2021-08-10T19:17:00","slug":"no-hubo-ningun-levanton-en-coatepec-se-detuvo-a-delincuentes-gobernador","status":"publish","type":"post","link":"https:\/\/bambapolitica.com.mx\/index.php\/2021\/08\/10\/no-hubo-ningun-levanton-en-coatepec-se-detuvo-a-delincuentes-gobernador\/","title":{"rendered":"No hubo ning\u00fan &#8220;levant\u00f3n&#8221; en Coatepec, se detuvo a delincuentes: Gobernador"},"content":{"rendered":"\n<p class=\"has-medium-font-size\">El gobernador del estado, Cuitl\u00e1huac Garc\u00eda Jim\u00e9nez, neg\u00f3 que hubiera &#8220;desaparici\u00f3n forzada o un levant\u00f3n&#8221; en los casos del costarricense C\u00e9sar Juli\u00e1n Herrera V\u00edquez y otros j\u00f3venes en Coatepec reportados como desaparecidos por sus familiares y amigos.<\/p>\n\n\n\n<figure class=\"wp-block-image size-large\"><img loading=\"lazy\" decoding=\"async\" width=\"960\" height=\"540\" src=\"https:\/\/bambapolitica.com.mx\/wp-content\/uploads\/2021\/08\/1-1-3.jpg\" alt=\"\" class=\"wp-image-29451\" srcset=\"https:\/\/bambapolitica.com.mx\/wp-content\/uploads\/2021\/08\/1-1-3.jpg 960w, https:\/\/bambapolitica.com.mx\/wp-content\/uploads\/2021\/08\/1-1-3-300x169.jpg 300w, https:\/\/bambapolitica.com.mx\/wp-content\/uploads\/2021\/08\/1-1-3-768x432.jpg 768w, https:\/\/bambapolitica.com.mx\/wp-content\/uploads\/2021\/08\/1-1-3-260x146.jpg 260w, https:\/\/bambapolitica.com.mx\/wp-content\/uploads\/2021\/08\/1-1-3-50x28.jpg 50w, https:\/\/bambapolitica.com.mx\/wp-content\/uploads\/2021\/08\/1-1-3-133x75.jpg 133w\" sizes=\"auto, (max-width: 960px) 100vw, 960px\" \/><\/figure>\n\n\n\n<p class=\"has-medium-font-size\">&#8220;No hay ninguna desaparici\u00f3n forzada, menos un levant\u00f3n, se est\u00e1 investigando el suceso, ped\u00ed a la Fiscal\u00eda toda la informaci\u00f3n al respecto del caso as\u00ed como la situaci\u00f3n legal de los detenidos&#8221;, dijo.<\/p>\n\n\n\n<p class=\"has-medium-font-size\">Afirm\u00f3 que se logr\u00f3 dar con el paradero tras iniciar su b\u00fasqueda y tenemos que actuar apegados a derecho, estamos obligados por ley independientemente de quien sea la persona.<\/p>\n\n\n\n<p class=\"has-medium-font-size\">El s\u00e1bado pasado, los familiares afirmaron que elementos de la Fuerza Civil llegaron al edificio donde reencontraba Herrera V\u00edquez y lo detuvieron junto a otras personas, Garc\u00eda Jim\u00e9nez dijo que los elementos castrenses llegaron al sitio por un reporte de disparos en la zona.<\/p>\n\n\n\n<p class=\"has-medium-font-size\">&#8220;Tenemos un reporte de disparos que se dieron, en efecto lleg\u00f3 Fuerza Civil posterior al hecho tras una llamada de auxilio y el operativo en ese momento inicia con la detenci\u00f3n de dichas personas quienes portaban armas de fuego as\u00ed como dem\u00e1s material probatorio del il\u00edcito&#8221;, explic\u00f3.<\/p>\n\n\n\n<p class=\"has-medium-font-size\">Garc\u00eda Jim\u00e9nez dijo que la Fiscal\u00eda General del Estado (FGE) est\u00e1 en disposici\u00f3n de recibir todas las denuncias de los familiares respeto a una presunta desaparici\u00f3n forzada o levant\u00f3n, lo cual nunca ocurri\u00f3, &#8220;nosotros tenemos que actuar en las formas que nos permite la ley para dar con presunto responsables de estos delitos&#8221;.<\/p>\n\n\n\n<p class=\"has-medium-font-size\">Bandas quieren retomar actividad delictiva en Coatepec; \u201cno se va a permitir y va parejo\u201d<\/p>\n\n\n\n<p class=\"has-medium-font-size\">Explic\u00f3 que en Coatepec se lleva a cabo una estrategia de seguridad desde hace meses porque se han dado extorsiones y levantamientos entre grupos delincuenciales, lo que no se va a permitir.<\/p>\n\n\n\n<p class=\"has-medium-font-size\">&#8220;El \u00fanico que puede juzgar es un juez en lo penal, que el juez determine lo que corresponda, que la Fiscal\u00eda procure la justicia y nosotros tenemos que seguir cuidando que no se puede hacer justicia por propia mano entre grupos. Va parejo esto, no hay ni habr\u00e1 impunidad ni cederemos antes ciertos intereses&#8221;, dijo.<\/p>\n\n\n\n<p class=\"has-medium-font-size\">Remarc\u00f3 que hay bandas que quieren retomar la actividad delictiva tras las detenciones de jefes de plazas en esa zona y &#8220;andaba vacante la plaza&#8221;.<\/p>\n\n\n\n<p class=\"has-medium-font-size\">Agreg\u00f3 que en el caso de las detenciones de estos j\u00f3venes, tendr\u00e1n que investigar porque no pueden ser omisos.<\/p>\n","protected":false},"excerpt":{"rendered":"<p>El gobernador del estado, Cuitl\u00e1huac Garc\u00eda Jim\u00e9nez, neg\u00f3 que hubiera &#8220;desaparici\u00f3n forzada o un levant\u00f3n&#8221;&#8230;<\/p>\n","protected":false},"author":4,"featured_media":29450,"comment_status":"closed","ping_status":"closed","sticky":false,"template":"","format":"standard","meta":{"footnotes":""},"categories":[4],"tags":[],"class_list":["post-29463","post","type-post","status-publish","format-standard","has-post-thumbnail","hentry","category-noticias-del-dia"],"_links":{"self":[{"href":"https:\/\/bambapolitica.com.mx\/index.php\/wp-json\/wp\/v2\/posts\/29463","targetHints":{"allow":["GET"]}}],"collection":[{"href":"https:\/\/bambapolitica.com.mx\/index.php\/wp-json\/wp\/v2\/posts"}],"about":[{"href":"https:\/\/bambapolitica.com.mx\/index.php\/wp-json\/wp\/v2\/types\/post"}],"author":[{"embeddable":true,"href":"https:\/\/bambapolitica.com.mx\/index.php\/wp-json\/wp\/v2\/users\/4"}],"replies":[{"embeddable":true,"href":"https:\/\/bambapolitica.com.mx\/index.php\/wp-json\/wp\/v2\/comments?post=29463"}],"version-history":[{"count":1,"href":"https:\/\/bambapolitica.com.mx\/index.php\/wp-json\/wp\/v2\/posts\/29463\/revisions"}],"predecessor-version":[{"id":29464,"href":"https:\/\/bambapolitica.com.mx\/index.php\/wp-json\/wp\/v2\/posts\/29463\/revisions\/29464"}],"wp:featuredmedia":[{"embeddable":true,"href":"https:\/\/bambapolitica.com.mx\/index.php\/wp-json\/wp\/v2\/media\/29450"}],"wp:attachment":[{"href":"https:\/\/bambapolitica.com.mx\/index.php\/wp-json\/wp\/v2\/media?parent=29463"}],"wp:term":[{"taxonomy":"category","embeddable":true,"href":"https:\/\/bambapolitica.com.mx\/index.php\/wp-json\/wp\/v2\/categories?post=29463"},{"taxonomy":"post_tag","embeddable":true,"href":"https:\/\/bambapolitica.com.mx\/index.php\/wp-json\/wp\/v2\/tags?post=29463"}],"curies":[{"name":"wp","href":"https:\/\/api.w.org\/{rel}","templated":true}]}}