{"id":29523,"date":"2021-08-11T10:30:20","date_gmt":"2021-08-11T16:30:20","guid":{"rendered":"http:\/\/bambapolitica.com.mx\/?p=29523"},"modified":"2021-08-11T10:30:21","modified_gmt":"2021-08-11T16:30:21","slug":"evidencia-ricardo-exsome-ante-tepjf-rebase-de-tope-de-gastos-en-campanas-del-pan-en-veracruz","status":"publish","type":"post","link":"https:\/\/bambapolitica.com.mx\/index.php\/2021\/08\/11\/evidencia-ricardo-exsome-ante-tepjf-rebase-de-tope-de-gastos-en-campanas-del-pan-en-veracruz\/","title":{"rendered":"Evidencia Ricardo Exsome ante TEPJF rebase de tope de gastos en campa\u00f1as del PAN en Veracruz"},"content":{"rendered":"\n<p class=\"has-medium-font-size\">Que se reponga el procedimiento y se abra investigaci\u00f3n oficiosa de las irregularidades en la elecci\u00f3n de Veracruz.<\/p>\n\n\n\n<p class=\"has-medium-font-size\">En demanda de la fiscalizaci\u00f3n de los recursos en la elecci\u00f3n de Veracruz del pasado 6 de junio, el candidato de la coalici\u00f3n \u201cJuntos Hacemos Historia en Veracruz\u201d, Ricardo Exsome Zapata, present\u00f3 ante magistrados del TEPJF evidencias del rebase en el tope de gastos de las dos campa\u00f1as del PAN a la alcald\u00eda de Veracruz.<\/p>\n\n\n\n<p class=\"has-medium-font-size\">Durante su intervenci\u00f3n en videoconferencia con magistrados de la Sala Regional del Tribunal Federal Electoral con sede en Xalapa, expuso adem\u00e1s todas las irregularidades como la intervenci\u00f3n del alcalde de Veracruz, Fernando Yunes M\u00e1rquez.<\/p>\n\n\n\n<p class=\"has-medium-font-size\">Revel\u00f3 que ante estas anomal\u00edas \u201cseguramente tendremos pronto una resoluci\u00f3n a favor\u201d.<\/p>\n\n\n\n<p class=\"has-medium-font-size\">En su intervenci\u00f3n ante la sala en Xalapa del Tribunal Electoral del Poder Judicial de la Federaci\u00f3n (TEPJF), expuso que \u201cse reponga el procedimiento y se nos concedan los alegatos, a efecto de no denegar al partido denunciante\u201d.<\/p>\n\n\n\n<p class=\"has-medium-font-size\">Adem\u00e1s, que \u201cse ordene a la autoridad administrativa abrir una investigaci\u00f3n oficiosa con motivo de los hechos que fueron denunciados\u201d.<\/p>\n\n\n\n<p class=\"has-medium-font-size\">\u201cEn su momento, recalcular las erogaciones reportadas y verificar las omisiones, para aplicar las multas y constatar el rebase del tope de gastos de las dos campa\u00f1as del PAN a la alcald\u00eda de Veracruz puerto\u201d, insisti\u00f3.<\/p>\n\n\n\n<p class=\"has-medium-font-size\">En la audiencia virtual los magistrados del TEPJF dijeron a Exsome Zapata que el recurso lo listar\u00edan esta semana oara su an\u00e1lisis y valoraci\u00f3n, que hoy mismo circulaban el tema.<\/p>\n","protected":false},"excerpt":{"rendered":"<p>Que se reponga el procedimiento y se abra investigaci\u00f3n oficiosa de las irregularidades en la&#8230;<\/p>\n","protected":false},"author":4,"featured_media":29520,"comment_status":"closed","ping_status":"closed","sticky":false,"template":"","format":"standard","meta":{"footnotes":""},"categories":[4],"tags":[],"class_list":["post-29523","post","type-post","status-publish","format-standard","has-post-thumbnail","hentry","category-noticias-del-dia"],"_links":{"self":[{"href":"https:\/\/bambapolitica.com.mx\/index.php\/wp-json\/wp\/v2\/posts\/29523","targetHints":{"allow":["GET"]}}],"collection":[{"href":"https:\/\/bambapolitica.com.mx\/index.php\/wp-json\/wp\/v2\/posts"}],"about":[{"href":"https:\/\/bambapolitica.com.mx\/index.php\/wp-json\/wp\/v2\/types\/post"}],"author":[{"embeddable":true,"href":"https:\/\/bambapolitica.com.mx\/index.php\/wp-json\/wp\/v2\/users\/4"}],"replies":[{"embeddable":true,"href":"https:\/\/bambapolitica.com.mx\/index.php\/wp-json\/wp\/v2\/comments?post=29523"}],"version-history":[{"count":1,"href":"https:\/\/bambapolitica.com.mx\/index.php\/wp-json\/wp\/v2\/posts\/29523\/revisions"}],"predecessor-version":[{"id":29564,"href":"https:\/\/bambapolitica.com.mx\/index.php\/wp-json\/wp\/v2\/posts\/29523\/revisions\/29564"}],"wp:featuredmedia":[{"embeddable":true,"href":"https:\/\/bambapolitica.com.mx\/index.php\/wp-json\/wp\/v2\/media\/29520"}],"wp:attachment":[{"href":"https:\/\/bambapolitica.com.mx\/index.php\/wp-json\/wp\/v2\/media?parent=29523"}],"wp:term":[{"taxonomy":"category","embeddable":true,"href":"https:\/\/bambapolitica.com.mx\/index.php\/wp-json\/wp\/v2\/categories?post=29523"},{"taxonomy":"post_tag","embeddable":true,"href":"https:\/\/bambapolitica.com.mx\/index.php\/wp-json\/wp\/v2\/tags?post=29523"}],"curies":[{"name":"wp","href":"https:\/\/api.w.org\/{rel}","templated":true}]}}