{"id":29565,"date":"2021-08-11T10:37:54","date_gmt":"2021-08-11T16:37:54","guid":{"rendered":"http:\/\/bambapolitica.com.mx\/?p=29565"},"modified":"2021-08-11T10:37:55","modified_gmt":"2021-08-11T16:37:55","slug":"del-14-al-20-de-agosto-aplicaran-vacuna-anti-covid-a-jovenes-de-18-a-29-anos-en-nezahualcoyotl","status":"publish","type":"post","link":"https:\/\/bambapolitica.com.mx\/index.php\/2021\/08\/11\/del-14-al-20-de-agosto-aplicaran-vacuna-anti-covid-a-jovenes-de-18-a-29-anos-en-nezahualcoyotl\/","title":{"rendered":"Del 14 al 20 de agosto aplicar\u00e1n vacuna anti covid a j\u00f3venes de 18 a 29 a\u00f1os en Nezahualc\u00f3yotl"},"content":{"rendered":"\n<p class=\"has-medium-font-size\">En Nezahualc\u00f3yotl del 14 al 20 de agosto se aplicar\u00e1 la primera dosis de la vacuna anti COVID-19 a m\u00e1s de 200 mil j\u00f3venes de 18 a 29 a\u00f1os de edad en un horario de 9 de la ma\u00f1ana a 5 de la tarde en seis sedes, de las cuales cuatro de ellas son en modalidad a pie y dos de ellas en vehicular, as\u00ed lo anunci\u00f3 el presidente municipal Juan Hugo de la Rosa Garc\u00eda.<\/p>\n\n\n\n<figure class=\"wp-block-image size-large\"><img loading=\"lazy\" decoding=\"async\" width=\"622\" height=\"1024\" src=\"https:\/\/bambapolitica.com.mx\/wp-content\/uploads\/2021\/08\/5-622x1024.jpeg\" alt=\"\" class=\"wp-image-29519\" srcset=\"https:\/\/bambapolitica.com.mx\/wp-content\/uploads\/2021\/08\/5-622x1024.jpeg 622w, https:\/\/bambapolitica.com.mx\/wp-content\/uploads\/2021\/08\/5-182x300.jpeg 182w, https:\/\/bambapolitica.com.mx\/wp-content\/uploads\/2021\/08\/5-768x1265.jpeg 768w, https:\/\/bambapolitica.com.mx\/wp-content\/uploads\/2021\/08\/5-89x146.jpeg 89w, https:\/\/bambapolitica.com.mx\/wp-content\/uploads\/2021\/08\/5-30x50.jpeg 30w, https:\/\/bambapolitica.com.mx\/wp-content\/uploads\/2021\/08\/5-46x75.jpeg 46w, https:\/\/bambapolitica.com.mx\/wp-content\/uploads\/2021\/08\/5.jpeg 777w\" sizes=\"auto, (max-width: 622px) 100vw, 622px\" \/><\/figure>\n\n\n\n<p class=\"has-medium-font-size\">El alcalde inform\u00f3 que, durante esta jornada de vacunaci\u00f3n, \u00fanicamente se aplicar\u00e1n vacunas a j\u00f3venes de este grupo etario residentes de Nezahualc\u00f3yotl, por lo que para poderse vacunar deber\u00e1n presentar su comprobante de domicilio reciente, su comprobante de registro impreso el cual pueden descargar de la p\u00e1gina mivacuna.salud.gob.mx, identificaci\u00f3n oficial con fotograf\u00eda vigente, y copia de su CURP.<\/p>\n\n\n\n<p class=\"has-medium-font-size\">Resalt\u00f3 que todos los j\u00f3venes que se encuentren dentro de este rango de edad, deber\u00e1n acudir a recibir la vacuna de acuerdo a la inicial de su apellido paterno con las siguientes fechas: s\u00e1bado 14 de agosto con las letras A, B, C, domingo 15 de agosto D, E, F, G, lunes 16 de agosto H, I, J, K, L, martes 17 de agosto M, N, \u00d1, O, mi\u00e9rcoles 18 de agosto P, Q, R, jueves 19 de agosto S, T, U, V, y viernes 20 de agosto W, X, Y, Z, por lo que llam\u00f3 a los vecinos a no dejar pasar esta oportunidad y acudir el d\u00eda que les corresponde.<\/p>\n\n\n\n<p class=\"has-medium-font-size\">De la Rosa Garc\u00eda precis\u00f3 que las cuatro sedes en modalidad a pie se ubicar\u00e1n en la Explanada de Palacio Municipal, en avenida Chimalhuac\u00e1n entre las calles Fais\u00e1n y Caballo Bayo en la colonia Benito Ju\u00e1rez, en la Unidad Administrativa Nezahualc\u00f3yotl antes conocida como La Bola, en Avenida Central Calle 35 sin n\u00famero, esquina con Avenida 6, colonia Campestre Guadalupana, en el Deportivo Nezahualc\u00f3yotl en calle San Esteban esquina con Sara Garc\u00eda, colonia Ampliaci\u00f3n Vicente Villada, y en la Preparatoria Colegio de la Comunidad incorporada a la UAEM, en calle Condesa s\/n esquina Aviaci\u00f3n Civil, colonia General Vicente Villada.<\/p>\n\n\n\n<p class=\"has-medium-font-size\">Se\u00f1al\u00f3 que las sedes en modalidad vehicular estar\u00e1n en la Ciudad Deportiva Nezahualc\u00f3yotl en Avenida Bordo de Xochiaca detr\u00e1s de la Plaza Comercial Ciudad Jard\u00edn, y en la Facultad de Estudios Superiores (FES) Arag\u00f3n, en Avenida Hacienda de Rancho Seco sin n\u00famero colonia Impulsora, al tiempo que pidi\u00f3 a los j\u00f3venes que asistan a vacunarse a estos sitios, que de preferencia alguien los apoye para conducir, ello por su propia seguridad.<\/p>\n\n\n\n<p class=\"has-medium-font-size\">El edil indic\u00f3 que en esta tercera ola lamentablemente en Nezahualc\u00f3yotl aumentaron los contagios entre los j\u00f3venes de 20 a 29 a\u00f1os de edad, quienes eran los que no se hab\u00edan vacunado a\u00fan, por lo que pidi\u00f3 de la manera m\u00e1s atenta a todos los vecinos que tienen de 18 a 29 a\u00f1os vacunarse y no dejarse llevar por noticias falsas que puedan encontrar en redes sociales o en cadenas de WhatsApp respecto al biol\u00f3gico.<\/p>\n\n\n\n<p class=\"has-medium-font-size\">Recomend\u00f3 a los j\u00f3venes acudir bien desayunados o comidos dependiendo de la hora a la que asistan a vacunarse, mantenerse bien hidratados, no consumir bebidas alcoh\u00f3licas antes de inmunizarse ni en los siguientes d\u00edas siguientes, portar prendas con las que sea f\u00e1cil descubrirse el brazo, traer un bol\u00edgrafo de tinta azul rey, en caso de tomar alg\u00fan medicamento, hacerlo en el horario habitual, y por supuesto, portar cubrebocas y si les es posible careta.<\/p>\n\n\n\n<p class=\"has-medium-font-size\">Finalmente, el presidente municipal Juan Hugo de la Rosa Garc\u00eda record\u00f3 que en Nezahualc\u00f3yotl ya son 520 mil vecinos que se han vacunado, de ellos 270 mil con esquema completo y 250 mil con una dosis, por lo que ser\u00e1 importante la participaci\u00f3n de los m\u00e1s j\u00f3venes para que el porcentaje de personas inmunizadas sea mayor en esta ciudad y se disminuya as\u00ed el riesgo de complicaciones por el COVID-19, por lo que reiter\u00f3 su llamado a los adultos j\u00f3venes de 18 a 29 a\u00f1os de edad a acudir a vacunarse en las fechas y horarios correspondientes.<\/p>\n","protected":false},"excerpt":{"rendered":"<p>En Nezahualc\u00f3yotl del 14 al 20 de agosto se aplicar\u00e1 la primera dosis de la&#8230;<\/p>\n","protected":false},"author":4,"featured_media":29517,"comment_status":"closed","ping_status":"closed","sticky":false,"template":"","format":"standard","meta":{"footnotes":""},"categories":[4],"tags":[],"class_list":["post-29565","post","type-post","status-publish","format-standard","has-post-thumbnail","hentry","category-noticias-del-dia"],"_links":{"self":[{"href":"https:\/\/bambapolitica.com.mx\/index.php\/wp-json\/wp\/v2\/posts\/29565","targetHints":{"allow":["GET"]}}],"collection":[{"href":"https:\/\/bambapolitica.com.mx\/index.php\/wp-json\/wp\/v2\/posts"}],"about":[{"href":"https:\/\/bambapolitica.com.mx\/index.php\/wp-json\/wp\/v2\/types\/post"}],"author":[{"embeddable":true,"href":"https:\/\/bambapolitica.com.mx\/index.php\/wp-json\/wp\/v2\/users\/4"}],"replies":[{"embeddable":true,"href":"https:\/\/bambapolitica.com.mx\/index.php\/wp-json\/wp\/v2\/comments?post=29565"}],"version-history":[{"count":1,"href":"https:\/\/bambapolitica.com.mx\/index.php\/wp-json\/wp\/v2\/posts\/29565\/revisions"}],"predecessor-version":[{"id":29566,"href":"https:\/\/bambapolitica.com.mx\/index.php\/wp-json\/wp\/v2\/posts\/29565\/revisions\/29566"}],"wp:featuredmedia":[{"embeddable":true,"href":"https:\/\/bambapolitica.com.mx\/index.php\/wp-json\/wp\/v2\/media\/29517"}],"wp:attachment":[{"href":"https:\/\/bambapolitica.com.mx\/index.php\/wp-json\/wp\/v2\/media?parent=29565"}],"wp:term":[{"taxonomy":"category","embeddable":true,"href":"https:\/\/bambapolitica.com.mx\/index.php\/wp-json\/wp\/v2\/categories?post=29565"},{"taxonomy":"post_tag","embeddable":true,"href":"https:\/\/bambapolitica.com.mx\/index.php\/wp-json\/wp\/v2\/tags?post=29565"}],"curies":[{"name":"wp","href":"https:\/\/api.w.org\/{rel}","templated":true}]}}