{"id":29685,"date":"2021-08-12T10:40:02","date_gmt":"2021-08-12T16:40:02","guid":{"rendered":"http:\/\/bambapolitica.com.mx\/?p=29685"},"modified":"2021-08-12T10:44:43","modified_gmt":"2021-08-12T16:44:43","slug":"conmemoran-desde-la-cineteca-mexiquense-el-dia-nacional-de-cina","status":"publish","type":"post","link":"https:\/\/bambapolitica.com.mx\/index.php\/2021\/08\/12\/conmemoran-desde-la-cineteca-mexiquense-el-dia-nacional-de-cina\/","title":{"rendered":"Conmemoran desde la cineteca mexiquense el D\u00eda Nacional de Cine"},"content":{"rendered":"\n<p class=\"has-medium-font-size\">\u2022 Busca con esta celebraci\u00f3n rendir homenaje a las y los cineastas del pa\u00eds.<br>\u2022 Cumple este espacio con todas las medidas de seguridad e higiene necesarias.<br>\u2022 Pueden seguir la programaci\u00f3n por Facebook y Twitter en @CulturaEdomex y en @CinetecaEdomex.<\/p>\n\n\n\n<figure class=\"wp-block-gallery aligncenter columns-1 is-cropped wp-block-gallery-1 is-layout-flex wp-block-gallery-is-layout-flex\"><ul class=\"blocks-gallery-grid\"><li class=\"blocks-gallery-item\"><figure><img loading=\"lazy\" decoding=\"async\" width=\"768\" height=\"444\" src=\"https:\/\/bambapolitica.com.mx\/wp-content\/uploads\/2021\/08\/WhatsApp-Image-2021-08-12-at-10.43.06-AM-1.jpeg\" alt=\"\" data-id=\"29687\" data-full-url=\"https:\/\/bambapolitica.com.mx\/wp-content\/uploads\/2021\/08\/WhatsApp-Image-2021-08-12-at-10.43.06-AM-1.jpeg\" data-link=\"https:\/\/bambapolitica.com.mx\/?attachment_id=29687\" class=\"wp-image-29687\" srcset=\"https:\/\/bambapolitica.com.mx\/wp-content\/uploads\/2021\/08\/WhatsApp-Image-2021-08-12-at-10.43.06-AM-1.jpeg 768w, https:\/\/bambapolitica.com.mx\/wp-content\/uploads\/2021\/08\/WhatsApp-Image-2021-08-12-at-10.43.06-AM-1-300x173.jpeg 300w, https:\/\/bambapolitica.com.mx\/wp-content\/uploads\/2021\/08\/WhatsApp-Image-2021-08-12-at-10.43.06-AM-1-253x146.jpeg 253w, https:\/\/bambapolitica.com.mx\/wp-content\/uploads\/2021\/08\/WhatsApp-Image-2021-08-12-at-10.43.06-AM-1-50x29.jpeg 50w, https:\/\/bambapolitica.com.mx\/wp-content\/uploads\/2021\/08\/WhatsApp-Image-2021-08-12-at-10.43.06-AM-1-130x75.jpeg 130w\" sizes=\"auto, (max-width: 768px) 100vw, 768px\" \/><\/figure><\/li><li class=\"blocks-gallery-item\"><figure><img loading=\"lazy\" decoding=\"async\" width=\"768\" height=\"576\" src=\"https:\/\/bambapolitica.com.mx\/wp-content\/uploads\/2021\/08\/WhatsApp-Image-2021-08-12-at-10.43.06-AM.jpeg\" alt=\"\" data-id=\"29688\" data-full-url=\"https:\/\/bambapolitica.com.mx\/wp-content\/uploads\/2021\/08\/WhatsApp-Image-2021-08-12-at-10.43.06-AM.jpeg\" data-link=\"https:\/\/bambapolitica.com.mx\/?attachment_id=29688\" class=\"wp-image-29688\" srcset=\"https:\/\/bambapolitica.com.mx\/wp-content\/uploads\/2021\/08\/WhatsApp-Image-2021-08-12-at-10.43.06-AM.jpeg 768w, https:\/\/bambapolitica.com.mx\/wp-content\/uploads\/2021\/08\/WhatsApp-Image-2021-08-12-at-10.43.06-AM-300x225.jpeg 300w, https:\/\/bambapolitica.com.mx\/wp-content\/uploads\/2021\/08\/WhatsApp-Image-2021-08-12-at-10.43.06-AM-195x146.jpeg 195w, https:\/\/bambapolitica.com.mx\/wp-content\/uploads\/2021\/08\/WhatsApp-Image-2021-08-12-at-10.43.06-AM-50x38.jpeg 50w, https:\/\/bambapolitica.com.mx\/wp-content\/uploads\/2021\/08\/WhatsApp-Image-2021-08-12-at-10.43.06-AM-100x75.jpeg 100w\" sizes=\"auto, (max-width: 768px) 100vw, 768px\" \/><\/figure><\/li><li class=\"blocks-gallery-item\"><figure><img loading=\"lazy\" decoding=\"async\" width=\"1024\" height=\"682\" src=\"https:\/\/bambapolitica.com.mx\/wp-content\/uploads\/2021\/08\/WhatsApp-Image-2021-08-12-at-10.43.07-AM-1-1.jpeg\" alt=\"\" data-id=\"29689\" data-full-url=\"https:\/\/bambapolitica.com.mx\/wp-content\/uploads\/2021\/08\/WhatsApp-Image-2021-08-12-at-10.43.07-AM-1-1.jpeg\" data-link=\"https:\/\/bambapolitica.com.mx\/?attachment_id=29689\" class=\"wp-image-29689\" srcset=\"https:\/\/bambapolitica.com.mx\/wp-content\/uploads\/2021\/08\/WhatsApp-Image-2021-08-12-at-10.43.07-AM-1-1.jpeg 1024w, https:\/\/bambapolitica.com.mx\/wp-content\/uploads\/2021\/08\/WhatsApp-Image-2021-08-12-at-10.43.07-AM-1-1-300x200.jpeg 300w, https:\/\/bambapolitica.com.mx\/wp-content\/uploads\/2021\/08\/WhatsApp-Image-2021-08-12-at-10.43.07-AM-1-1-768x512.jpeg 768w, https:\/\/bambapolitica.com.mx\/wp-content\/uploads\/2021\/08\/WhatsApp-Image-2021-08-12-at-10.43.07-AM-1-1-219x146.jpeg 219w, https:\/\/bambapolitica.com.mx\/wp-content\/uploads\/2021\/08\/WhatsApp-Image-2021-08-12-at-10.43.07-AM-1-1-50x33.jpeg 50w, https:\/\/bambapolitica.com.mx\/wp-content\/uploads\/2021\/08\/WhatsApp-Image-2021-08-12-at-10.43.07-AM-1-1-113x75.jpeg 113w\" sizes=\"auto, (max-width: 1024px) 100vw, 1024px\" \/><\/figure><\/li><\/ul><\/figure>\n\n\n\n<p class=\"has-medium-font-size\">Toluca, #Estado de M\u00e9xico, 12 de agosto de 2021. <\/p>\n\n\n\n<p class=\"has-medium-font-size\">Con motivo del D\u00eda Nacional del Cine Mexicano, que se celebra el 15 de agosto, la Cineteca Mexiquense tiene preparado un programa para disfrutar del s\u00e9ptimo arte, de manera presencial y con todas las medidas de seguridad e higiene necesarias.<\/p>\n\n\n\n<p class=\"has-medium-font-size\">\u201cEl pr\u00f3ximo domingo, este Centro de Artes Visuales transmitir\u00e1 tres pel\u00edculas que ha seleccionado el IMCINE con motivo de esta celebraci\u00f3n, y la cuarta que hemos sumado, para cerrar con broche de oro\u201d, comparti\u00f3 No\u00e9 Tovar Soto, Director de la Cineteca Mexiquense.<\/p>\n\n\n\n<p class=\"has-medium-font-size\">A las 12:30 horas exhibir\u00e1n \u201cUn disfraz para Nicol\u00e1s\u201d, pel\u00edcula animada para todas las edades; a las 15:15 horas, los cortometrajes \u201cInvasi\u00f3n\u201d, de Pablo Benjam\u00edn Nieto, y \u201cAukanime, la que tiene hambre\u201d, de Pavel Rodr\u00edguez.<\/p>\n\n\n\n<p class=\"has-medium-font-size\">Adem\u00e1s, \u201cCosas Imposibles: Un abrazo contra la desesperanza\u201d, de Ernesto Contreras, a las 17:45 horas, una pel\u00edcula de este a\u00f1o que aborda el tema de la soledad y la resiliencia.<\/p>\n\n\n\n<p class=\"has-medium-font-size\">Para cerrar esta celebraci\u00f3n, a las 19:30 horas, \u201clos cin\u00e9filos podr\u00e1n disfrutar de Amores Perros, en su versi\u00f3n restaurada en 4k, con sonido remasterizado. A 20 a\u00f1os de su aniversario, esta cinta ser\u00e1 una oportunidad \u00fanica de ver esta joya del cine nacional\u201d, concluy\u00f3.<\/p>\n\n\n\n<p class=\"has-medium-font-size\">Las tres primeras funciones no tendr\u00e1n costo de entrada; sin embargo, Amores Perros mantendr\u00e1 los precios de costumbre, 45.00 pesos entrada general y 25.00 pesos presentando credencial de estudiante, personas mayores y con discapacidad.<\/p>\n\n\n\n<p class=\"has-medium-font-size\">Para conocer la programaci\u00f3n de la Cineteca Mexiquense se pueden seguir las redes sociales oficiales de la Secretar\u00eda de Cultura y Turismo estatal, por Facebook y Twitter, en @CulturaEdomex, y en las de la Cineteca, en @CinetecaEdomex.<\/p>\n","protected":false},"excerpt":{"rendered":"<p>\u2022 Busca con esta celebraci\u00f3n rendir homenaje a las y los cineastas del pa\u00eds.\u2022 Cumple&#8230;<\/p>\n","protected":false},"author":4,"featured_media":29686,"comment_status":"closed","ping_status":"closed","sticky":false,"template":"","format":"standard","meta":{"footnotes":""},"categories":[4],"tags":[],"class_list":["post-29685","post","type-post","status-publish","format-standard","has-post-thumbnail","hentry","category-noticias-del-dia"],"_links":{"self":[{"href":"https:\/\/bambapolitica.com.mx\/index.php\/wp-json\/wp\/v2\/posts\/29685","targetHints":{"allow":["GET"]}}],"collection":[{"href":"https:\/\/bambapolitica.com.mx\/index.php\/wp-json\/wp\/v2\/posts"}],"about":[{"href":"https:\/\/bambapolitica.com.mx\/index.php\/wp-json\/wp\/v2\/types\/post"}],"author":[{"embeddable":true,"href":"https:\/\/bambapolitica.com.mx\/index.php\/wp-json\/wp\/v2\/users\/4"}],"replies":[{"embeddable":true,"href":"https:\/\/bambapolitica.com.mx\/index.php\/wp-json\/wp\/v2\/comments?post=29685"}],"version-history":[{"count":3,"href":"https:\/\/bambapolitica.com.mx\/index.php\/wp-json\/wp\/v2\/posts\/29685\/revisions"}],"predecessor-version":[{"id":29695,"href":"https:\/\/bambapolitica.com.mx\/index.php\/wp-json\/wp\/v2\/posts\/29685\/revisions\/29695"}],"wp:featuredmedia":[{"embeddable":true,"href":"https:\/\/bambapolitica.com.mx\/index.php\/wp-json\/wp\/v2\/media\/29686"}],"wp:attachment":[{"href":"https:\/\/bambapolitica.com.mx\/index.php\/wp-json\/wp\/v2\/media?parent=29685"}],"wp:term":[{"taxonomy":"category","embeddable":true,"href":"https:\/\/bambapolitica.com.mx\/index.php\/wp-json\/wp\/v2\/categories?post=29685"},{"taxonomy":"post_tag","embeddable":true,"href":"https:\/\/bambapolitica.com.mx\/index.php\/wp-json\/wp\/v2\/tags?post=29685"}],"curies":[{"name":"wp","href":"https:\/\/api.w.org\/{rel}","templated":true}]}}