{"id":29792,"date":"2021-08-15T13:06:15","date_gmt":"2021-08-15T19:06:15","guid":{"rendered":"http:\/\/bambapolitica.com.mx\/?p=29792"},"modified":"2021-08-15T13:06:16","modified_gmt":"2021-08-15T19:06:16","slug":"direccion-de-salud-municipal-e-isem-realizan-segunda-jornada-gratuita-de-vasectomias","status":"publish","type":"post","link":"https:\/\/bambapolitica.com.mx\/index.php\/2021\/08\/15\/direccion-de-salud-municipal-e-isem-realizan-segunda-jornada-gratuita-de-vasectomias\/","title":{"rendered":"Direcci\u00f3n de Salud Municipal e ISEM realizan segunda jornada gratuita de vasectom\u00edas"},"content":{"rendered":"\n<p class=\"has-medium-font-size\">Debido a la demanda de la poblaci\u00f3n, se realizar\u00e1 dos jornadas m\u00e1s, los d\u00edas 19 de agosto y 22 de septiembre<\/p>\n\n\n\n<figure class=\"wp-block-gallery aligncenter columns-3 is-cropped wp-block-gallery-1 is-layout-flex wp-block-gallery-is-layout-flex\"><ul class=\"blocks-gallery-grid\"><li class=\"blocks-gallery-item\"><figure><img loading=\"lazy\" decoding=\"async\" width=\"1024\" height=\"683\" src=\"https:\/\/bambapolitica.com.mx\/wp-content\/uploads\/2021\/08\/Jornada-de-Vasectom\u00edas-en-DISAM-1-1-1024x683.jpg\" alt=\"\" data-id=\"29795\" data-full-url=\"https:\/\/bambapolitica.com.mx\/wp-content\/uploads\/2021\/08\/Jornada-de-Vasectom\u00edas-en-DISAM-1-1-scaled.jpg\" data-link=\"https:\/\/bambapolitica.com.mx\/?attachment_id=29795\" class=\"wp-image-29795\" srcset=\"https:\/\/bambapolitica.com.mx\/wp-content\/uploads\/2021\/08\/Jornada-de-Vasectom\u00edas-en-DISAM-1-1-1024x683.jpg 1024w, https:\/\/bambapolitica.com.mx\/wp-content\/uploads\/2021\/08\/Jornada-de-Vasectom\u00edas-en-DISAM-1-1-300x200.jpg 300w, https:\/\/bambapolitica.com.mx\/wp-content\/uploads\/2021\/08\/Jornada-de-Vasectom\u00edas-en-DISAM-1-1-768x512.jpg 768w, https:\/\/bambapolitica.com.mx\/wp-content\/uploads\/2021\/08\/Jornada-de-Vasectom\u00edas-en-DISAM-1-1-1536x1024.jpg 1536w, https:\/\/bambapolitica.com.mx\/wp-content\/uploads\/2021\/08\/Jornada-de-Vasectom\u00edas-en-DISAM-1-1-2048x1365.jpg 2048w, https:\/\/bambapolitica.com.mx\/wp-content\/uploads\/2021\/08\/Jornada-de-Vasectom\u00edas-en-DISAM-1-1-219x146.jpg 219w, https:\/\/bambapolitica.com.mx\/wp-content\/uploads\/2021\/08\/Jornada-de-Vasectom\u00edas-en-DISAM-1-1-50x33.jpg 50w, https:\/\/bambapolitica.com.mx\/wp-content\/uploads\/2021\/08\/Jornada-de-Vasectom\u00edas-en-DISAM-1-1-113x75.jpg 113w\" sizes=\"auto, (max-width: 1024px) 100vw, 1024px\" \/><\/figure><\/li><li class=\"blocks-gallery-item\"><figure><img loading=\"lazy\" decoding=\"async\" width=\"1024\" height=\"683\" src=\"https:\/\/bambapolitica.com.mx\/wp-content\/uploads\/2021\/08\/Jornada-de-Vasectom\u00edas-en-DISAM-2-1-1024x683.jpg\" alt=\"\" data-id=\"29797\" data-full-url=\"https:\/\/bambapolitica.com.mx\/wp-content\/uploads\/2021\/08\/Jornada-de-Vasectom\u00edas-en-DISAM-2-1-scaled.jpg\" data-link=\"https:\/\/bambapolitica.com.mx\/?attachment_id=29797\" class=\"wp-image-29797\" srcset=\"https:\/\/bambapolitica.com.mx\/wp-content\/uploads\/2021\/08\/Jornada-de-Vasectom\u00edas-en-DISAM-2-1-1024x683.jpg 1024w, https:\/\/bambapolitica.com.mx\/wp-content\/uploads\/2021\/08\/Jornada-de-Vasectom\u00edas-en-DISAM-2-1-300x200.jpg 300w, https:\/\/bambapolitica.com.mx\/wp-content\/uploads\/2021\/08\/Jornada-de-Vasectom\u00edas-en-DISAM-2-1-768x512.jpg 768w, https:\/\/bambapolitica.com.mx\/wp-content\/uploads\/2021\/08\/Jornada-de-Vasectom\u00edas-en-DISAM-2-1-1536x1024.jpg 1536w, https:\/\/bambapolitica.com.mx\/wp-content\/uploads\/2021\/08\/Jornada-de-Vasectom\u00edas-en-DISAM-2-1-2048x1365.jpg 2048w, https:\/\/bambapolitica.com.mx\/wp-content\/uploads\/2021\/08\/Jornada-de-Vasectom\u00edas-en-DISAM-2-1-219x146.jpg 219w, https:\/\/bambapolitica.com.mx\/wp-content\/uploads\/2021\/08\/Jornada-de-Vasectom\u00edas-en-DISAM-2-1-50x33.jpg 50w, https:\/\/bambapolitica.com.mx\/wp-content\/uploads\/2021\/08\/Jornada-de-Vasectom\u00edas-en-DISAM-2-1-113x75.jpg 113w\" sizes=\"auto, (max-width: 1024px) 100vw, 1024px\" \/><\/figure><\/li><li class=\"blocks-gallery-item\"><figure><img loading=\"lazy\" decoding=\"async\" width=\"1024\" height=\"683\" src=\"https:\/\/bambapolitica.com.mx\/wp-content\/uploads\/2021\/08\/Jornada-de-Vasectom\u00edas-en-DISAM-3-2-1024x683.jpg\" alt=\"\" data-id=\"29799\" data-full-url=\"https:\/\/bambapolitica.com.mx\/wp-content\/uploads\/2021\/08\/Jornada-de-Vasectom\u00edas-en-DISAM-3-2-scaled.jpg\" data-link=\"https:\/\/bambapolitica.com.mx\/?attachment_id=29799\" class=\"wp-image-29799\" srcset=\"https:\/\/bambapolitica.com.mx\/wp-content\/uploads\/2021\/08\/Jornada-de-Vasectom\u00edas-en-DISAM-3-2-1024x683.jpg 1024w, https:\/\/bambapolitica.com.mx\/wp-content\/uploads\/2021\/08\/Jornada-de-Vasectom\u00edas-en-DISAM-3-2-300x200.jpg 300w, https:\/\/bambapolitica.com.mx\/wp-content\/uploads\/2021\/08\/Jornada-de-Vasectom\u00edas-en-DISAM-3-2-768x512.jpg 768w, https:\/\/bambapolitica.com.mx\/wp-content\/uploads\/2021\/08\/Jornada-de-Vasectom\u00edas-en-DISAM-3-2-1536x1024.jpg 1536w, https:\/\/bambapolitica.com.mx\/wp-content\/uploads\/2021\/08\/Jornada-de-Vasectom\u00edas-en-DISAM-3-2-2048x1365.jpg 2048w, https:\/\/bambapolitica.com.mx\/wp-content\/uploads\/2021\/08\/Jornada-de-Vasectom\u00edas-en-DISAM-3-2-219x146.jpg 219w, https:\/\/bambapolitica.com.mx\/wp-content\/uploads\/2021\/08\/Jornada-de-Vasectom\u00edas-en-DISAM-3-2-50x33.jpg 50w, https:\/\/bambapolitica.com.mx\/wp-content\/uploads\/2021\/08\/Jornada-de-Vasectom\u00edas-en-DISAM-3-2-113x75.jpg 113w\" sizes=\"auto, (max-width: 1024px) 100vw, 1024px\" \/><\/figure><\/li><li class=\"blocks-gallery-item\"><figure><img loading=\"lazy\" decoding=\"async\" width=\"1024\" height=\"683\" src=\"https:\/\/bambapolitica.com.mx\/wp-content\/uploads\/2021\/08\/Jornada-de-Vasectom\u00edas-en-DISAM-4-1-1024x683.jpg\" alt=\"\" data-id=\"29801\" data-full-url=\"https:\/\/bambapolitica.com.mx\/wp-content\/uploads\/2021\/08\/Jornada-de-Vasectom\u00edas-en-DISAM-4-1-scaled.jpg\" data-link=\"https:\/\/bambapolitica.com.mx\/?attachment_id=29801\" class=\"wp-image-29801\" srcset=\"https:\/\/bambapolitica.com.mx\/wp-content\/uploads\/2021\/08\/Jornada-de-Vasectom\u00edas-en-DISAM-4-1-1024x683.jpg 1024w, https:\/\/bambapolitica.com.mx\/wp-content\/uploads\/2021\/08\/Jornada-de-Vasectom\u00edas-en-DISAM-4-1-300x200.jpg 300w, https:\/\/bambapolitica.com.mx\/wp-content\/uploads\/2021\/08\/Jornada-de-Vasectom\u00edas-en-DISAM-4-1-768x512.jpg 768w, https:\/\/bambapolitica.com.mx\/wp-content\/uploads\/2021\/08\/Jornada-de-Vasectom\u00edas-en-DISAM-4-1-1536x1024.jpg 1536w, https:\/\/bambapolitica.com.mx\/wp-content\/uploads\/2021\/08\/Jornada-de-Vasectom\u00edas-en-DISAM-4-1-2048x1365.jpg 2048w, https:\/\/bambapolitica.com.mx\/wp-content\/uploads\/2021\/08\/Jornada-de-Vasectom\u00edas-en-DISAM-4-1-219x146.jpg 219w, https:\/\/bambapolitica.com.mx\/wp-content\/uploads\/2021\/08\/Jornada-de-Vasectom\u00edas-en-DISAM-4-1-50x33.jpg 50w, https:\/\/bambapolitica.com.mx\/wp-content\/uploads\/2021\/08\/Jornada-de-Vasectom\u00edas-en-DISAM-4-1-113x75.jpg 113w\" sizes=\"auto, (max-width: 1024px) 100vw, 1024px\" \/><\/figure><\/li><\/ul><\/figure>\n\n\n\n<p class=\"has-medium-font-size\">El gobierno municipal de Chimalhuac\u00e1n, a trav\u00e9s de la Direcci\u00f3n de Salud Municipal (DISAM) y en coordinaci\u00f3n con el Instituto de Salud del Estado de M\u00e9xico (ISEM), realiz\u00f3 la segunda jornada gratuita de vasectom\u00eda sin bistur\u00ed, a fin de promover la planificaci\u00f3n familiar.<\/p>\n\n\n\n<p class=\"has-medium-font-size\">\u201cExisten muchos mitos en torno al tema de la vasectom\u00eda; sin embargo, es un asunto de salud p\u00fablica que nos involucra a todos, por ello, realizamos estas actividades, producto de las gestiones y coordinaci\u00f3n con autoridades estatales para beneficiar a grupos vulnerables\u201d, se\u00f1al\u00f3 el alcalde de Chimalhuac\u00e1n, Jes\u00fas Tolentino Rom\u00e1n Boj\u00f3rquez.<\/p>\n\n\n\n<p class=\"has-medium-font-size\">Por su parte, el titular de la DISAM Alejandro Magdaleno Reyes inform\u00f3 que, en los \u00faltimos meses, m\u00e1s de 100 hombres se han practicado dicho procedimiento que es ambulatorio, efectivo y seguro.<\/p>\n\n\n\n<p class=\"has-medium-font-size\">\u201cEl proceso dura aproximadamente 30 minutos y no tiene ning\u00fan costo, lo cual representa un importante apoyo en la econom\u00eda familiar; considerando que estas cirug\u00edas tienen un precio de hasta 17,000 pesos en cl\u00ednicas privadas\u201d.<\/p>\n\n\n\n<p class=\"has-medium-font-size\">El funcionario a\u00f1adi\u00f3 que, debido a la demanda de la poblaci\u00f3n, personal m\u00e9dico llevar\u00e1 a cabo dos jornadas m\u00e1s, los d\u00edas 19 de agosto y 22 de septiembre.<\/p>\n\n\n\n<p class=\"has-medium-font-size\">Se\u00f1al\u00f3 que la poblaci\u00f3n interesada en realizarse la vasectom\u00eda debe registrarse previamente llamando al n\u00famero telef\u00f3nico de la DISAM, 55-1551-6395 y acudir a la jornada atendiendo las medidas sanitarias por la pandemia de COVID-19 como el uso adecuado de cubrebocas y la sana distancia.<\/p>\n\n\n\n<p class=\"has-medium-font-size\">\u201cDebido a la pandemia reducimos el n\u00famero de cirug\u00edas de 300 a 150 a fin de evitar aglomeraciones. Chimalhuac\u00e1n es el municipio de la zona oriente donde tenemos mayor participaci\u00f3n de hombres, lo cual habla de un gran inter\u00e9s y la importancia de tomar decisiones en materia reproductiva con responsabilidad mutua\u201d, detall\u00f3 personal de la Jurisdicci\u00f3n Sanitaria Texcoco del ISEM.<\/p>\n","protected":false},"excerpt":{"rendered":"<p>Debido a la demanda de la poblaci\u00f3n, se realizar\u00e1 dos jornadas m\u00e1s, los d\u00edas 19&#8230;<\/p>\n","protected":false},"author":4,"featured_media":29793,"comment_status":"closed","ping_status":"closed","sticky":false,"template":"","format":"standard","meta":{"footnotes":""},"categories":[4],"tags":[],"class_list":["post-29792","post","type-post","status-publish","format-standard","has-post-thumbnail","hentry","category-noticias-del-dia"],"_links":{"self":[{"href":"https:\/\/bambapolitica.com.mx\/index.php\/wp-json\/wp\/v2\/posts\/29792","targetHints":{"allow":["GET"]}}],"collection":[{"href":"https:\/\/bambapolitica.com.mx\/index.php\/wp-json\/wp\/v2\/posts"}],"about":[{"href":"https:\/\/bambapolitica.com.mx\/index.php\/wp-json\/wp\/v2\/types\/post"}],"author":[{"embeddable":true,"href":"https:\/\/bambapolitica.com.mx\/index.php\/wp-json\/wp\/v2\/users\/4"}],"replies":[{"embeddable":true,"href":"https:\/\/bambapolitica.com.mx\/index.php\/wp-json\/wp\/v2\/comments?post=29792"}],"version-history":[{"count":1,"href":"https:\/\/bambapolitica.com.mx\/index.php\/wp-json\/wp\/v2\/posts\/29792\/revisions"}],"predecessor-version":[{"id":29802,"href":"https:\/\/bambapolitica.com.mx\/index.php\/wp-json\/wp\/v2\/posts\/29792\/revisions\/29802"}],"wp:featuredmedia":[{"embeddable":true,"href":"https:\/\/bambapolitica.com.mx\/index.php\/wp-json\/wp\/v2\/media\/29793"}],"wp:attachment":[{"href":"https:\/\/bambapolitica.com.mx\/index.php\/wp-json\/wp\/v2\/media?parent=29792"}],"wp:term":[{"taxonomy":"category","embeddable":true,"href":"https:\/\/bambapolitica.com.mx\/index.php\/wp-json\/wp\/v2\/categories?post=29792"},{"taxonomy":"post_tag","embeddable":true,"href":"https:\/\/bambapolitica.com.mx\/index.php\/wp-json\/wp\/v2\/tags?post=29792"}],"curies":[{"name":"wp","href":"https:\/\/api.w.org\/{rel}","templated":true}]}}