{"id":29803,"date":"2021-08-15T13:08:53","date_gmt":"2021-08-15T19:08:53","guid":{"rendered":"http:\/\/bambapolitica.com.mx\/?p=29803"},"modified":"2021-08-15T13:08:54","modified_gmt":"2021-08-15T19:08:54","slug":"chimalhuacan-conmemora-dia-internacional-de-la-juventud","status":"publish","type":"post","link":"https:\/\/bambapolitica.com.mx\/index.php\/2021\/08\/15\/chimalhuacan-conmemora-dia-internacional-de-la-juventud\/","title":{"rendered":"Chimalhuac\u00e1n conmemora D\u00eda Internacional de la Juventud"},"content":{"rendered":"\n<p class=\"has-medium-font-size\">La Direcci\u00f3n de Turismo de Chimalhuac\u00e1n conmemor\u00f3 el D\u00eda Internacional de la Juventud, con un ciclo de conferencias y la premiaci\u00f3n del concurso Las juventudes y la nueva normalidad, post COVID-19.<\/p>\n\n\n\n<figure class=\"wp-block-gallery aligncenter columns-3 is-cropped wp-block-gallery-1 is-layout-flex wp-block-gallery-is-layout-flex\"><ul class=\"blocks-gallery-grid\"><li class=\"blocks-gallery-item\"><figure><img loading=\"lazy\" decoding=\"async\" width=\"1024\" height=\"683\" src=\"https:\/\/bambapolitica.com.mx\/wp-content\/uploads\/2021\/08\/IMG_0008-1024x683.jpg\" alt=\"\" data-id=\"29805\" data-full-url=\"https:\/\/bambapolitica.com.mx\/wp-content\/uploads\/2021\/08\/IMG_0008-scaled.jpg\" data-link=\"https:\/\/bambapolitica.com.mx\/?attachment_id=29805\" class=\"wp-image-29805\" srcset=\"https:\/\/bambapolitica.com.mx\/wp-content\/uploads\/2021\/08\/IMG_0008-1024x683.jpg 1024w, https:\/\/bambapolitica.com.mx\/wp-content\/uploads\/2021\/08\/IMG_0008-300x200.jpg 300w, https:\/\/bambapolitica.com.mx\/wp-content\/uploads\/2021\/08\/IMG_0008-768x512.jpg 768w, https:\/\/bambapolitica.com.mx\/wp-content\/uploads\/2021\/08\/IMG_0008-1536x1024.jpg 1536w, https:\/\/bambapolitica.com.mx\/wp-content\/uploads\/2021\/08\/IMG_0008-2048x1365.jpg 2048w, https:\/\/bambapolitica.com.mx\/wp-content\/uploads\/2021\/08\/IMG_0008-219x146.jpg 219w, https:\/\/bambapolitica.com.mx\/wp-content\/uploads\/2021\/08\/IMG_0008-50x33.jpg 50w, https:\/\/bambapolitica.com.mx\/wp-content\/uploads\/2021\/08\/IMG_0008-113x75.jpg 113w\" sizes=\"auto, (max-width: 1024px) 100vw, 1024px\" \/><\/figure><\/li><li class=\"blocks-gallery-item\"><figure><img loading=\"lazy\" decoding=\"async\" width=\"1024\" height=\"683\" src=\"https:\/\/bambapolitica.com.mx\/wp-content\/uploads\/2021\/08\/IMG_0019-1024x683.jpg\" alt=\"\" data-id=\"29807\" data-full-url=\"https:\/\/bambapolitica.com.mx\/wp-content\/uploads\/2021\/08\/IMG_0019-scaled.jpg\" data-link=\"https:\/\/bambapolitica.com.mx\/?attachment_id=29807\" class=\"wp-image-29807\" srcset=\"https:\/\/bambapolitica.com.mx\/wp-content\/uploads\/2021\/08\/IMG_0019-1024x683.jpg 1024w, https:\/\/bambapolitica.com.mx\/wp-content\/uploads\/2021\/08\/IMG_0019-300x200.jpg 300w, https:\/\/bambapolitica.com.mx\/wp-content\/uploads\/2021\/08\/IMG_0019-768x512.jpg 768w, https:\/\/bambapolitica.com.mx\/wp-content\/uploads\/2021\/08\/IMG_0019-1536x1024.jpg 1536w, https:\/\/bambapolitica.com.mx\/wp-content\/uploads\/2021\/08\/IMG_0019-2048x1365.jpg 2048w, https:\/\/bambapolitica.com.mx\/wp-content\/uploads\/2021\/08\/IMG_0019-219x146.jpg 219w, https:\/\/bambapolitica.com.mx\/wp-content\/uploads\/2021\/08\/IMG_0019-50x33.jpg 50w, https:\/\/bambapolitica.com.mx\/wp-content\/uploads\/2021\/08\/IMG_0019-113x75.jpg 113w\" sizes=\"auto, (max-width: 1024px) 100vw, 1024px\" \/><\/figure><\/li><li class=\"blocks-gallery-item\"><figure><img loading=\"lazy\" decoding=\"async\" width=\"1024\" height=\"683\" src=\"https:\/\/bambapolitica.com.mx\/wp-content\/uploads\/2021\/08\/IMG_00261-1-1024x683.jpg\" alt=\"\" data-id=\"29809\" data-full-url=\"https:\/\/bambapolitica.com.mx\/wp-content\/uploads\/2021\/08\/IMG_00261-1-scaled.jpg\" data-link=\"https:\/\/bambapolitica.com.mx\/?attachment_id=29809\" class=\"wp-image-29809\" srcset=\"https:\/\/bambapolitica.com.mx\/wp-content\/uploads\/2021\/08\/IMG_00261-1-1024x683.jpg 1024w, https:\/\/bambapolitica.com.mx\/wp-content\/uploads\/2021\/08\/IMG_00261-1-300x200.jpg 300w, https:\/\/bambapolitica.com.mx\/wp-content\/uploads\/2021\/08\/IMG_00261-1-768x512.jpg 768w, https:\/\/bambapolitica.com.mx\/wp-content\/uploads\/2021\/08\/IMG_00261-1-1536x1024.jpg 1536w, https:\/\/bambapolitica.com.mx\/wp-content\/uploads\/2021\/08\/IMG_00261-1-2048x1365.jpg 2048w, https:\/\/bambapolitica.com.mx\/wp-content\/uploads\/2021\/08\/IMG_00261-1-219x146.jpg 219w, https:\/\/bambapolitica.com.mx\/wp-content\/uploads\/2021\/08\/IMG_00261-1-50x33.jpg 50w, https:\/\/bambapolitica.com.mx\/wp-content\/uploads\/2021\/08\/IMG_00261-1-113x75.jpg 113w\" sizes=\"auto, (max-width: 1024px) 100vw, 1024px\" \/><\/figure><\/li><li class=\"blocks-gallery-item\"><figure><img loading=\"lazy\" decoding=\"async\" width=\"1024\" height=\"683\" src=\"https:\/\/bambapolitica.com.mx\/wp-content\/uploads\/2021\/08\/IMG_0160-1024x683.jpg\" alt=\"\" data-id=\"29811\" data-full-url=\"https:\/\/bambapolitica.com.mx\/wp-content\/uploads\/2021\/08\/IMG_0160-scaled.jpg\" data-link=\"https:\/\/bambapolitica.com.mx\/?attachment_id=29811\" class=\"wp-image-29811\" srcset=\"https:\/\/bambapolitica.com.mx\/wp-content\/uploads\/2021\/08\/IMG_0160-1024x683.jpg 1024w, https:\/\/bambapolitica.com.mx\/wp-content\/uploads\/2021\/08\/IMG_0160-300x200.jpg 300w, https:\/\/bambapolitica.com.mx\/wp-content\/uploads\/2021\/08\/IMG_0160-768x512.jpg 768w, https:\/\/bambapolitica.com.mx\/wp-content\/uploads\/2021\/08\/IMG_0160-1536x1024.jpg 1536w, https:\/\/bambapolitica.com.mx\/wp-content\/uploads\/2021\/08\/IMG_0160-2048x1365.jpg 2048w, https:\/\/bambapolitica.com.mx\/wp-content\/uploads\/2021\/08\/IMG_0160-219x146.jpg 219w, https:\/\/bambapolitica.com.mx\/wp-content\/uploads\/2021\/08\/IMG_0160-50x33.jpg 50w, https:\/\/bambapolitica.com.mx\/wp-content\/uploads\/2021\/08\/IMG_0160-113x75.jpg 113w\" sizes=\"auto, (max-width: 1024px) 100vw, 1024px\" \/><\/figure><\/li><\/ul><\/figure>\n\n\n\n<p class=\"has-medium-font-size\">\u201cEl pasado 12 de agosto se celebr\u00f3 el D\u00eda Internacional de la Juventud, una fecha propuesta por la Organizaci\u00f3n de las Naciones Unidas (ONU) para promover la participaci\u00f3n de los j\u00f3venes en todos los \u00e1mbitos, por ello, agradezco a los chimalhuacanos que participaron en estas actividades, ya que es una forma de involucrarse en el desarrollo de su municipio. Seguiremos trabajando para brindarles mejores condiciones de vida\u201d, se\u00f1al\u00f3 el alcalde, Jes\u00fas Tolentino Rom\u00e1n Boj\u00f3rquez.<\/p>\n\n\n\n<p class=\"has-medium-font-size\">Al respecto, la directora de Turismo Chimalhuac\u00e1n Luz Cristina Pabello Buend\u00eda indic\u00f3 que los d\u00edas 12 y 13 de agosto, se impartieron las conferencias Construcci\u00f3n de la Identidad, La fotograf\u00eda y mi comunidad y J\u00f3venes rompiendo tab\u00fas de la sexualidad, a cargo de especialistas de la Universidad Aut\u00f3noma del Estado de M\u00e9xico. \u201cDebido a la pandemia por COVID-19 y la nueva normalidad, estas charlas se impartieron a trav\u00e9s de la p\u00e1gina de la dependencia local con el objetivo de que los chimalhuacanos puedan participar desde sus hogares en actividades que ponemos a su disposici\u00f3n\u201d.<\/p>\n\n\n\n<p class=\"has-medium-font-size\">Agreg\u00f3 que \u201cel gobierno municipal se preocupa por el bienestar y la libertad de expresi\u00f3n, por lo que continuaremos trabajando para que los j\u00f3venes cuenten con espacios donde puedan manifestar sus ideas y contribuir al avance del municipio\u201d.<\/p>\n\n\n\n<p class=\"has-medium-font-size\">Adem\u00e1s, autoridades locales entregaron un reconocimiento a H\u00e9ctor Alain Camacho, ganador del primer lugar del concurso de fotograf\u00eda. \u201cAgradezco al Ayuntamiento por darme la oportunidad para mostrar una parte de lo que los j\u00f3venes vivimos a consecuencia de la pandemia. Mi obra se titula A pesar de todo, se pudo; al igual que muchos j\u00f3venes no pude celebrar mi graduaci\u00f3n y con mi foto trato de reflejar eso\u201d, se\u00f1al\u00f3.<\/p>\n\n\n\n<p class=\"has-medium-font-size\">Cabe destacar que la fotograf\u00eda ganadora ser\u00e1 publicada en la p\u00e1gina de la Direcci\u00f3n de Turismo; posteriormente, las cinco mejores obras se difundir\u00e1n a partir del lunes 16 de agosto para que la ciudadan\u00eda pueda conocer el trabajo de j\u00f3venes chimalhuacanos.<\/p>\n","protected":false},"excerpt":{"rendered":"<p>La Direcci\u00f3n de Turismo de Chimalhuac\u00e1n conmemor\u00f3 el D\u00eda Internacional de la Juventud, con un&#8230;<\/p>\n","protected":false},"author":4,"featured_media":29804,"comment_status":"closed","ping_status":"closed","sticky":false,"template":"","format":"standard","meta":{"footnotes":""},"categories":[4],"tags":[],"class_list":["post-29803","post","type-post","status-publish","format-standard","has-post-thumbnail","hentry","category-noticias-del-dia"],"_links":{"self":[{"href":"https:\/\/bambapolitica.com.mx\/index.php\/wp-json\/wp\/v2\/posts\/29803","targetHints":{"allow":["GET"]}}],"collection":[{"href":"https:\/\/bambapolitica.com.mx\/index.php\/wp-json\/wp\/v2\/posts"}],"about":[{"href":"https:\/\/bambapolitica.com.mx\/index.php\/wp-json\/wp\/v2\/types\/post"}],"author":[{"embeddable":true,"href":"https:\/\/bambapolitica.com.mx\/index.php\/wp-json\/wp\/v2\/users\/4"}],"replies":[{"embeddable":true,"href":"https:\/\/bambapolitica.com.mx\/index.php\/wp-json\/wp\/v2\/comments?post=29803"}],"version-history":[{"count":1,"href":"https:\/\/bambapolitica.com.mx\/index.php\/wp-json\/wp\/v2\/posts\/29803\/revisions"}],"predecessor-version":[{"id":29813,"href":"https:\/\/bambapolitica.com.mx\/index.php\/wp-json\/wp\/v2\/posts\/29803\/revisions\/29813"}],"wp:featuredmedia":[{"embeddable":true,"href":"https:\/\/bambapolitica.com.mx\/index.php\/wp-json\/wp\/v2\/media\/29804"}],"wp:attachment":[{"href":"https:\/\/bambapolitica.com.mx\/index.php\/wp-json\/wp\/v2\/media?parent=29803"}],"wp:term":[{"taxonomy":"category","embeddable":true,"href":"https:\/\/bambapolitica.com.mx\/index.php\/wp-json\/wp\/v2\/categories?post=29803"},{"taxonomy":"post_tag","embeddable":true,"href":"https:\/\/bambapolitica.com.mx\/index.php\/wp-json\/wp\/v2\/tags?post=29803"}],"curies":[{"name":"wp","href":"https:\/\/api.w.org\/{rel}","templated":true}]}}