{"id":29814,"date":"2021-08-15T13:11:10","date_gmt":"2021-08-15T19:11:10","guid":{"rendered":"http:\/\/bambapolitica.com.mx\/?p=29814"},"modified":"2021-08-15T13:11:11","modified_gmt":"2021-08-15T19:11:11","slug":"parque-ecoturistico-el-chimalhuache-refuerza-medidas-sanitarias","status":"publish","type":"post","link":"https:\/\/bambapolitica.com.mx\/index.php\/2021\/08\/15\/parque-ecoturistico-el-chimalhuache-refuerza-medidas-sanitarias\/","title":{"rendered":"Parque Ecotur\u00edstico el Chimalhuache refuerza medidas sanitarias"},"content":{"rendered":"\n<p class=\"has-medium-font-size\">Siguiendo los protocolos alusivos al sem\u00e1foro epidemiol\u00f3gico estatal, el Parque Ecotur\u00edstico El Chimalhuache lleva a cabo sus actividades con un aforo del 50 por ciento de su capacidad, con medidas de sanidad y lineamientos para inhibir contagios por COVID-19.<\/p>\n\n\n\n<figure class=\"wp-block-gallery aligncenter columns-3 is-cropped wp-block-gallery-1 is-layout-flex wp-block-gallery-is-layout-flex\"><ul class=\"blocks-gallery-grid\"><li class=\"blocks-gallery-item\"><figure><img loading=\"lazy\" decoding=\"async\" width=\"1024\" height=\"683\" src=\"https:\/\/bambapolitica.com.mx\/wp-content\/uploads\/2021\/08\/IMG_0074-2-1024x683.jpg\" alt=\"\" data-id=\"29817\" data-full-url=\"https:\/\/bambapolitica.com.mx\/wp-content\/uploads\/2021\/08\/IMG_0074-2-scaled.jpg\" data-link=\"https:\/\/bambapolitica.com.mx\/?attachment_id=29817\" class=\"wp-image-29817\" srcset=\"https:\/\/bambapolitica.com.mx\/wp-content\/uploads\/2021\/08\/IMG_0074-2-1024x683.jpg 1024w, https:\/\/bambapolitica.com.mx\/wp-content\/uploads\/2021\/08\/IMG_0074-2-300x200.jpg 300w, https:\/\/bambapolitica.com.mx\/wp-content\/uploads\/2021\/08\/IMG_0074-2-768x512.jpg 768w, https:\/\/bambapolitica.com.mx\/wp-content\/uploads\/2021\/08\/IMG_0074-2-1536x1024.jpg 1536w, https:\/\/bambapolitica.com.mx\/wp-content\/uploads\/2021\/08\/IMG_0074-2-2048x1365.jpg 2048w, https:\/\/bambapolitica.com.mx\/wp-content\/uploads\/2021\/08\/IMG_0074-2-219x146.jpg 219w, https:\/\/bambapolitica.com.mx\/wp-content\/uploads\/2021\/08\/IMG_0074-2-50x33.jpg 50w, https:\/\/bambapolitica.com.mx\/wp-content\/uploads\/2021\/08\/IMG_0074-2-113x75.jpg 113w\" sizes=\"auto, (max-width: 1024px) 100vw, 1024px\" \/><\/figure><\/li><li class=\"blocks-gallery-item\"><figure><img loading=\"lazy\" decoding=\"async\" width=\"1024\" height=\"683\" src=\"https:\/\/bambapolitica.com.mx\/wp-content\/uploads\/2021\/08\/IMG_0085-1-1024x683.jpg\" alt=\"\" data-id=\"29819\" data-full-url=\"https:\/\/bambapolitica.com.mx\/wp-content\/uploads\/2021\/08\/IMG_0085-1-scaled.jpg\" data-link=\"https:\/\/bambapolitica.com.mx\/?attachment_id=29819\" class=\"wp-image-29819\" srcset=\"https:\/\/bambapolitica.com.mx\/wp-content\/uploads\/2021\/08\/IMG_0085-1-1024x683.jpg 1024w, https:\/\/bambapolitica.com.mx\/wp-content\/uploads\/2021\/08\/IMG_0085-1-300x200.jpg 300w, https:\/\/bambapolitica.com.mx\/wp-content\/uploads\/2021\/08\/IMG_0085-1-768x512.jpg 768w, https:\/\/bambapolitica.com.mx\/wp-content\/uploads\/2021\/08\/IMG_0085-1-1536x1024.jpg 1536w, https:\/\/bambapolitica.com.mx\/wp-content\/uploads\/2021\/08\/IMG_0085-1-2048x1365.jpg 2048w, https:\/\/bambapolitica.com.mx\/wp-content\/uploads\/2021\/08\/IMG_0085-1-219x146.jpg 219w, https:\/\/bambapolitica.com.mx\/wp-content\/uploads\/2021\/08\/IMG_0085-1-50x33.jpg 50w, https:\/\/bambapolitica.com.mx\/wp-content\/uploads\/2021\/08\/IMG_0085-1-113x75.jpg 113w\" sizes=\"auto, (max-width: 1024px) 100vw, 1024px\" \/><\/figure><\/li><li class=\"blocks-gallery-item\"><figure><img loading=\"lazy\" decoding=\"async\" width=\"1024\" height=\"683\" src=\"https:\/\/bambapolitica.com.mx\/wp-content\/uploads\/2021\/08\/IMG_0115-1-1024x683.jpg\" alt=\"\" data-id=\"29821\" data-full-url=\"https:\/\/bambapolitica.com.mx\/wp-content\/uploads\/2021\/08\/IMG_0115-1-scaled.jpg\" data-link=\"https:\/\/bambapolitica.com.mx\/?attachment_id=29821\" class=\"wp-image-29821\" srcset=\"https:\/\/bambapolitica.com.mx\/wp-content\/uploads\/2021\/08\/IMG_0115-1-1024x683.jpg 1024w, https:\/\/bambapolitica.com.mx\/wp-content\/uploads\/2021\/08\/IMG_0115-1-300x200.jpg 300w, https:\/\/bambapolitica.com.mx\/wp-content\/uploads\/2021\/08\/IMG_0115-1-768x512.jpg 768w, https:\/\/bambapolitica.com.mx\/wp-content\/uploads\/2021\/08\/IMG_0115-1-1536x1024.jpg 1536w, https:\/\/bambapolitica.com.mx\/wp-content\/uploads\/2021\/08\/IMG_0115-1-2048x1365.jpg 2048w, https:\/\/bambapolitica.com.mx\/wp-content\/uploads\/2021\/08\/IMG_0115-1-219x146.jpg 219w, https:\/\/bambapolitica.com.mx\/wp-content\/uploads\/2021\/08\/IMG_0115-1-50x33.jpg 50w, https:\/\/bambapolitica.com.mx\/wp-content\/uploads\/2021\/08\/IMG_0115-1-113x75.jpg 113w\" sizes=\"auto, (max-width: 1024px) 100vw, 1024px\" \/><\/figure><\/li><li class=\"blocks-gallery-item\"><figure><img loading=\"lazy\" decoding=\"async\" width=\"1024\" height=\"683\" src=\"https:\/\/bambapolitica.com.mx\/wp-content\/uploads\/2021\/08\/IMG_3247-1-1024x683.jpg\" alt=\"\" data-id=\"29823\" data-full-url=\"https:\/\/bambapolitica.com.mx\/wp-content\/uploads\/2021\/08\/IMG_3247-1-scaled.jpg\" data-link=\"https:\/\/bambapolitica.com.mx\/?attachment_id=29823\" class=\"wp-image-29823\" srcset=\"https:\/\/bambapolitica.com.mx\/wp-content\/uploads\/2021\/08\/IMG_3247-1-1024x683.jpg 1024w, https:\/\/bambapolitica.com.mx\/wp-content\/uploads\/2021\/08\/IMG_3247-1-300x200.jpg 300w, https:\/\/bambapolitica.com.mx\/wp-content\/uploads\/2021\/08\/IMG_3247-1-768x512.jpg 768w, https:\/\/bambapolitica.com.mx\/wp-content\/uploads\/2021\/08\/IMG_3247-1-1536x1024.jpg 1536w, https:\/\/bambapolitica.com.mx\/wp-content\/uploads\/2021\/08\/IMG_3247-1-2048x1365.jpg 2048w, https:\/\/bambapolitica.com.mx\/wp-content\/uploads\/2021\/08\/IMG_3247-1-219x146.jpg 219w, https:\/\/bambapolitica.com.mx\/wp-content\/uploads\/2021\/08\/IMG_3247-1-50x33.jpg 50w, https:\/\/bambapolitica.com.mx\/wp-content\/uploads\/2021\/08\/IMG_3247-1-113x75.jpg 113w\" sizes=\"auto, (max-width: 1024px) 100vw, 1024px\" \/><\/figure><\/li><\/ul><\/figure>\n\n\n\n<p class=\"has-medium-font-size\">\u201cAnte esta pandemia por COVID-19 implementamos las acciones necesarias a fin de que el Parque Ecotur\u00edstico opere apegado a los lineamientos emitidos por autoridades de salud federal\u201d, se\u00f1al\u00f3 el alcalde, Jes\u00fas Tolentino Rom\u00e1n Boj\u00f3rquez.<\/p>\n\n\n\n<p class=\"has-medium-font-size\">Por su parte, el coordinador del complejo ecotur\u00edstico, Osven Mondrag\u00f3n Arellano, inform\u00f3 que se ha modificado el horario de servicio de las albercas recreativas. \u201cSolo est\u00e1n en funcionamientos los d\u00edas s\u00e1bado y domingo, y en todo momento personal del parque vigila que la ciudadan\u00eda cumpla con las medidas de sanidad\u201d.<\/p>\n\n\n\n<p class=\"has-medium-font-size\">Agreg\u00f3 que en la Granja Interactiva, el Aviario Municipal y el Planetario, los recorridos se realizan en grupos de 10 personas. \u201cEn el caso del Domo Digital la capacidad es de 60 personas por proyecci\u00f3n y en el Lago Artificial, el acceso es de seis personas por lancha, a fin de evitar aglomeraciones\u201d.<\/p>\n\n\n\n<p class=\"has-medium-font-size\">Indic\u00f3 que dentro de los protocolos de sanidad, las instalaciones son desinfectadas constantemente. \u201cEn el caso de nuestros visitantes, el uso de cubrebocas es obligatorio, adem\u00e1s, en todo momento deber\u00e1n seguir las medidas de sana distancia, nosotros les proporcionamos gel antibacterial e implementamos filtros de sanitizaci\u00f3n al ingreso de cada \u00e1rea que integra el complejo\u201d.<\/p>\n\n\n\n<p class=\"has-medium-font-size\">El Parque Ecotur\u00edstico El Chimalhuache brinda servicio de martes a domingo de 9:30 a 16:30 horas.<\/p>\n\n\n\n<p class=\"has-medium-font-size\">Finalmente, autoridades municipales exhortaron a la poblaci\u00f3n a no bajar la guardia y en caso de presentar s\u00edntomas asociados a COVID-19 acudir a la unidad de salud m\u00e1s cercana a fin de recibir asistencia oportuna.<\/p>\n","protected":false},"excerpt":{"rendered":"<p>Siguiendo los protocolos alusivos al sem\u00e1foro epidemiol\u00f3gico estatal, el Parque Ecotur\u00edstico El Chimalhuache lleva a&#8230;<\/p>\n","protected":false},"author":4,"featured_media":29815,"comment_status":"closed","ping_status":"closed","sticky":false,"template":"","format":"standard","meta":{"footnotes":""},"categories":[4],"tags":[],"class_list":["post-29814","post","type-post","status-publish","format-standard","has-post-thumbnail","hentry","category-noticias-del-dia"],"_links":{"self":[{"href":"https:\/\/bambapolitica.com.mx\/index.php\/wp-json\/wp\/v2\/posts\/29814","targetHints":{"allow":["GET"]}}],"collection":[{"href":"https:\/\/bambapolitica.com.mx\/index.php\/wp-json\/wp\/v2\/posts"}],"about":[{"href":"https:\/\/bambapolitica.com.mx\/index.php\/wp-json\/wp\/v2\/types\/post"}],"author":[{"embeddable":true,"href":"https:\/\/bambapolitica.com.mx\/index.php\/wp-json\/wp\/v2\/users\/4"}],"replies":[{"embeddable":true,"href":"https:\/\/bambapolitica.com.mx\/index.php\/wp-json\/wp\/v2\/comments?post=29814"}],"version-history":[{"count":1,"href":"https:\/\/bambapolitica.com.mx\/index.php\/wp-json\/wp\/v2\/posts\/29814\/revisions"}],"predecessor-version":[{"id":29824,"href":"https:\/\/bambapolitica.com.mx\/index.php\/wp-json\/wp\/v2\/posts\/29814\/revisions\/29824"}],"wp:featuredmedia":[{"embeddable":true,"href":"https:\/\/bambapolitica.com.mx\/index.php\/wp-json\/wp\/v2\/media\/29815"}],"wp:attachment":[{"href":"https:\/\/bambapolitica.com.mx\/index.php\/wp-json\/wp\/v2\/media?parent=29814"}],"wp:term":[{"taxonomy":"category","embeddable":true,"href":"https:\/\/bambapolitica.com.mx\/index.php\/wp-json\/wp\/v2\/categories?post=29814"},{"taxonomy":"post_tag","embeddable":true,"href":"https:\/\/bambapolitica.com.mx\/index.php\/wp-json\/wp\/v2\/tags?post=29814"}],"curies":[{"name":"wp","href":"https:\/\/api.w.org\/{rel}","templated":true}]}}