{"id":29825,"date":"2021-08-15T13:15:16","date_gmt":"2021-08-15T19:15:16","guid":{"rendered":"http:\/\/bambapolitica.com.mx\/?p=29825"},"modified":"2021-08-15T13:15:19","modified_gmt":"2021-08-15T19:15:19","slug":"jorge-f-hernandez-un-grande-de-la-literatura","status":"publish","type":"post","link":"https:\/\/bambapolitica.com.mx\/index.php\/2021\/08\/15\/jorge-f-hernandez-un-grande-de-la-literatura\/","title":{"rendered":"Jorge F Hern\u00e1ndez, un grande de la literatura"},"content":{"rendered":"\n<p>Por <strong>\u00c1ngel Rafael Mart\u00ednez Alarc\u00f3n<\/strong><\/p>\n\n\n\n<p><strong><em>Carmelo que est\u00e1 en el cielo<\/em><\/strong> <strong><em>Se asoma a verte torear<\/em><\/strong><\/p>\n\n\n\n<p><strong><em>Monarca<\/em><\/strong><\/p>\n\n\n\n<p><strong><em>Del trincherazo<\/em><\/strong><\/p>\n\n\n\n<p><strong><em>Torero torerazo<\/em><\/strong><\/p>\n\n\n\n<p><strong><em>Azteca y espa\u00f1ol<\/em><\/strong><\/p>\n\n\n\n<p><strong><em>Agustin Lara<\/em><\/strong><\/p>\n\n\n\n<p class=\"has-medium-font-size\">Un fantasma recorre el pa\u00eds desde el primero de diciembre del 2018. El fantasma de la censura, un s\u00f3lo pensamiento, hostigamiento a la diferencia, una solo voz, que le gustan el culto a la personalidad. Es incre\u00edble que las etapas autoritarias del pasado siglo XX mexicano hoy vuelven, desde el p\u00falpito de las marrulleras, donde se exhiben a los periodistas con profundos valores democr\u00e1ticos, y que hicieron la cr\u00edtica. S\u00f3lo <strong>Manuel Bartlell D\u00edaz<\/strong>, sabr\u00e1 los motivos del asesinato de <strong>Manuel Buend\u00eda Tellezgiron. <\/strong>Dicen que ya no hay servicios de inteligencia, pues hoy es m\u00e1s f\u00e1cil espiarnos por nuestras redes sociales, con un siempre copypage, hoy los funcionarios de los tres niveles de gobierno se nutren de la informaci\u00f3n de los opositores, Facebook, twitter, instagram, YouTube. La menor cr\u00edtica al funcionario de quinta de Morena, puede ser casi tema de estado. El populista discurso <em>no somos iguales<\/em>, en referencia a los gobiernos neoliberales,&nbsp; son peores. Muchos de hechos se hicieron millonarios, y al someterse al falso mes\u00edas, quedan perdonados de todo el da\u00f1o hecho al pa\u00eds; la lista es grande.<\/p>\n\n\n\n<p class=\"has-medium-font-size\">&nbsp;&nbsp;&nbsp;&nbsp;&nbsp;&nbsp;&nbsp;&nbsp;&nbsp;&nbsp;&nbsp;&nbsp;El pasado 7 de agosto, conmemoramos el 48 aniversario del fallecimiento por un accidente dom\u00e9stico de la escritora <strong>Rosario Castellanos,<\/strong>( 25-V-1925-7-VII-1974). Novelista, poeta, cuentista, ensayista; con una importante producci\u00f3n literaria. La Universidad Veracruzana, le public\u00f3 parte de su obra, durante el rectorado de <strong>Gonzalo Aguirre Beltr\u00e1n (<\/strong>1908-1996). Hace 50 a\u00f1os, el 11 de febrero de 1971, el&nbsp; presidente <strong>Luis Echeverr\u00eda \u00c1lvarez, <\/strong>&nbsp;la design\u00f3 como Embajadora de M\u00e9xico en el Gobierno de Israel. El s\u00e1bado 7 de los corrientes, por medio de las redes sociales el ministro de Cultura en la embajada de M\u00e9xico en el reino de Espa\u00f1a,el escritor e historiador Jorge<strong> F Hern\u00e1ndez, <\/strong>anunciaba su cese; sin tardar me comunique hab\u00eda whatsapp con mi amigo, era como en broma. Pues estos \u00faltimos a\u00f1os ha hecho un extraordinario trabajo de promoci\u00f3n cultural en la Embajada, una de las m\u00e1s importantes para los gobiernos de M\u00e9xico desde 1836.<\/p>\n\n\n\n<p class=\"has-medium-font-size\">&nbsp;&nbsp;&nbsp;&nbsp;&nbsp;&nbsp;&nbsp;&nbsp;&nbsp;&nbsp;&nbsp;&nbsp;Y tambi\u00e9n un extra\u00f1o parec\u00eda que en fin de semana la Canciller\u00eda no tardar\u00e1 en enviar un comunicado en t\u00e9rminos tambi\u00e9n muy raro, con muchos conceptos que no correspond\u00eda a la personalidad de <strong>Jorge F. Hern\u00e1ndez;<\/strong> en pocas horas miles de reacciones de amigos y admiradores del editorialista del Pa\u00eds. Por Facebook y twitter, se dio la batalla de solidaridad ante la injusticia.<\/p>\n\n\n\n<p class=\"has-medium-font-size\">&nbsp;&nbsp;&nbsp;&nbsp;&nbsp;&nbsp;&nbsp;&nbsp;&nbsp;&nbsp;&nbsp;&nbsp;Con <strong>Jorge F Hern\u00e1ndez,<\/strong> mundialmente conocido, tuvimos el privilegio de conocernos y ser alumnos de los cursos en el Doctorado en el departamento de Historia de Am\u00e9rica I de la facultad de Geograf\u00eda y Historia de la Universidad Complutense de Madrid, tambi\u00e9n con el doctor <strong>Arturo Burciaga Campos<\/strong> de la Universidad de Zacatecas. El departamento donde daban clases destacados americanistas, <strong>Manuel Ballesteros Gaibrois<\/strong>, conde de Beretta,(1911-2002), <strong>Pedro P\u00e9rez Herrero, <\/strong>por citar algunos de nuestro maestro. <strong>Jorge,&nbsp; <\/strong>era un consagrado torero, amigo del propio <strong>Silverio P\u00e9rez. <\/strong>&nbsp;Ya con obra p\u00fablicada en varias casas editoriales como en Fondo de Cultura Econ\u00f3mica, am\u00e9n que por su sangre corre el servicio exterior mexicanos, su padre hab\u00eda sido miembro de la diplomacia mexicana. Escuchar a mi compa\u00f1ero de estudio, cada una de sus participaciones eran unas aut\u00e9nticas c\u00e1tedras de cultura mexicana, con un exquisito lenguaje. Confirm\u00e1ndose&nbsp; mi procedencia provinciana del golfo de M\u00e9xico. Hoy evoc\u00f3 miles de recuerdos como las charlas en el sagrado recinto de un bar \u201c<em>Esperando un amigo\u201d <\/em>por la zona de la Moncloa. Sin olvidar los encuentros con su amigo del alma <strong>Carlos Fuentes <\/strong>(1928-2012).<\/p>\n\n\n\n<p class=\"has-medium-font-size\">&nbsp;&nbsp;&nbsp;&nbsp;&nbsp;&nbsp;&nbsp;&nbsp;&nbsp;&nbsp;&nbsp;&nbsp;Uno de los momentos que llevo en coraz\u00f3n, caminado por las calles de la universidad Complutense de Madrid, salir con \u00e9l, y encontrar un tel\u00e9fono p\u00fablico para llamar a M\u00e9xico, y darle el seguimiento a su \u00faltimo libro, segundo lugar en el premio novela de la editorial Alfaguara, era mayo de 1999; cuando una en una de esas llamadas, el confirman que ya hab\u00eda salido la novela;<em> La emperatriz de Lavapi\u00e9s,<\/em> como veracruzano admirador de <strong>Agust\u00edn Lara <\/strong>(1900-1993), con dicho t\u00edtulo, mi imaginaci\u00f3n vol\u00f3. Meses m\u00e1s tarde recib\u00ed mi ejemplar. As\u00ed que hemos iniciado a leer la obra de <strong>Jorge F. Hern\u00e1ndez. <\/strong>&nbsp;Y por m\u00e1s de 10 a\u00f1os recibo puntualmente su columna semanal publicada en Milenio y el Pa\u00eds; siempre muy agudo en cada uno de sus comentarios.&nbsp;<\/p>\n\n\n\n<p class=\"has-medium-font-size\">Su designaci\u00f3n como ministro de cultura en la Embajada de M\u00e9xico en Espa\u00f1a, es sin duda un alto reconocimiento a una trayectoria. En dicha embajada otros de letras como <strong>Alfonso Reyes, Amado Nervo, <\/strong>y<strong> Jorge F. Hern\u00e1ndez<\/strong>, han dado brillo a la cultura de M\u00e9xico en el exterior.<\/p>\n\n\n\n<p class=\"has-medium-font-size\">Es muy lamentable que compa\u00f1ero <strong>Marx Arriaga,<\/strong> acad\u00e9mico y &nbsp;doctor&nbsp; por la Universidad Complutense de Madrid, amigo personal de la esposa del falso profeta; fue designado como director de la red nacional de bibliotecas p\u00fablicas del gobierno federal y luego director de materiales educativos de la SEP. Quien se convirti\u00f3 en un defensor del Comit\u00e9 de defensa revolucionaria de la 4T, miembro del Comit\u00e9 Central de la pr\u00f3xima revoluci\u00f3n cultural, seg\u00fan los lineamientos del foro de san pablo. Que no aceptan la menor cr\u00edtica, a sus discursos incendiarios. Un funcionario de quinta tiene el poder de destituir al ministro de cultura acreditado ante el reino de Espa\u00f1a. Ser\u00e1n aires dictatoriales en los pr\u00f3ximos a\u00f1os. Gracias a las&nbsp; redes sociales hemos salido en defensa al trabajo intelectual de <strong>&nbsp;Jorge Fabricio Hern\u00e1ndez L\u00f3pez.<\/strong><\/p>\n\n\n\n<p class=\"has-medium-font-size\">Este el p\u00e1rrafo que&nbsp; molesto al alumno de <strong>Stalin<\/strong>: <em>Por supuesto que se puede leer bajo la muy ideologizada militancia del errado o confundido bibliotecario improvisado que acaba de clamar algo en torno al consumismo capitalista como af\u00e1n opuesto a quienes creen que leyendo reviven Playa Gir\u00f3n o las heridas de Camboya, cuando en realidad su tufillo m\u00e1s bien apesta a Pol Pot (que no es precisamente un guiso ingl\u00e9s), ese demente que pint\u00f3 en letras rojas la condena fan\u00e1tica contra todo aqu\u00e9l que llevara lentes, gafas o quevedos de diversa dioptr\u00eda \u201cpues revelan que se trata de un lector<\/em>\u201d https:\/\/www.milenio.com\/opinion\/jorge-hernandez\/agua-de-azar\/por-placer&nbsp;<\/p>\n\n\n\n<p class=\"has-medium-font-size\"><strong>Jorge F. Hern\u00e1ndez,<\/strong> gracias por todo t\u00fa apoyo de siempre, saludo a tus hijos.<\/p>\n","protected":false},"excerpt":{"rendered":"<p>Por \u00c1ngel Rafael Mart\u00ednez Alarc\u00f3n Carmelo que est\u00e1 en el cielo Se asoma a verte&#8230;<\/p>\n","protected":false},"author":4,"featured_media":29826,"comment_status":"closed","ping_status":"closed","sticky":false,"template":"","format":"standard","meta":{"footnotes":""},"categories":[4],"tags":[],"class_list":["post-29825","post","type-post","status-publish","format-standard","has-post-thumbnail","hentry","category-noticias-del-dia"],"_links":{"self":[{"href":"https:\/\/bambapolitica.com.mx\/index.php\/wp-json\/wp\/v2\/posts\/29825","targetHints":{"allow":["GET"]}}],"collection":[{"href":"https:\/\/bambapolitica.com.mx\/index.php\/wp-json\/wp\/v2\/posts"}],"about":[{"href":"https:\/\/bambapolitica.com.mx\/index.php\/wp-json\/wp\/v2\/types\/post"}],"author":[{"embeddable":true,"href":"https:\/\/bambapolitica.com.mx\/index.php\/wp-json\/wp\/v2\/users\/4"}],"replies":[{"embeddable":true,"href":"https:\/\/bambapolitica.com.mx\/index.php\/wp-json\/wp\/v2\/comments?post=29825"}],"version-history":[{"count":1,"href":"https:\/\/bambapolitica.com.mx\/index.php\/wp-json\/wp\/v2\/posts\/29825\/revisions"}],"predecessor-version":[{"id":29827,"href":"https:\/\/bambapolitica.com.mx\/index.php\/wp-json\/wp\/v2\/posts\/29825\/revisions\/29827"}],"wp:featuredmedia":[{"embeddable":true,"href":"https:\/\/bambapolitica.com.mx\/index.php\/wp-json\/wp\/v2\/media\/29826"}],"wp:attachment":[{"href":"https:\/\/bambapolitica.com.mx\/index.php\/wp-json\/wp\/v2\/media?parent=29825"}],"wp:term":[{"taxonomy":"category","embeddable":true,"href":"https:\/\/bambapolitica.com.mx\/index.php\/wp-json\/wp\/v2\/categories?post=29825"},{"taxonomy":"post_tag","embeddable":true,"href":"https:\/\/bambapolitica.com.mx\/index.php\/wp-json\/wp\/v2\/tags?post=29825"}],"curies":[{"name":"wp","href":"https:\/\/api.w.org\/{rel}","templated":true}]}}