{"id":29828,"date":"2021-08-15T13:17:52","date_gmt":"2021-08-15T19:17:52","guid":{"rendered":"http:\/\/bambapolitica.com.mx\/?p=29828"},"modified":"2021-08-15T13:17:53","modified_gmt":"2021-08-15T19:17:53","slug":"capacitan-sobre-salud-mental-post-covid-a-personal-de-ixtapaluca","status":"publish","type":"post","link":"https:\/\/bambapolitica.com.mx\/index.php\/2021\/08\/15\/capacitan-sobre-salud-mental-post-covid-a-personal-de-ixtapaluca\/","title":{"rendered":"Capacitan sobre salud mental post-COVID a personal de Ixtapaluca"},"content":{"rendered":"\n<p class=\"has-medium-font-size\">Ixtapaluca capacita al personal administrativo y operativo en temas relacionados al SARS-CoV-2, a fin de mantener una salud \u00f3ptima no solo f\u00edsica sino mental que les permita dar una atenci\u00f3n de calidad a la poblaci\u00f3n, ello a trav\u00e9s de la subdirecci\u00f3n de Recursos Humanos, en coordinaci\u00f3n con la cl\u00ednica 70 del IMSS.<\/p>\n\n\n\n<figure class=\"wp-block-gallery aligncenter columns-2 is-cropped wp-block-gallery-1 is-layout-flex wp-block-gallery-is-layout-flex\"><ul class=\"blocks-gallery-grid\"><li class=\"blocks-gallery-item\"><figure><img loading=\"lazy\" decoding=\"async\" width=\"1024\" height=\"682\" src=\"https:\/\/bambapolitica.com.mx\/wp-content\/uploads\/2021\/08\/\u201cSalud-mental-POST-COVID\u201d-2-2-1024x682.jpg\" alt=\"\" data-id=\"29831\" data-full-url=\"https:\/\/bambapolitica.com.mx\/wp-content\/uploads\/2021\/08\/\u201cSalud-mental-POST-COVID\u201d-2-2.jpg\" data-link=\"https:\/\/bambapolitica.com.mx\/?attachment_id=29831\" class=\"wp-image-29831\" srcset=\"https:\/\/bambapolitica.com.mx\/wp-content\/uploads\/2021\/08\/\u201cSalud-mental-POST-COVID\u201d-2-2-1024x682.jpg 1024w, https:\/\/bambapolitica.com.mx\/wp-content\/uploads\/2021\/08\/\u201cSalud-mental-POST-COVID\u201d-2-2-300x200.jpg 300w, https:\/\/bambapolitica.com.mx\/wp-content\/uploads\/2021\/08\/\u201cSalud-mental-POST-COVID\u201d-2-2-768x512.jpg 768w, https:\/\/bambapolitica.com.mx\/wp-content\/uploads\/2021\/08\/\u201cSalud-mental-POST-COVID\u201d-2-2-219x146.jpg 219w, https:\/\/bambapolitica.com.mx\/wp-content\/uploads\/2021\/08\/\u201cSalud-mental-POST-COVID\u201d-2-2-50x33.jpg 50w, https:\/\/bambapolitica.com.mx\/wp-content\/uploads\/2021\/08\/\u201cSalud-mental-POST-COVID\u201d-2-2-113x75.jpg 113w, https:\/\/bambapolitica.com.mx\/wp-content\/uploads\/2021\/08\/\u201cSalud-mental-POST-COVID\u201d-2-2.jpg 1280w\" sizes=\"auto, (max-width: 1024px) 100vw, 1024px\" \/><\/figure><\/li><li class=\"blocks-gallery-item\"><figure><img loading=\"lazy\" decoding=\"async\" width=\"1024\" height=\"682\" src=\"https:\/\/bambapolitica.com.mx\/wp-content\/uploads\/2021\/08\/\u201cSalud-mental-POST-COVID\u201d-3-1-1024x682.jpg\" alt=\"\" data-id=\"29833\" data-full-url=\"https:\/\/bambapolitica.com.mx\/wp-content\/uploads\/2021\/08\/\u201cSalud-mental-POST-COVID\u201d-3-1.jpg\" data-link=\"https:\/\/bambapolitica.com.mx\/?attachment_id=29833\" class=\"wp-image-29833\" srcset=\"https:\/\/bambapolitica.com.mx\/wp-content\/uploads\/2021\/08\/\u201cSalud-mental-POST-COVID\u201d-3-1-1024x682.jpg 1024w, https:\/\/bambapolitica.com.mx\/wp-content\/uploads\/2021\/08\/\u201cSalud-mental-POST-COVID\u201d-3-1-300x200.jpg 300w, https:\/\/bambapolitica.com.mx\/wp-content\/uploads\/2021\/08\/\u201cSalud-mental-POST-COVID\u201d-3-1-768x512.jpg 768w, https:\/\/bambapolitica.com.mx\/wp-content\/uploads\/2021\/08\/\u201cSalud-mental-POST-COVID\u201d-3-1-219x146.jpg 219w, https:\/\/bambapolitica.com.mx\/wp-content\/uploads\/2021\/08\/\u201cSalud-mental-POST-COVID\u201d-3-1-50x33.jpg 50w, https:\/\/bambapolitica.com.mx\/wp-content\/uploads\/2021\/08\/\u201cSalud-mental-POST-COVID\u201d-3-1-113x75.jpg 113w, https:\/\/bambapolitica.com.mx\/wp-content\/uploads\/2021\/08\/\u201cSalud-mental-POST-COVID\u201d-3-1.jpg 1280w\" sizes=\"auto, (max-width: 1024px) 100vw, 1024px\" \/><\/figure><\/li><li class=\"blocks-gallery-item\"><figure><img loading=\"lazy\" decoding=\"async\" width=\"1024\" height=\"682\" src=\"https:\/\/bambapolitica.com.mx\/wp-content\/uploads\/2021\/08\/\u201cSalud-mental-POST-COVID\u201d-4-1-1024x682.jpg\" alt=\"\" data-id=\"29835\" data-full-url=\"https:\/\/bambapolitica.com.mx\/wp-content\/uploads\/2021\/08\/\u201cSalud-mental-POST-COVID\u201d-4-1.jpg\" data-link=\"https:\/\/bambapolitica.com.mx\/?attachment_id=29835\" class=\"wp-image-29835\" srcset=\"https:\/\/bambapolitica.com.mx\/wp-content\/uploads\/2021\/08\/\u201cSalud-mental-POST-COVID\u201d-4-1-1024x682.jpg 1024w, https:\/\/bambapolitica.com.mx\/wp-content\/uploads\/2021\/08\/\u201cSalud-mental-POST-COVID\u201d-4-1-300x200.jpg 300w, https:\/\/bambapolitica.com.mx\/wp-content\/uploads\/2021\/08\/\u201cSalud-mental-POST-COVID\u201d-4-1-768x512.jpg 768w, https:\/\/bambapolitica.com.mx\/wp-content\/uploads\/2021\/08\/\u201cSalud-mental-POST-COVID\u201d-4-1-219x146.jpg 219w, https:\/\/bambapolitica.com.mx\/wp-content\/uploads\/2021\/08\/\u201cSalud-mental-POST-COVID\u201d-4-1-50x33.jpg 50w, https:\/\/bambapolitica.com.mx\/wp-content\/uploads\/2021\/08\/\u201cSalud-mental-POST-COVID\u201d-4-1-113x75.jpg 113w, https:\/\/bambapolitica.com.mx\/wp-content\/uploads\/2021\/08\/\u201cSalud-mental-POST-COVID\u201d-4-1.jpg 1280w\" sizes=\"auto, (max-width: 1024px) 100vw, 1024px\" \/><\/figure><\/li><li class=\"blocks-gallery-item\"><figure><img loading=\"lazy\" decoding=\"async\" width=\"1024\" height=\"682\" src=\"https:\/\/bambapolitica.com.mx\/wp-content\/uploads\/2021\/08\/\u201cSalud-mental-POST-COVID\u201d-5-1-1024x682.jpg\" alt=\"\" data-id=\"29837\" data-full-url=\"https:\/\/bambapolitica.com.mx\/wp-content\/uploads\/2021\/08\/\u201cSalud-mental-POST-COVID\u201d-5-1.jpg\" data-link=\"https:\/\/bambapolitica.com.mx\/?attachment_id=29837\" class=\"wp-image-29837\" srcset=\"https:\/\/bambapolitica.com.mx\/wp-content\/uploads\/2021\/08\/\u201cSalud-mental-POST-COVID\u201d-5-1-1024x682.jpg 1024w, https:\/\/bambapolitica.com.mx\/wp-content\/uploads\/2021\/08\/\u201cSalud-mental-POST-COVID\u201d-5-1-300x200.jpg 300w, https:\/\/bambapolitica.com.mx\/wp-content\/uploads\/2021\/08\/\u201cSalud-mental-POST-COVID\u201d-5-1-768x512.jpg 768w, https:\/\/bambapolitica.com.mx\/wp-content\/uploads\/2021\/08\/\u201cSalud-mental-POST-COVID\u201d-5-1-219x146.jpg 219w, https:\/\/bambapolitica.com.mx\/wp-content\/uploads\/2021\/08\/\u201cSalud-mental-POST-COVID\u201d-5-1-50x33.jpg 50w, https:\/\/bambapolitica.com.mx\/wp-content\/uploads\/2021\/08\/\u201cSalud-mental-POST-COVID\u201d-5-1-113x75.jpg 113w, https:\/\/bambapolitica.com.mx\/wp-content\/uploads\/2021\/08\/\u201cSalud-mental-POST-COVID\u201d-5-1.jpg 1280w\" sizes=\"auto, (max-width: 1024px) 100vw, 1024px\" \/><\/figure><\/li><li class=\"blocks-gallery-item\"><figure><img loading=\"lazy\" decoding=\"async\" width=\"1024\" height=\"682\" src=\"https:\/\/bambapolitica.com.mx\/wp-content\/uploads\/2021\/08\/\u201cSalud-mental-POST-COVID\u201d-1-1024x682.jpg\" alt=\"\" data-id=\"29839\" data-full-url=\"https:\/\/bambapolitica.com.mx\/wp-content\/uploads\/2021\/08\/\u201cSalud-mental-POST-COVID\u201d-1.jpg\" data-link=\"https:\/\/bambapolitica.com.mx\/?attachment_id=29839\" class=\"wp-image-29839\" srcset=\"https:\/\/bambapolitica.com.mx\/wp-content\/uploads\/2021\/08\/\u201cSalud-mental-POST-COVID\u201d-1-1024x682.jpg 1024w, https:\/\/bambapolitica.com.mx\/wp-content\/uploads\/2021\/08\/\u201cSalud-mental-POST-COVID\u201d-1-300x200.jpg 300w, https:\/\/bambapolitica.com.mx\/wp-content\/uploads\/2021\/08\/\u201cSalud-mental-POST-COVID\u201d-1-768x512.jpg 768w, https:\/\/bambapolitica.com.mx\/wp-content\/uploads\/2021\/08\/\u201cSalud-mental-POST-COVID\u201d-1-219x146.jpg 219w, https:\/\/bambapolitica.com.mx\/wp-content\/uploads\/2021\/08\/\u201cSalud-mental-POST-COVID\u201d-1-50x33.jpg 50w, https:\/\/bambapolitica.com.mx\/wp-content\/uploads\/2021\/08\/\u201cSalud-mental-POST-COVID\u201d-1-113x75.jpg 113w, https:\/\/bambapolitica.com.mx\/wp-content\/uploads\/2021\/08\/\u201cSalud-mental-POST-COVID\u201d-1.jpg 1280w\" sizes=\"auto, (max-width: 1024px) 100vw, 1024px\" \/><\/figure><\/li><\/ul><\/figure>\n\n\n\n<p class=\"has-medium-font-size\">Con el tema \u201cSalud Mental POST-COVID\u201d alrededor de 150 trabajadores de diversas \u00e1reas del Ayuntamiento participaron en la conferencia \u201cSecuelas del COVID\u201d, presentada por la psic\u00f3loga, Ana Karla Rojas Mendoza. El resto del personal ser\u00e1 capacitado de forma virtual.<\/p>\n\n\n\n<p class=\"has-medium-font-size\">Durante la presentaci\u00f3n y bienvenida a la ponencia, el subdirector de Recursos Humanos, Ram\u00f3n Luna Rojas, reconoci\u00f3 la labor de las y los trabajadores en sus distintas \u00e1reas de atenci\u00f3n en la crisis sanitaria y su inter\u00e9s por capacitarse.<\/p>\n\n\n\n<p class=\"has-medium-font-size\">En representaci\u00f3n de la alcaldesa Maricela Serrano, el secretario del Ayuntamiento, Armando Ram\u00edrez, coment\u00f3 la importancia de que servidores p\u00fablicos se mantengan informados en temas relacionados a la pandemia, ya que a\u00fan es latente el riesgo de contagio.<\/p>\n\n\n\n<p class=\"has-medium-font-size\">Por ello los exhort\u00f3 a no bajar la guardia dentro y fuera de las instalaciones del Ayuntamiento, siguiendo con las medidas de higiene para evitar contagiarse y contagiar a su familia, y proteger a los usuarios que solicitan servicios en las \u00e1reas de gobierno.<\/p>\n\n\n\n<p class=\"has-medium-font-size\">En la ponencia \u201cSalud mental Post-COVID\u201d, Ana Karla Rojas Mendoza explic\u00f3 que la ansiedad, depresi\u00f3n y tristeza son las afecciones m\u00e1s comunes en las personas, tras el inicio de esta pandemia.<\/p>\n\n\n\n<p class=\"has-medium-font-size\">Lo anterior, detall\u00f3, ya sea por el aislamiento, contagiarse, perder un ser querido o el impacto que ha tenido la pandemia en distintos \u00e1mbitos de la vida social y econ\u00f3mica a lo largo de este a\u00f1o y medio.<\/p>\n\n\n\n<p class=\"has-medium-font-size\">Para hacer frente a este tipo de secuelas, invit\u00f3 a las y los asistentes a realizar actividades dentro de casa, con su familia e hijos y ellos solos, adem\u00e1s de tener presente que existen instancias en las que pueden recibir atenci\u00f3n psicol\u00f3gica que los ayude a superar los duelos y p\u00e9rdidas.<\/p>\n","protected":false},"excerpt":{"rendered":"<p>Ixtapaluca capacita al personal administrativo y operativo en temas relacionados al SARS-CoV-2, a fin de&#8230;<\/p>\n","protected":false},"author":4,"featured_media":29829,"comment_status":"closed","ping_status":"closed","sticky":false,"template":"","format":"standard","meta":{"footnotes":""},"categories":[4],"tags":[],"class_list":["post-29828","post","type-post","status-publish","format-standard","has-post-thumbnail","hentry","category-noticias-del-dia"],"_links":{"self":[{"href":"https:\/\/bambapolitica.com.mx\/index.php\/wp-json\/wp\/v2\/posts\/29828","targetHints":{"allow":["GET"]}}],"collection":[{"href":"https:\/\/bambapolitica.com.mx\/index.php\/wp-json\/wp\/v2\/posts"}],"about":[{"href":"https:\/\/bambapolitica.com.mx\/index.php\/wp-json\/wp\/v2\/types\/post"}],"author":[{"embeddable":true,"href":"https:\/\/bambapolitica.com.mx\/index.php\/wp-json\/wp\/v2\/users\/4"}],"replies":[{"embeddable":true,"href":"https:\/\/bambapolitica.com.mx\/index.php\/wp-json\/wp\/v2\/comments?post=29828"}],"version-history":[{"count":1,"href":"https:\/\/bambapolitica.com.mx\/index.php\/wp-json\/wp\/v2\/posts\/29828\/revisions"}],"predecessor-version":[{"id":29840,"href":"https:\/\/bambapolitica.com.mx\/index.php\/wp-json\/wp\/v2\/posts\/29828\/revisions\/29840"}],"wp:featuredmedia":[{"embeddable":true,"href":"https:\/\/bambapolitica.com.mx\/index.php\/wp-json\/wp\/v2\/media\/29829"}],"wp:attachment":[{"href":"https:\/\/bambapolitica.com.mx\/index.php\/wp-json\/wp\/v2\/media?parent=29828"}],"wp:term":[{"taxonomy":"category","embeddable":true,"href":"https:\/\/bambapolitica.com.mx\/index.php\/wp-json\/wp\/v2\/categories?post=29828"},{"taxonomy":"post_tag","embeddable":true,"href":"https:\/\/bambapolitica.com.mx\/index.php\/wp-json\/wp\/v2\/tags?post=29828"}],"curies":[{"name":"wp","href":"https:\/\/api.w.org\/{rel}","templated":true}]}}