{"id":29841,"date":"2021-08-15T13:21:39","date_gmt":"2021-08-15T19:21:39","guid":{"rendered":"http:\/\/bambapolitica.com.mx\/?p=29841"},"modified":"2021-08-15T13:21:41","modified_gmt":"2021-08-15T19:21:41","slug":"escuelas-para-hijos-muy-padres","status":"publish","type":"post","link":"https:\/\/bambapolitica.com.mx\/index.php\/2021\/08\/15\/escuelas-para-hijos-muy-padres\/","title":{"rendered":"ESCUELAS PARA HIJOS \u2026 \u00a1MUY PADRES!"},"content":{"rendered":"\n<h2 class=\"wp-block-heading\">&nbsp;<\/h2>\n\n\n\n<p class=\"has-medium-font-size\"><strong>RAZ\u00d3N, TES\u00d3N Y CORAZ\u00d3N<\/strong><strong><\/strong><\/p>\n\n\n\n<p class=\"has-medium-font-size\"><strong>Por Alejandro Ru\u00edz Robles<\/strong><\/p>\n\n\n\n<p class=\"has-medium-font-size\"><strong>&#8220;CON SOLO EXISTIR, ENSE\u00d1ASTE A TUS PADRES A AMAR.&#8221;<\/strong><\/p>\n\n\n\n<p class=\"has-medium-font-size\"><a>Cuando nacemos, creemos como hijos merecer el mundo y que nuestros padres siempre estar\u00e1n para dotarnos de todo; conforme vamos creciendo, nos mesuramos en nuestras peticiones y atendiendo a la madurez que tengamos, seremos prudentes y conscientes o todo seguir\u00e1 siendo igual.<\/a><\/p>\n\n\n\n<p class=\"has-medium-font-size\">Es muy pr\u00e1ctico considerar que todo lo recibiremos por nuestra sola existencia y pretender centrar nuestra vida en caprichos y no razones.<\/p>\n\n\n\n<p class=\"has-medium-font-size\">De las ense\u00f1anzas, valores y principios que vayamos adquiriendo, entendemos y tomamos lo que consideramos adecuado para formar nuestros criterios; logrando con ello, tener la justa dimensi\u00f3n de nuestro rol en la familia.<\/p>\n\n\n\n<p class=\"has-medium-font-size\"><strong><em>Si bien es cierto que en la ni\u00f1ez nuestra inocencia pueda llevarnos a creer que nos deben dar todo, es nuestra madurez la que nos separa de los monstruos en que podemos convertirnos.<\/em><\/strong><\/p>\n\n\n\n<p class=\"has-medium-font-size\"><strong>&#8220;ERES LA HISTORIA M\u00c1S BONITA QUE EL DESTINO ESCRIBI\u00d3 EN MI VIDA.&#8221;<\/strong><\/p>\n\n\n\n<p class=\"has-medium-font-size\"><a>No es ni ser\u00e1 la intenci\u00f3n culpar o responsabilizar a los padres por tratar de darles lo mejor a sus hijos; por el contrario, siempre ser\u00e1 motivo de reconocimiento.<\/a><\/p>\n\n\n\n<p class=\"has-medium-font-size\">Pensemos que los libros, las asesor\u00edas, las instituciones y en general, los gu\u00edas profesionales y las amistades, por muy buenas intenciones que tengan, s\u00f3lo podr\u00e1n dar elementos para que las personas que pretenden ser padres o ya los son, tomen las mejores decisiones para educar a sus hijos.<\/p>\n\n\n\n<p class=\"has-medium-font-size\">Desde luego, eso ser\u00e1 en los mejores casos, pero tambi\u00e9n pensemos que la mayor\u00eda son emp\u00edricos y aplican lo que han aprendido o visto en su vida o bien, lo que el sentido com\u00fan les indica \u2013 atendiendo a que a veces, sea el menos com\u00fan de los sentidos -.<\/p>\n\n\n\n<p class=\"has-medium-font-size\">De tal manera, que partimos de la buena fe para se\u00f1alar que los padres siempre querr\u00e1n lo mejor para sus hijos, pero c\u00f3mo hijos \u2026 <strong><em>\u00bfsiempre queremos lo mejor para nuestros padres?<\/em><\/strong><\/p>\n\n\n\n<p class=\"has-medium-font-size\"><strong>\u201cNUNCA HAB\u00cdA TENIDO LAS MANOS M\u00c1S OCUPADAS NI EL CORAZ\u00d3N TAN LLENO DE AMOR.&#8221;<\/strong><\/p>\n\n\n\n<p class=\"has-medium-font-size\">Quienes han tenido la bendici\u00f3n de ser padres y asumir ese rol o bien, se han comprometido con este por las circunstancias, saben que por m\u00e1s preparados que hayan estado, la vida les sorprende de tal manera que los lleva a improvisar \u2013 en mayor o menor medida \u2013 y a tomar decisiones inesperadas, h\u00e1bitos inimaginables y responsabilidades inmensurables.<\/p>\n\n\n\n<p class=\"has-medium-font-size\">La vida individual se transforma y el mundo se ampl\u00eda.<\/p>\n\n\n\n<p class=\"has-medium-font-size\">Dif\u00edcilmente la suma de dos individuos volver\u00e1 a ser aritm\u00e9tica pura; ya que el resultado siempre ser\u00e1 exponencial, en cuanto a participantes en cada vida y emociones que se experimenten.<\/p>\n\n\n\n<p class=\"has-medium-font-size\">La raz\u00f3n y el coraz\u00f3n de nuestros padres cambian de prioridad con s\u00f3lo vernos llegar a sus vidas \u2026 <strong><em>\u00a1y a pesar de ello, con el tiempo nos sentimos con el poder de juzgarlos!<\/em><\/strong><\/p>\n\n\n\n<p class=\"has-medium-font-size\"><strong>&#8220;TODO EL VAC\u00cdO DE MI VIDA LO LLENAN TUS SONRISAS&#8221;<\/strong><\/p>\n\n\n\n<p class=\"has-medium-font-size\"><a>Si para cualquier persona ser padre es un reto cuyos resultados los conocemos parcialmente porque como hijos somos parte de ellos \u2026 <strong><em>\u00bfcu\u00e1l es la raz\u00f3n para que c\u00f3mo hijos todo lo veamos parcial?<\/em><\/strong><\/a><\/p>\n\n\n\n<p class=\"has-medium-font-size\">Es cierto, somos hijos y primero tendremos el matiz para ver las cosas desde nuestra perspectiva y quiz\u00e1s, en el mejor de los casos, luego lo veamos desde otra.<\/p>\n\n\n\n<p class=\"has-medium-font-size\">Si a\u00fan antes de nacer y de hecho con s\u00f3lo pensar en la posibilidad de llegar a sus vidas les provocamos sonrisas \u2026 <strong><em>\u00bfpor qu\u00e9 analizar sus actos desde sus errores?<\/em><\/strong><\/p>\n\n\n\n<p class=\"has-medium-font-size\"><strong><em>Por m\u00e1s inhumanos que pretendamos ver a nuestros padres por ciertas acciones \u2026 lo cierto es que son tan humanos como nosotros y debi\u00e9ramos considerar ello al pretender cuestionarlos.<\/em><\/strong><\/p>\n\n\n\n<p class=\"has-medium-font-size\"><strong>&#8220;ERES LA RAZ\u00d3N POR LA CUAL ME HICE M\u00c1S FUERTE&#8230; PERO SIGUES SIENDO MI DEBILIDAD.&#8221;<\/strong><\/p>\n\n\n\n<p class=\"has-medium-font-size\">Ante el mundo podr\u00e1n ser indestructibles, ante sus hijos podr\u00e1n ser los m\u00e1s grandes superh\u00e9roes, pero ante el espejo siempre ser\u00e1n personas con virtudes y defectos que, a pesar de ello, tratan de mantenernos desde nuestra ni\u00f1ez con las m\u00e1ximas expectativas y con el tiempo, a vivir de la mejor manera con nuestras realidades.<\/p>\n\n\n\n<p class=\"has-medium-font-size\">Si bien no fue nuestra decisi\u00f3n como hijos venir al mundo si fue su deseo hacerlo para darnos lo mejor de ellos.<\/p>\n\n\n\n<p class=\"has-medium-font-size\">Conforme crezcamos tanto ellos como nosotros sabremos lo que lograron, pero ser\u00e1 sin duda una responsabilidad compartida.<\/p>\n\n\n\n<p class=\"has-medium-font-size\">Los adultos que somos ahora no podremos en forma alguna convertirnos en ellos ni mucho menos entender las razones que enfrentaron; lo que si est\u00e1 en nuestra mano es agradecer la oportunidad de estar aqu\u00ed y ser quienes somos a pesar de ellos, de nosotros y de todas las circunstancias que nos rodean.<\/p>\n\n\n\n<p class=\"has-medium-font-size\">Sin duda las palabras como las acciones de gratitud a nuestros padres podr\u00e1n regresarlos al pedestal de importancia y trascendencia que en nuestra vida inicial tuvieron. Lastimosamente, acciones contrarias o distintas podr\u00e1 llevarlos a un estado vulnerable y un dolor inmenso \u2026 <strong><em>\u00bfvaldr\u00e1 la pena lastimar de manera consciente a quienes dieron todo de s\u00ed por darnos la oportunidad de vivir?<\/em><\/strong><\/p>\n\n\n\n<p class=\"has-medium-font-size\"><strong>&#8220;NO IMPORTA LO QUE DIGAS, NO IMPORTA LO QUE HAGAS, NO IMPORTA DONDE EST\u00c9S. YO SIEMPRE TE VOY A AMAR.&#8221;<\/strong><\/p>\n\n\n\n<p class=\"has-medium-font-size\">Como lo hemos referido, por m\u00e1s fuertes, geniales y divinos que sean nuestros padres, nuestros hechos y dichos los pueden llegar a lastimar m\u00e1s all\u00e1 de lo imaginado \u2026 <strong><em>\u00bfestamos conscientes de ello?<\/em><\/strong><\/p>\n\n\n\n<p class=\"has-medium-font-size\">En condiciones normales, no hay m\u00e1s orgullo para ellos que vernos crecer como humanos y profesionales; m\u00e1xime, si atienden a todas las vicisitudes que ellos enfrentaron \u2026 <strong><em>\u00bfc\u00f3mo hijos estamos conscientes de que a cada paso tenemos la oportunidad de honrarlos?<\/em><\/strong><\/p>\n\n\n\n<p class=\"has-medium-font-size\">La vida es \u00fanica y desde luego que no es f\u00e1cil para nadie ni estamos preparados para todas las circunstancias que se nos presentan; lo que si sabemos es que nosotros tenemos la forma de hacerla m\u00e1s dif\u00edcil e incluso podemos ahogarnos en ella. <strong><em>\u00bfNo conviene m\u00e1s que para nuestro d\u00eda a d\u00eda sumemos a nuestros padres como aliados y mentores?<\/em><\/strong><\/p>\n\n\n\n<p class=\"has-medium-font-size\">Es decir, si tenemos a esas personas que nos han dado m\u00e1s de s\u00ed que cualquiera, porque no participarles de nuestro d\u00eda a d\u00eda; entendiendo que no es para responsabilizarnos de nuestra cotidianeidad sino para compartirles nuestros sue\u00f1os, realidades y triunfos.<\/p>\n\n\n\n<p class=\"has-medium-font-size\"><strong><em>\u00bfQu\u00e9 nos hace tan perfectos a los hijos para criticar la vida de nuestros imperfectos padres?<\/em><\/strong><\/p>\n\n\n\n<p class=\"has-medium-font-size\"><strong>&#8220;CUANDO EL LIBRO DE MI VIDA SE CIERRE, MIS HIJOS SER\u00c1N EL CAP\u00cdTULO M\u00c1S BONITO.&#8221;<\/strong><\/p>\n\n\n\n<p class=\"has-medium-font-size\">En fin, son muchas ideas en este texto y no es una pretensi\u00f3n en forma alguna pensar que las diferencias entre padres e hijos cambiar\u00e1n por arte de magia.<\/p>\n\n\n\n<p class=\"has-medium-font-size\">\u00danicamente es importante destacar que si bien, nuestros padres pueden hacer los mayores esfuerzos para darnos sus valores y principios y compartirnos sus experiencias y ejemplo, ellos nunca ser\u00e1n perfectos.<\/p>\n\n\n\n<p class=\"has-medium-font-size\">Ser padre no es algo que se aprenda en una escuela o las habilidades necesarias para ello se adquieran en un supermercado \u2026 <strong><em>\u00a1es una acci\u00f3n constante que se nutre del amor que por nosotros sienten!<\/em><\/strong><\/p>\n\n\n\n<p class=\"has-medium-font-size\">En ese tenor, tampoco ser hijo tiene un manual para ser el id\u00f3neo a los intereses, satisfacciones o necesidades de nuestros padres.<\/p>\n\n\n\n<p class=\"has-medium-font-size\">Lo que s\u00ed es importante destacar es que por ellos estamos aqu\u00ed y nos dieron la oportunidad de ser quienes somos \u2026 <strong><em>\u00a1entendamos que no estamos para juzgarlos ni mucho menos castigarlos!<\/em><\/strong><\/p>\n\n\n\n<p class=\"has-medium-font-size\"><strong><em>\u00a1Entendamos que nuestro papel como hijos es honrar el amor, ense\u00f1anza y esfuerzo de nuestros padres!<\/em><\/strong><strong><\/strong><\/p>\n\n\n\n<p class=\"has-medium-font-size\">Siempre tengamos presente que cuando con un dedo se\u00f1alamos a nuestros padres, tres est\u00e1n dirigidos a nosotros \u2026 <strong><em>si somos corresponsables de lo que los criticamos \u2026 \u00a1es tiempo de transformar nuestros argumentos en soluciones armoniosas y no problemas desgastantes!<\/em><\/strong><\/p>\n\n\n\n<p class=\"has-medium-font-size\">Despu\u00e9s de todo \u2026 <strong><em>\u00bfqu\u00e9 no fueron nuestros padres quienes con su actuar nos ense\u00f1aron: <\/em><\/strong><a><strong><em>&#8220;TU ALEGR\u00cdA ES MI ALEGR\u00cdA, TU CORAZ\u00d3N HACE LATIR EL M\u00cdO.&#8221;?<\/em><\/strong><\/a><\/p>\n\n\n\n<p class=\"has-medium-font-size\"><strong><em>&#8220;\u00bfHAS PENSADO SI TE HAS CONVERTIDO EN EL HIJO QUE DESEARON TUS PADRES? &#8220;<\/em><\/strong><\/p>\n\n\n\n<p class=\"has-medium-font-size\">Facebook: @RuizRoblesCP22<\/p>\n\n\n\n<p class=\"has-medium-font-size\">Twitter: @22Publica<\/p>\n\n\n\n<p class=\"has-medium-font-size\">Linkedin: Corredur\u00eda P\u00fablica 22<\/p>\n\n\n\n<p class=\"has-medium-font-size\"><strong>Posdata: <\/strong>Agradezco a la Faculta de Derecho de la Universidad Nacional Aut\u00f3noma de M\u00e9xico y a la Fundaci\u00f3n Escuela Nacional de Jurisprudencia, A.C., que me hayan invitado a participar en el Foro \u201cElecciones 2021\u201d, en la Ciudad de M\u00e9xico, en el mes de agosto de 2021.<\/p>\n\n\n\n<p class=\"has-medium-font-size\"><strong>Importante: <\/strong><a>S\u00edguenos<\/a> \u201cEN TUS PROPIAS PALABRAS\u201d todos los mi\u00e9rcoles de 16 a 18 horas a trav\u00e9s de www.wowmx.tv o <a href=\"http:\/\/www.astl.tv\">www.astl.tv<\/a> \u2026 \u00a1Te esperamos!<\/p>\n","protected":false},"excerpt":{"rendered":"<p>&nbsp; RAZ\u00d3N, TES\u00d3N Y CORAZ\u00d3N Por Alejandro Ru\u00edz Robles &#8220;CON SOLO EXISTIR, ENSE\u00d1ASTE A TUS&#8230;<\/p>\n","protected":false},"author":4,"featured_media":29842,"comment_status":"closed","ping_status":"closed","sticky":false,"template":"","format":"standard","meta":{"footnotes":""},"categories":[4],"tags":[],"class_list":["post-29841","post","type-post","status-publish","format-standard","has-post-thumbnail","hentry","category-noticias-del-dia"],"_links":{"self":[{"href":"https:\/\/bambapolitica.com.mx\/index.php\/wp-json\/wp\/v2\/posts\/29841","targetHints":{"allow":["GET"]}}],"collection":[{"href":"https:\/\/bambapolitica.com.mx\/index.php\/wp-json\/wp\/v2\/posts"}],"about":[{"href":"https:\/\/bambapolitica.com.mx\/index.php\/wp-json\/wp\/v2\/types\/post"}],"author":[{"embeddable":true,"href":"https:\/\/bambapolitica.com.mx\/index.php\/wp-json\/wp\/v2\/users\/4"}],"replies":[{"embeddable":true,"href":"https:\/\/bambapolitica.com.mx\/index.php\/wp-json\/wp\/v2\/comments?post=29841"}],"version-history":[{"count":1,"href":"https:\/\/bambapolitica.com.mx\/index.php\/wp-json\/wp\/v2\/posts\/29841\/revisions"}],"predecessor-version":[{"id":29843,"href":"https:\/\/bambapolitica.com.mx\/index.php\/wp-json\/wp\/v2\/posts\/29841\/revisions\/29843"}],"wp:featuredmedia":[{"embeddable":true,"href":"https:\/\/bambapolitica.com.mx\/index.php\/wp-json\/wp\/v2\/media\/29842"}],"wp:attachment":[{"href":"https:\/\/bambapolitica.com.mx\/index.php\/wp-json\/wp\/v2\/media?parent=29841"}],"wp:term":[{"taxonomy":"category","embeddable":true,"href":"https:\/\/bambapolitica.com.mx\/index.php\/wp-json\/wp\/v2\/categories?post=29841"},{"taxonomy":"post_tag","embeddable":true,"href":"https:\/\/bambapolitica.com.mx\/index.php\/wp-json\/wp\/v2\/tags?post=29841"}],"curies":[{"name":"wp","href":"https:\/\/api.w.org\/{rel}","templated":true}]}}