{"id":29844,"date":"2021-08-15T13:26:04","date_gmt":"2021-08-15T19:26:04","guid":{"rendered":"http:\/\/bambapolitica.com.mx\/?p=29844"},"modified":"2021-08-15T13:26:07","modified_gmt":"2021-08-15T19:26:07","slug":"diversidad-sexual-ixtapaluca-asiste-en-cambio-de-identidad-de-genero","status":"publish","type":"post","link":"https:\/\/bambapolitica.com.mx\/index.php\/2021\/08\/15\/diversidad-sexual-ixtapaluca-asiste-en-cambio-de-identidad-de-genero\/","title":{"rendered":"Diversidad Sexual Ixtapaluca asiste en cambio de identidad de g\u00e9nero"},"content":{"rendered":"\n<p class=\"has-medium-font-size\">**Luego de las reformas al C\u00f3digo Civil mexiquense, se ofrecer\u00e1 el apoyo a quienes cumplan con los requisitos para el cambio en el acta de nacimiento<\/p>\n\n\n\n<figure class=\"wp-block-gallery aligncenter columns-1 is-cropped wp-block-gallery-1 is-layout-flex wp-block-gallery-is-layout-flex\"><ul class=\"blocks-gallery-grid\"><li class=\"blocks-gallery-item\"><figure><img loading=\"lazy\" decoding=\"async\" width=\"526\" height=\"716\" src=\"https:\/\/bambapolitica.com.mx\/wp-content\/uploads\/2021\/08\/1-10.jpg\" alt=\"\" data-id=\"29847\" data-full-url=\"https:\/\/bambapolitica.com.mx\/wp-content\/uploads\/2021\/08\/1-10.jpg\" data-link=\"https:\/\/bambapolitica.com.mx\/?attachment_id=29847\" class=\"wp-image-29847\" srcset=\"https:\/\/bambapolitica.com.mx\/wp-content\/uploads\/2021\/08\/1-10.jpg 526w, https:\/\/bambapolitica.com.mx\/wp-content\/uploads\/2021\/08\/1-10-220x300.jpg 220w, https:\/\/bambapolitica.com.mx\/wp-content\/uploads\/2021\/08\/1-10-107x146.jpg 107w, https:\/\/bambapolitica.com.mx\/wp-content\/uploads\/2021\/08\/1-10-37x50.jpg 37w, https:\/\/bambapolitica.com.mx\/wp-content\/uploads\/2021\/08\/1-10-55x75.jpg 55w\" sizes=\"auto, (max-width: 526px) 100vw, 526px\" \/><\/figure><\/li><li class=\"blocks-gallery-item\"><figure><img loading=\"lazy\" decoding=\"async\" width=\"1024\" height=\"620\" src=\"https:\/\/bambapolitica.com.mx\/wp-content\/uploads\/2021\/08\/22-1024x620.jpg\" alt=\"\" data-id=\"29848\" data-full-url=\"https:\/\/bambapolitica.com.mx\/wp-content\/uploads\/2021\/08\/22.jpg\" data-link=\"https:\/\/bambapolitica.com.mx\/?attachment_id=29848\" class=\"wp-image-29848\" srcset=\"https:\/\/bambapolitica.com.mx\/wp-content\/uploads\/2021\/08\/22-1024x620.jpg 1024w, https:\/\/bambapolitica.com.mx\/wp-content\/uploads\/2021\/08\/22-300x182.jpg 300w, https:\/\/bambapolitica.com.mx\/wp-content\/uploads\/2021\/08\/22-768x465.jpg 768w, https:\/\/bambapolitica.com.mx\/wp-content\/uploads\/2021\/08\/22-241x146.jpg 241w, https:\/\/bambapolitica.com.mx\/wp-content\/uploads\/2021\/08\/22-50x30.jpg 50w, https:\/\/bambapolitica.com.mx\/wp-content\/uploads\/2021\/08\/22-124x75.jpg 124w, https:\/\/bambapolitica.com.mx\/wp-content\/uploads\/2021\/08\/22.jpg 1280w\" sizes=\"auto, (max-width: 1024px) 100vw, 1024px\" \/><\/figure><\/li><li class=\"blocks-gallery-item\"><figure><img loading=\"lazy\" decoding=\"async\" width=\"1024\" height=\"502\" src=\"https:\/\/bambapolitica.com.mx\/wp-content\/uploads\/2021\/08\/2-7-1024x502.jpg\" alt=\"\" data-id=\"29849\" data-full-url=\"https:\/\/bambapolitica.com.mx\/wp-content\/uploads\/2021\/08\/2-7.jpg\" data-link=\"https:\/\/bambapolitica.com.mx\/?attachment_id=29849\" class=\"wp-image-29849\" srcset=\"https:\/\/bambapolitica.com.mx\/wp-content\/uploads\/2021\/08\/2-7-1024x502.jpg 1024w, https:\/\/bambapolitica.com.mx\/wp-content\/uploads\/2021\/08\/2-7-300x147.jpg 300w, https:\/\/bambapolitica.com.mx\/wp-content\/uploads\/2021\/08\/2-7-768x377.jpg 768w, https:\/\/bambapolitica.com.mx\/wp-content\/uploads\/2021\/08\/2-7-260x128.jpg 260w, https:\/\/bambapolitica.com.mx\/wp-content\/uploads\/2021\/08\/2-7-50x25.jpg 50w, https:\/\/bambapolitica.com.mx\/wp-content\/uploads\/2021\/08\/2-7-150x75.jpg 150w, https:\/\/bambapolitica.com.mx\/wp-content\/uploads\/2021\/08\/2-7.jpg 1280w\" sizes=\"auto, (max-width: 1024px) 100vw, 1024px\" \/><\/figure><\/li><\/ul><\/figure>\n\n\n\n<p class=\"has-medium-font-size\">La coordinaci\u00f3n de Diversidad Sexual Ixtapaluca da apoyo a quienes deseen hacer en sus actas de nacimiento la rectificaci\u00f3n del cambio de identidad de g\u00e9nero, y que cumplan con los requisitos establecidos, luego de la aprobaci\u00f3n a las reformas al C\u00f3digo Civil del Estado de M\u00e9xico en la LX Legislatura Mexiquense.<\/p>\n\n\n\n<p class=\"has-medium-font-size\">Paul Bryan Calvo Almonte, coordinador de Diversidad Sexual Ixtapaluca, dijo que esta nueva disposici\u00f3n es un gran avance para la poblaci\u00f3n LGBTTTIQ, luego de la ardua lucha para defender sus derechos y por ello este municipio dar\u00e1 el apoyo para orientar y apoyar en la realizaci\u00f3n de los tr\u00e1mites.<\/p>\n\n\n\n<p class=\"has-medium-font-size\">Detall\u00f3 que este proceso solo permitir\u00e1 homologar acta de nacimiento y CURP, por lo que las personas que soliciten esta ratificaci\u00f3n tendr\u00e1n que realizar el cambio del resto de su documentaci\u00f3n con las instancias correspondientes.<\/p>\n\n\n\n<p class=\"has-medium-font-size\">Para comenzar con el proceso de rectificaci\u00f3n de cambio de identidad de g\u00e9nero en el acta de nacimiento, inform\u00f3, se deben cumplir con los siguientes requisitos: tener la mayor\u00eda de edad, nacionalidad mexicana, haber nacido dentro del Estado de M\u00e9xico y haber sido registrado en Ixtapaluca, no contar con antecedentes penales, presentar la solicitud ante el oficial del registro civil.<\/p>\n\n\n\n<p class=\"has-medium-font-size\">Calvo Almonte explic\u00f3 que la documentaci\u00f3n que deber\u00e1 ser presentada es: identificaci\u00f3n oficial, acta de nacimiento (certificada), CURP, comprobante de domicilio no mayor a 3 meses.<\/p>\n\n\n\n<p class=\"has-medium-font-size\">La poblaci\u00f3n trans que quiera realizar su ratificaci\u00f3n de identidad de g\u00e9nero, puede acudir a las oficinas de direcci\u00f3n de Gobierno de lunes a viernes de 9 a 3 de la tarde, y los s\u00e1bados de 9 a 1, con su documentaci\u00f3n completa, donde se les asesorar\u00e1 y acompa\u00f1ar\u00e1 en dicho proceso.<\/p>\n\n\n\n<p class=\"has-medium-font-size\">En pr\u00f3ximas semanas se les har\u00e1 entrega de sus nuevas actas a la poblaci\u00f3n trans que ya inici\u00f3 con este proceso, a trav\u00e9s del Registro Civil y la coordinaci\u00f3n de Diversidad Sexual.<\/p>\n","protected":false},"excerpt":{"rendered":"<p>**Luego de las reformas al C\u00f3digo Civil mexiquense, se ofrecer\u00e1 el apoyo a quienes cumplan&#8230;<\/p>\n","protected":false},"author":4,"featured_media":29845,"comment_status":"closed","ping_status":"closed","sticky":false,"template":"","format":"standard","meta":{"footnotes":""},"categories":[4],"tags":[],"class_list":["post-29844","post","type-post","status-publish","format-standard","has-post-thumbnail","hentry","category-noticias-del-dia"],"_links":{"self":[{"href":"https:\/\/bambapolitica.com.mx\/index.php\/wp-json\/wp\/v2\/posts\/29844","targetHints":{"allow":["GET"]}}],"collection":[{"href":"https:\/\/bambapolitica.com.mx\/index.php\/wp-json\/wp\/v2\/posts"}],"about":[{"href":"https:\/\/bambapolitica.com.mx\/index.php\/wp-json\/wp\/v2\/types\/post"}],"author":[{"embeddable":true,"href":"https:\/\/bambapolitica.com.mx\/index.php\/wp-json\/wp\/v2\/users\/4"}],"replies":[{"embeddable":true,"href":"https:\/\/bambapolitica.com.mx\/index.php\/wp-json\/wp\/v2\/comments?post=29844"}],"version-history":[{"count":1,"href":"https:\/\/bambapolitica.com.mx\/index.php\/wp-json\/wp\/v2\/posts\/29844\/revisions"}],"predecessor-version":[{"id":29850,"href":"https:\/\/bambapolitica.com.mx\/index.php\/wp-json\/wp\/v2\/posts\/29844\/revisions\/29850"}],"wp:featuredmedia":[{"embeddable":true,"href":"https:\/\/bambapolitica.com.mx\/index.php\/wp-json\/wp\/v2\/media\/29845"}],"wp:attachment":[{"href":"https:\/\/bambapolitica.com.mx\/index.php\/wp-json\/wp\/v2\/media?parent=29844"}],"wp:term":[{"taxonomy":"category","embeddable":true,"href":"https:\/\/bambapolitica.com.mx\/index.php\/wp-json\/wp\/v2\/categories?post=29844"},{"taxonomy":"post_tag","embeddable":true,"href":"https:\/\/bambapolitica.com.mx\/index.php\/wp-json\/wp\/v2\/tags?post=29844"}],"curies":[{"name":"wp","href":"https:\/\/api.w.org\/{rel}","templated":true}]}}